{"id":7151,"date":"2021-11-04T17:16:57","date_gmt":"2021-11-04T17:16:57","guid":{"rendered":"https:\/\/capitaliafamiliar.es\/informes\/?p=7151"},"modified":"2021-11-04T17:16:57","modified_gmt":"2021-11-04T17:16:57","slug":"la-fed-inicia-el-tapering-pero-el-tono-flexible-de-su-mensaje-gusta-al-mercado","status":"publish","type":"post","link":"https:\/\/capitaliafamiliar.es\/informes\/2021\/11\/04\/la-fed-inicia-el-tapering-pero-el-tono-flexible-de-su-mensaje-gusta-al-mercado\/","title":{"rendered":"La Fed inicia el tapering, pero el tono flexible de su mensaje gusta al mercado"},"content":{"rendered":"<blockquote>\n<p style=\"text-align: justify;\"><span style=\"font-size: 16px;\"><strong>Informe diario del jueves, 4 de noviembre de 2021<\/strong><\/span><\/p>\n<\/blockquote>\n<p>&nbsp;<\/p>\n<p style=\"text-align: justify;\"><span style=\"font-size: 16px;\"><strong>La Fed inicia el <em>tapering<\/em>, pero el tono flexible de su mensaje gusta al mercado.<\/strong> La Reserva Federal anunci\u00f3 de manera oficial el inicio del <em>tapering<\/em> en su reuni\u00f3n de ayer, confirmando lo que ya se hab\u00eda planteado en el seno de la Fed seg\u00fan las actas de su reuni\u00f3n de los pasados 21 y 22 de septiembre. La autoridad monetaria opta por tanto por iniciar el tapering m\u00e1s temprano y poder hacerlo de manera m\u00e1s gradual. Las compras de activos se reducir\u00e1n en 15 mil millones de d\u00f3lares a finales de noviembre, tal y como se especulaba, pero a diferencia de otras ocasiones, no va a reducir las compras de manera fija. La Fed reducir\u00e1 sus compras en 15 mil millones en noviembre y en 15 mil millones adicionales en diciembre, pero a partir de entonces evaluar\u00e1 sus movimientos en funci\u00f3n de las condiciones econ\u00f3micas, pudiendo reducir, suspender o incluso volver a aumentar el volumen de las compras si fuera necesario. Este prudente y flexible proceder por parte de la Fed ha sido muy bien acogido por el mercado, ya que acota los riesgos en ambos sentidos: Cubri\u00e9ndose para evitar actuar demasiado tarde, pero con la posibilidad de ajustar el ritmo por si lo estuviera haciendo demasiado pronto. La Fed ha vuelto a insistir en el car\u00e1cter temporal de la subida de la inflaci\u00f3n, y ha definido dicha temporalidad como un efecto que no va a tener una influencia permanente sobre la tasa de inflaci\u00f3n de la econom\u00eda, es decir, que no se va a convertir en estructural. Tambi\u00e9n ha reconocido la mejor\u00eda del mercado laboral, aunque queda tiempo a\u00fan para recuperar la normalidad. Respecto a la posible relaci\u00f3n entre la subida de los salarios y de la inflaci\u00f3n, desde la Fed interpretan que la subida de los precios se debe fundamentalmente al cuello de botella en la cadena de suministros, por lo que la actual subida de los salarios no estar\u00eda teniendo un impacto directo sobre la inflaci\u00f3n. <strong>El mensaje de la Fed gust\u00f3 a las bolsas, que mantienen intacta la tendencia alcista, si bien no ser\u00eda descartable un <em>pullback<\/em> antes de prolongar las subidas. Mucha atenci\u00f3n a los datos de empleo del mes de octubre que se conocer\u00e1n ma\u00f1ana en Estados Unidos.<\/strong><\/span><\/p>\n<p style=\"text-align: justify;\"><span style=\"font-size: 16px;\"><strong>El Banco de Inglaterra mantuvo sin cambios los tipos de inter\u00e9s.<\/strong> En su reuni\u00f3n de hoy, la entidad reconoci\u00f3 los posibles efectos negativos de la r\u00e1pida subida de la inflaci\u00f3n, pero decidi\u00f3 (por ahora) mantener el precio del dinero con el voto favorable de 7 de los 9 consejeros.<\/span><\/p>\n<p style=\"text-align: justify;\"><span style=\"font-size: 16px;\"><strong>La OPEP+ no cede a la presi\u00f3n internacional y elevar\u00e1 la producci\u00f3n en 400 mil barriles diarios en diciembre, siguiendo su plan inicial.<\/strong> El c\u00e1rtel se aferra al plan marcado en la convenci\u00f3n de julio, y no ve razones para aumentar m\u00e1s la producci\u00f3n por ahora. Tras la noticia, tanto el precio del WTI como el del Brent se mantienen por encima de los 80 d\u00f3lares por barril.<\/span><\/p>\n<p style=\"text-align: justify;\"><span style=\"font-size: 16px;\"><strong>En el terreno macroecon\u00f3mico,<\/strong> las peticiones semanales de subsidio por desempleo contin\u00faan a la baja, situ\u00e1ndose en 269 mil frente a las 283 mil de la semana previa, mejorando ligeramente las previsiones. Por otro lado, el PMI del sector servicios de la Eurozona baj\u00f3 finalmente en octubre a 54.6 puntos desde los 56.4 del mes precedente.\u00a0<\/span><\/p>\n<p>&nbsp;<\/p>\n<p><img loading=\"lazy\" decoding=\"async\" data-attachment-id=\"7153\" data-permalink=\"https:\/\/capitaliafamiliar.es\/informes\/2021\/11\/04\/la-fed-inicia-el-tapering-pero-el-tono-flexible-de-su-mensaje-gusta-al-mercado\/rv-848\/\" data-orig-file=\"https:\/\/capitaliafamiliar.es\/informes\/wp-content\/uploads\/2021\/11\/RV-2.jpg\" data-orig-size=\"336,413\" data-comments-opened=\"0\" data-image-meta=\"{&quot;aperture&quot;:&quot;0&quot;,&quot;credit&quot;:&quot;&quot;,&quot;camera&quot;:&quot;&quot;,&quot;caption&quot;:&quot;&quot;,&quot;created_timestamp&quot;:&quot;0&quot;,&quot;copyright&quot;:&quot;&quot;,&quot;focal_length&quot;:&quot;0&quot;,&quot;iso&quot;:&quot;0&quot;,&quot;shutter_speed&quot;:&quot;0&quot;,&quot;title&quot;:&quot;&quot;,&quot;orientation&quot;:&quot;0&quot;}\" data-image-title=\"RV\" data-image-description=\"\" data-image-caption=\"\" data-large-file=\"https:\/\/capitaliafamiliar.es\/informes\/wp-content\/uploads\/2021\/11\/RV-2.jpg\" class=\"alignnone size-full wp-image-7153\" src=\"https:\/\/capitaliafamiliar.es\/informes\/wp-content\/uploads\/2021\/11\/RV-2.jpg\" alt=\"\" width=\"336\" height=\"413\" srcset=\"https:\/\/capitaliafamiliar.es\/informes\/wp-content\/uploads\/2021\/11\/RV-2.jpg 336w, https:\/\/capitaliafamiliar.es\/informes\/wp-content\/uploads\/2021\/11\/RV-2-244x300.jpg 244w\" sizes=\"(max-width: 336px) 100vw, 336px\" \/><img loading=\"lazy\" decoding=\"async\" data-attachment-id=\"7154\" data-permalink=\"https:\/\/capitaliafamiliar.es\/informes\/2021\/11\/04\/la-fed-inicia-el-tapering-pero-el-tono-flexible-de-su-mensaje-gusta-al-mercado\/rf-844\/\" data-orig-file=\"https:\/\/capitaliafamiliar.es\/informes\/wp-content\/uploads\/2021\/11\/RF-2.jpg\" data-orig-size=\"299,353\" data-comments-opened=\"0\" data-image-meta=\"{&quot;aperture&quot;:&quot;0&quot;,&quot;credit&quot;:&quot;&quot;,&quot;camera&quot;:&quot;&quot;,&quot;caption&quot;:&quot;&quot;,&quot;created_timestamp&quot;:&quot;0&quot;,&quot;copyright&quot;:&quot;&quot;,&quot;focal_length&quot;:&quot;0&quot;,&quot;iso&quot;:&quot;0&quot;,&quot;shutter_speed&quot;:&quot;0&quot;,&quot;title&quot;:&quot;&quot;,&quot;orientation&quot;:&quot;0&quot;}\" data-image-title=\"RF\" data-image-description=\"\" data-image-caption=\"\" data-large-file=\"https:\/\/capitaliafamiliar.es\/informes\/wp-content\/uploads\/2021\/11\/RF-2.jpg\" class=\"alignnone size-full wp-image-7154\" src=\"https:\/\/capitaliafamiliar.es\/informes\/wp-content\/uploads\/2021\/11\/RF-2.jpg\" alt=\"\" width=\"299\" height=\"353\" srcset=\"https:\/\/capitaliafamiliar.es\/informes\/wp-content\/uploads\/2021\/11\/RF-2.jpg 299w, https:\/\/capitaliafamiliar.es\/informes\/wp-content\/uploads\/2021\/11\/RF-2-254x300.jpg 254w\" sizes=\"(max-width: 299px) 100vw, 299px\" \/><\/p>\n<p>&nbsp;<\/p>\n<p><strong>| Agenda para ma\u00f1ana |<\/strong><\/p>\n<p><img loading=\"lazy\" decoding=\"async\" data-attachment-id=\"7152\" data-permalink=\"https:\/\/capitaliafamiliar.es\/informes\/2021\/11\/04\/la-fed-inicia-el-tapering-pero-el-tono-flexible-de-su-mensaje-gusta-al-mercado\/ag-569\/\" data-orig-file=\"https:\/\/capitaliafamiliar.es\/informes\/wp-content\/uploads\/2021\/11\/AG-2.jpg\" data-orig-size=\"687,183\" data-comments-opened=\"0\" data-image-meta=\"{&quot;aperture&quot;:&quot;0&quot;,&quot;credit&quot;:&quot;&quot;,&quot;camera&quot;:&quot;&quot;,&quot;caption&quot;:&quot;&quot;,&quot;created_timestamp&quot;:&quot;0&quot;,&quot;copyright&quot;:&quot;&quot;,&quot;focal_length&quot;:&quot;0&quot;,&quot;iso&quot;:&quot;0&quot;,&quot;shutter_speed&quot;:&quot;0&quot;,&quot;title&quot;:&quot;&quot;,&quot;orientation&quot;:&quot;0&quot;}\" data-image-title=\"AG\" data-image-description=\"\" data-image-caption=\"\" data-large-file=\"https:\/\/capitaliafamiliar.es\/informes\/wp-content\/uploads\/2021\/11\/AG-2.jpg\" class=\"alignnone size-full wp-image-7152\" src=\"https:\/\/capitaliafamiliar.es\/informes\/wp-content\/uploads\/2021\/11\/AG-2.jpg\" alt=\"\" width=\"687\" height=\"183\" srcset=\"https:\/\/capitaliafamiliar.es\/informes\/wp-content\/uploads\/2021\/11\/AG-2.jpg 687w, https:\/\/capitaliafamiliar.es\/informes\/wp-content\/uploads\/2021\/11\/AG-2-300x80.jpg 300w\" sizes=\"(max-width: 687px) 100vw, 687px\" \/><\/p>\n<p>&nbsp;<\/p>\n<p>&nbsp;<\/p>\n<p style=\"text-align: center;\"><strong>Solicite informaci\u00f3n sobre nuestros servicios de asesoramiento financiero<\/strong><\/p>\n<p style=\"text-align: center;\">Si necesita ayuda para el cuidado de su patrimonio, no dude en ponerse en contacto con nosotros,<\/p>\n<p style=\"text-align: center;\">sin compromiso.<\/p>\n<p style=\"text-align: center;\">Tel\u00e9fono:\u00a0\u00a0 91 770\u00a0 22 84<\/p>\n<p style=\"text-align: center;\">Correo electr\u00f3nico:\u00a0\u00a0 capitaliafamiliar@capitaliafamiliar.es<\/p>\n","protected":false},"excerpt":{"rendered":"<p>Informe diario del jueves, 4 de noviembre de 2021 &nbsp; La Fed inicia el tapering, pero el tono flexible de su mensaje gusta al mercado. La Reserva Federal anunci&oacute; de manera oficial el inicio del tapering en su reuni&oacute;n de ayer, confirmando lo que ya se hab&iacute;a planteado en el seno de la Fed seg&uacute;n [&hellip;]<\/p>\n","protected":false},"author":2,"featured_media":2525,"comment_status":"closed","ping_status":"closed","sticky":false,"template":"","format":"standard","meta":{"_et_pb_use_builder":"","_et_pb_old_content":"","_et_gb_content_width":"","jetpack_post_was_ever_published":false,"_jetpack_newsletter_access":"","_jetpack_dont_email_post_to_subs":false,"_jetpack_newsletter_tier_id":0,"_jetpack_memberships_contains_paywalled_content":false,"_jetpack_memberships_contains_paid_content":false,"footnotes":""},"categories":[1],"tags":[],"class_list":["post-7151","post","type-post","status-publish","format-standard","has-post-thumbnail","hentry","category-informediario"],"jetpack_featured_media_url":"https:\/\/capitaliafamiliar.es\/informes\/wp-content\/uploads\/2019\/08\/informediario2.png","jetpack_shortlink":"https:\/\/wp.me\/pa2IGq-1Rl","jetpack-related-posts":[{"id":7136,"url":"https:\/\/capitaliafamiliar.es\/informes\/2021\/11\/02\/la-fed-pondra-a-prueba-a-unos-mercados-que-quieren-mantener-la-tendencia-alcista\/","url_meta":{"origin":7151,"position":0},"title":"La Fed pondr\u00e1 a prueba a unos mercados que quieren mantener la tendencia alcista","author":"Capitalia Familiar","date":"2 de noviembre de 2021","format":false,"excerpt":"Informe diario del martes, 2 de noviembre de 2021 \u00a0 La Fed pondr\u00e1 a prueba a unos mercados que quieren mantener la tendencia alcista. La esperada reuni\u00f3n de la Reserva Federal llega en un momento dulce para los mercados, que apoyados en la positiva campa\u00f1a de resultados del tercer trimestre,\u2026","rel":"","context":"En \u00abInforme Diario\u00bb","block_context":{"text":"Informe Diario","link":"https:\/\/capitaliafamiliar.es\/informes\/category\/informediario\/"},"img":{"alt_text":"","src":"https:\/\/i0.wp.com\/capitaliafamiliar.es\/informes\/wp-content\/uploads\/2019\/08\/informediario2.png?resize=350%2C200&ssl=1","width":350,"height":200,"srcset":"https:\/\/i0.wp.com\/capitaliafamiliar.es\/informes\/wp-content\/uploads\/2019\/08\/informediario2.png?resize=350%2C200&ssl=1 1x, https:\/\/i0.wp.com\/capitaliafamiliar.es\/informes\/wp-content\/uploads\/2019\/08\/informediario2.png?resize=525%2C300&ssl=1 1.5x, https:\/\/i0.wp.com\/capitaliafamiliar.es\/informes\/wp-content\/uploads\/2019\/08\/informediario2.png?resize=700%2C400&ssl=1 2x"},"classes":[]},{"id":6705,"url":"https:\/\/capitaliafamiliar.es\/informes\/2021\/08\/19\/informe-diario-jueves-19-de-agosto-de-2021\/","url_meta":{"origin":7151,"position":1},"title":"Informe Diario  Jueves, 19 de agosto de 2021","author":"Capitalia Familiar","date":"19 de agosto de 2021","format":false,"excerpt":"Las actas de la Fed devuelven la incertidumbre a los mercados... Las actas de la Fed devuelven la incertidumbre a los mercados. Las actas de la \u00faltima reuni\u00f3n de la Reserva Federal, celebrada los pasados 27 y 28 de julio, revelaron que el inicio del tapering est\u00e1 muy cerca, pero\u2026","rel":"","context":"En \u00abInforme Diario\u00bb","block_context":{"text":"Informe Diario","link":"https:\/\/capitaliafamiliar.es\/informes\/category\/informediario\/"},"img":{"alt_text":"","src":"https:\/\/i0.wp.com\/capitaliafamiliar.es\/informes\/wp-content\/uploads\/2019\/08\/informediario2.png?resize=350%2C200&ssl=1","width":350,"height":200,"srcset":"https:\/\/i0.wp.com\/capitaliafamiliar.es\/informes\/wp-content\/uploads\/2019\/08\/informediario2.png?resize=350%2C200&ssl=1 1x, https:\/\/i0.wp.com\/capitaliafamiliar.es\/informes\/wp-content\/uploads\/2019\/08\/informediario2.png?resize=525%2C300&ssl=1 1.5x, https:\/\/i0.wp.com\/capitaliafamiliar.es\/informes\/wp-content\/uploads\/2019\/08\/informediario2.png?resize=700%2C400&ssl=1 2x"},"classes":[]},{"id":7021,"url":"https:\/\/capitaliafamiliar.es\/informes\/2021\/10\/14\/informe-diario-jueves-14-de-octubre-de-2021\/","url_meta":{"origin":7151,"position":2},"title":"Informe Diario  Jueves, 14 de octubre de 2021","author":"Capitalia Familiar","date":"14 de octubre de 2021","format":false,"excerpt":"Los planes de la Fed confirman nuestras expectativas y dan tranquilidad a los mercados... \u00a0 Los planes de la Fed confirman nuestras expectativas y dan tranquilidad a los mercados. Las actas de la \u00faltima reuni\u00f3n de la Reserva Federal, publicadas anoche, vinieron a aportar esa mayor claridad que los mercados\u2026","rel":"","context":"En \u00abInforme Diario\u00bb","block_context":{"text":"Informe Diario","link":"https:\/\/capitaliafamiliar.es\/informes\/category\/informediario\/"},"img":{"alt_text":"","src":"https:\/\/i0.wp.com\/capitaliafamiliar.es\/informes\/wp-content\/uploads\/2019\/08\/informediario2.png?resize=350%2C200&ssl=1","width":350,"height":200,"srcset":"https:\/\/i0.wp.com\/capitaliafamiliar.es\/informes\/wp-content\/uploads\/2019\/08\/informediario2.png?resize=350%2C200&ssl=1 1x, https:\/\/i0.wp.com\/capitaliafamiliar.es\/informes\/wp-content\/uploads\/2019\/08\/informediario2.png?resize=525%2C300&ssl=1 1.5x, https:\/\/i0.wp.com\/capitaliafamiliar.es\/informes\/wp-content\/uploads\/2019\/08\/informediario2.png?resize=700%2C400&ssl=1 2x"},"classes":[]},{"id":6832,"url":"https:\/\/capitaliafamiliar.es\/informes\/2021\/09\/09\/informe-diario-jueves-9-de-septiembre-de-2021\/","url_meta":{"origin":7151,"position":3},"title":"Informe Diario  Jueves, 9 de septiembre de 2021","author":"Capitalia Familiar","date":"9 de septiembre de 2021","format":false,"excerpt":"El BCE no se la juega: Reajuste en el programa de compra de activos, tapering todav\u00eda no.... \u00a0 El BCE no se la juega: Reajuste en el programa de compra de activos, tapering todav\u00eda no. El Banco Central Europeo adopt\u00f3 en su reuni\u00f3n de hoy la decisi\u00f3n de recalibrar el\u2026","rel":"","context":"En \u00abInforme Diario\u00bb","block_context":{"text":"Informe Diario","link":"https:\/\/capitaliafamiliar.es\/informes\/category\/informediario\/"},"img":{"alt_text":"","src":"https:\/\/i0.wp.com\/capitaliafamiliar.es\/informes\/wp-content\/uploads\/2019\/08\/informediario2.png?resize=350%2C200&ssl=1","width":350,"height":200,"srcset":"https:\/\/i0.wp.com\/capitaliafamiliar.es\/informes\/wp-content\/uploads\/2019\/08\/informediario2.png?resize=350%2C200&ssl=1 1x, https:\/\/i0.wp.com\/capitaliafamiliar.es\/informes\/wp-content\/uploads\/2019\/08\/informediario2.png?resize=525%2C300&ssl=1 1.5x, https:\/\/i0.wp.com\/capitaliafamiliar.es\/informes\/wp-content\/uploads\/2019\/08\/informediario2.png?resize=700%2C400&ssl=1 2x"},"classes":[]},{"id":7142,"url":"https:\/\/capitaliafamiliar.es\/informes\/2021\/11\/03\/el-reto-de-la-fed-sera-mantener-el-equilibrio-entre-crecimiento-economico-y-control-de-la-inflacion\/","url_meta":{"origin":7151,"position":4},"title":"El reto de la Fed ser\u00e1 mantener el equilibrio entre crecimiento econ\u00f3mico y control de la inflaci\u00f3n","author":"Capitalia Familiar","date":"3 de noviembre de 2021","format":false,"excerpt":"Informe diario del mi\u00e9rcoles, 3 de noviembre de 2021 \u00a0 El reto de la Fed ser\u00e1 mantener el equilibrio entre crecimiento econ\u00f3mico y control de la inflaci\u00f3n. La reuni\u00f3n de la Reserva Federal deber\u00eda traer pocas sorpresas en lo que a decisiones de pol\u00edtica monetaria se refiere, ya que est\u00e1\u2026","rel":"","context":"En \u00abInforme Diario\u00bb","block_context":{"text":"Informe Diario","link":"https:\/\/capitaliafamiliar.es\/informes\/category\/informediario\/"},"img":{"alt_text":"","src":"https:\/\/i0.wp.com\/capitaliafamiliar.es\/informes\/wp-content\/uploads\/2019\/08\/informediario2.png?resize=350%2C200&ssl=1","width":350,"height":200,"srcset":"https:\/\/i0.wp.com\/capitaliafamiliar.es\/informes\/wp-content\/uploads\/2019\/08\/informediario2.png?resize=350%2C200&ssl=1 1x, https:\/\/i0.wp.com\/capitaliafamiliar.es\/informes\/wp-content\/uploads\/2019\/08\/informediario2.png?resize=525%2C300&ssl=1 1.5x, https:\/\/i0.wp.com\/capitaliafamiliar.es\/informes\/wp-content\/uploads\/2019\/08\/informediario2.png?resize=700%2C400&ssl=1 2x"},"classes":[]},{"id":6608,"url":"https:\/\/capitaliafamiliar.es\/informes\/2021\/07\/29\/informe-diario-jueves-29-de-julio-de-2021\/","url_meta":{"origin":7151,"position":5},"title":"Informe Diario  Jueves, 29 de julio de 2021","author":"Capitalia Familiar","date":"29 de julio de 2021","format":false,"excerpt":"La Reserva Federal permite al mercado mantener el pulso del rebote... La Reserva Federal permite al mercado mantener el pulso del rebote. No hubo cambios significativos en el comunicado de la Reserva Federal. La autoridad monetaria reconoci\u00f3 progresos en el mercado laboral y en la inflaci\u00f3n, pero no endureci\u00f3 su\u2026","rel":"","context":"En \u00abInforme Diario\u00bb","block_context":{"text":"Informe Diario","link":"https:\/\/capitaliafamiliar.es\/informes\/category\/informediario\/"},"img":{"alt_text":"","src":"https:\/\/i0.wp.com\/capitaliafamiliar.es\/informes\/wp-content\/uploads\/2019\/08\/informediario2.png?resize=350%2C200&ssl=1","width":350,"height":200,"srcset":"https:\/\/i0.wp.com\/capitaliafamiliar.es\/informes\/wp-content\/uploads\/2019\/08\/informediario2.png?resize=350%2C200&ssl=1 1x, https:\/\/i0.wp.com\/capitaliafamiliar.es\/informes\/wp-content\/uploads\/2019\/08\/informediario2.png?resize=525%2C300&ssl=1 1.5x, https:\/\/i0.wp.com\/capitaliafamiliar.es\/informes\/wp-content\/uploads\/2019\/08\/informediario2.png?resize=700%2C400&ssl=1 2x"},"classes":[]}],"jetpack_sharing_enabled":true,"_links":{"self":[{"href":"https:\/\/capitaliafamiliar.es\/informes\/wp-json\/wp\/v2\/posts\/7151","targetHints":{"allow":["GET"]}}],"collection":[{"href":"https:\/\/capitaliafamiliar.es\/informes\/wp-json\/wp\/v2\/posts"}],"about":[{"href":"https:\/\/capitaliafamiliar.es\/informes\/wp-json\/wp\/v2\/types\/post"}],"author":[{"embeddable":true,"href":"https:\/\/capitaliafamiliar.es\/informes\/wp-json\/wp\/v2\/users\/2"}],"replies":[{"embeddable":true,"href":"https:\/\/capitaliafamiliar.es\/informes\/wp-json\/wp\/v2\/comments?post=7151"}],"version-history":[{"count":1,"href":"https:\/\/capitaliafamiliar.es\/informes\/wp-json\/wp\/v2\/posts\/7151\/revisions"}],"predecessor-version":[{"id":7155,"href":"https:\/\/capitaliafamiliar.es\/informes\/wp-json\/wp\/v2\/posts\/7151\/revisions\/7155"}],"wp:featuredmedia":[{"embeddable":true,"href":"https:\/\/capitaliafamiliar.es\/informes\/wp-json\/wp\/v2\/media\/2525"}],"wp:attachment":[{"href":"https:\/\/capitaliafamiliar.es\/informes\/wp-json\/wp\/v2\/media?parent=7151"}],"wp:term":[{"taxonomy":"category","embeddable":true,"href":"https:\/\/capitaliafamiliar.es\/informes\/wp-json\/wp\/v2\/categories?post=7151"},{"taxonomy":"post_tag","embeddable":true,"href":"https:\/\/capitaliafamiliar.es\/informes\/wp-json\/wp\/v2\/tags?post=7151"}],"curies":[{"name":"wp","href":"https:\/\/api.w.org\/{rel}","templated":true}]}}