{"id":7218,"date":"2021-11-18T16:57:42","date_gmt":"2021-11-18T16:57:42","guid":{"rendered":"https:\/\/capitaliafamiliar.es\/informes\/?p=7218"},"modified":"2021-11-18T17:06:47","modified_gmt":"2021-11-18T17:06:47","slug":"biden-reta-a-la-opep-disenando-una-accion-coordinada-entre-los-principales-paises-consumidores-para-frenar-el-alza-del-crudo","status":"publish","type":"post","link":"https:\/\/capitaliafamiliar.es\/informes\/2021\/11\/18\/biden-reta-a-la-opep-disenando-una-accion-coordinada-entre-los-principales-paises-consumidores-para-frenar-el-alza-del-crudo\/","title":{"rendered":"Biden reta a la OPEP+ dise\u00f1ando una acci\u00f3n coordinada entre los principales pa\u00edses consumidores para frenar el alza del crudo"},"content":{"rendered":"<blockquote>\n<p style=\"text-align: justify;\"><span style=\"font-size: 16px;\"><strong>Informe diario del jueves, 18 de noviembre de 2021<\/strong><\/span><\/p>\n<\/blockquote>\n<p>&nbsp;<\/p>\n<p style=\"text-align: justify;\"><span style=\"font-size: 16px;\"><strong>Biden reta a la OPEP+ dise\u00f1ando una acci\u00f3n coordinada entre los principales pa\u00edses consumidores para frenar el alza del crudo.<\/strong> El presidente estadounidense estar\u00eda buscando una alianza de pa\u00edses consumidores junto a China, India, Jap\u00f3n entre otros, para poner en el mercado parte de las reservas estrat\u00e9gicas y frenar as\u00ed el alza de los precios del crudo, responsable de una parte de la subida de la inflaci\u00f3n y que podr\u00eda comprometer la recuperaci\u00f3n econ\u00f3mica. China ha recogido el guante y ya ha puesto en el mercado parte de sus reservas, apoyando as\u00ed el plan de Biden, que con sus acciones de los \u00faltimos d\u00edas ya ha logrado que el precio del barril WTI se aleje casi un 10% de sus m\u00e1ximos anuales.<\/span><\/p>\n<p style=\"text-align: justify;\"><span style=\"font-size: 16px;\"><strong>Dudas en los mercados: Los signos de debilidad en buena parte de los valores amenazan la tranquilidad de la consolidaci\u00f3n.<\/strong> La tranquilidad que observ\u00e1bamos en sesiones precedentes en las bolsas comienza a desvanecerse. Por dentro del mercado estamos observando debilidad en algunos valores, incapaces de superar resistencias, y cierta inestabilidad en aquellos m\u00e1s penalizados en esta fase de consolidaci\u00f3n. Esto podr\u00eda acabar desembocando en un movimiento correctivo de corto plazo que nos llevara a testar los soportes (anterior zona de m\u00e1ximos en los principales \u00edndices) para comprobar la fortaleza del movimiento alcista. De hecho, algunos \u00edndices, caso del Russell 2000, ya est\u00e1n cerca de dichos niveles, por lo que la posibilidad de que se produzca un <em>pullback<\/em> hacia soportes en los \u00edndices burs\u00e1tiles m\u00e1s relevantes ha aumentado en las \u00faltimas horas.<\/span><\/p>\n<p style=\"text-align: justify;\"><span style=\"font-size: 16px;\"><strong>En el terreno macroecon\u00f3mico,<\/strong> en Estados Unidos el \u00edndice manufacturero de la Fed de Filadelfia super\u00f3 las previsiones al situarse en noviembre en 39.0 enteros desde los 23.8 anteriores, cifra muy superior a los 24.0 puntos que descontaba el mercado. Por otro lado, las peticiones semanales de subsidio por desempleo se situaron en 268 mil, cifra muy similar al dato anterior.<\/span><\/p>\n<p>&nbsp;<\/p>\n<p><img loading=\"lazy\" decoding=\"async\" data-attachment-id=\"7221\" data-permalink=\"https:\/\/capitaliafamiliar.es\/informes\/2021\/11\/18\/biden-reta-a-la-opep-disenando-una-accion-coordinada-entre-los-principales-paises-consumidores-para-frenar-el-alza-del-crudo\/rv-857\/\" data-orig-file=\"https:\/\/capitaliafamiliar.es\/informes\/wp-content\/uploads\/2021\/11\/RV-11.jpg\" data-orig-size=\"336,413\" data-comments-opened=\"0\" data-image-meta=\"{&quot;aperture&quot;:&quot;0&quot;,&quot;credit&quot;:&quot;&quot;,&quot;camera&quot;:&quot;&quot;,&quot;caption&quot;:&quot;&quot;,&quot;created_timestamp&quot;:&quot;0&quot;,&quot;copyright&quot;:&quot;&quot;,&quot;focal_length&quot;:&quot;0&quot;,&quot;iso&quot;:&quot;0&quot;,&quot;shutter_speed&quot;:&quot;0&quot;,&quot;title&quot;:&quot;&quot;,&quot;orientation&quot;:&quot;0&quot;}\" data-image-title=\"RV\" data-image-description=\"\" data-image-caption=\"\" data-large-file=\"https:\/\/capitaliafamiliar.es\/informes\/wp-content\/uploads\/2021\/11\/RV-11.jpg\" class=\"alignnone size-full wp-image-7221\" src=\"https:\/\/capitaliafamiliar.es\/informes\/wp-content\/uploads\/2021\/11\/RV-11.jpg\" alt=\"\" width=\"336\" height=\"413\" srcset=\"https:\/\/capitaliafamiliar.es\/informes\/wp-content\/uploads\/2021\/11\/RV-11.jpg 336w, https:\/\/capitaliafamiliar.es\/informes\/wp-content\/uploads\/2021\/11\/RV-11-244x300.jpg 244w\" sizes=\"(max-width: 336px) 100vw, 336px\" \/><img loading=\"lazy\" decoding=\"async\" data-attachment-id=\"7222\" data-permalink=\"https:\/\/capitaliafamiliar.es\/informes\/2021\/11\/18\/biden-reta-a-la-opep-disenando-una-accion-coordinada-entre-los-principales-paises-consumidores-para-frenar-el-alza-del-crudo\/rf-853\/\" data-orig-file=\"https:\/\/capitaliafamiliar.es\/informes\/wp-content\/uploads\/2021\/11\/RF-11.jpg\" data-orig-size=\"299,353\" data-comments-opened=\"0\" data-image-meta=\"{&quot;aperture&quot;:&quot;0&quot;,&quot;credit&quot;:&quot;&quot;,&quot;camera&quot;:&quot;&quot;,&quot;caption&quot;:&quot;&quot;,&quot;created_timestamp&quot;:&quot;0&quot;,&quot;copyright&quot;:&quot;&quot;,&quot;focal_length&quot;:&quot;0&quot;,&quot;iso&quot;:&quot;0&quot;,&quot;shutter_speed&quot;:&quot;0&quot;,&quot;title&quot;:&quot;&quot;,&quot;orientation&quot;:&quot;0&quot;}\" data-image-title=\"RF\" data-image-description=\"\" data-image-caption=\"\" data-large-file=\"https:\/\/capitaliafamiliar.es\/informes\/wp-content\/uploads\/2021\/11\/RF-11.jpg\" class=\"alignnone size-full wp-image-7222\" src=\"https:\/\/capitaliafamiliar.es\/informes\/wp-content\/uploads\/2021\/11\/RF-11.jpg\" alt=\"\" width=\"299\" height=\"353\" srcset=\"https:\/\/capitaliafamiliar.es\/informes\/wp-content\/uploads\/2021\/11\/RF-11.jpg 299w, https:\/\/capitaliafamiliar.es\/informes\/wp-content\/uploads\/2021\/11\/RF-11-254x300.jpg 254w\" sizes=\"(max-width: 299px) 100vw, 299px\" \/><\/p>\n<p>&nbsp;<\/p>\n<p><strong>| Agenda para ma\u00f1ana |<\/strong><\/p>\n<p><img loading=\"lazy\" decoding=\"async\" data-attachment-id=\"7219\" data-permalink=\"https:\/\/capitaliafamiliar.es\/informes\/2021\/11\/18\/biden-reta-a-la-opep-disenando-una-accion-coordinada-entre-los-principales-paises-consumidores-para-frenar-el-alza-del-crudo\/ag-578\/\" data-orig-file=\"https:\/\/capitaliafamiliar.es\/informes\/wp-content\/uploads\/2021\/11\/AG-11.jpg\" data-orig-size=\"687,105\" data-comments-opened=\"0\" data-image-meta=\"{&quot;aperture&quot;:&quot;0&quot;,&quot;credit&quot;:&quot;&quot;,&quot;camera&quot;:&quot;&quot;,&quot;caption&quot;:&quot;&quot;,&quot;created_timestamp&quot;:&quot;0&quot;,&quot;copyright&quot;:&quot;&quot;,&quot;focal_length&quot;:&quot;0&quot;,&quot;iso&quot;:&quot;0&quot;,&quot;shutter_speed&quot;:&quot;0&quot;,&quot;title&quot;:&quot;&quot;,&quot;orientation&quot;:&quot;0&quot;}\" data-image-title=\"AG\" data-image-description=\"\" data-image-caption=\"\" data-large-file=\"https:\/\/capitaliafamiliar.es\/informes\/wp-content\/uploads\/2021\/11\/AG-11.jpg\" class=\"alignnone size-full wp-image-7219\" src=\"https:\/\/capitaliafamiliar.es\/informes\/wp-content\/uploads\/2021\/11\/AG-11.jpg\" alt=\"\" width=\"687\" height=\"105\" srcset=\"https:\/\/capitaliafamiliar.es\/informes\/wp-content\/uploads\/2021\/11\/AG-11.jpg 687w, https:\/\/capitaliafamiliar.es\/informes\/wp-content\/uploads\/2021\/11\/AG-11-300x46.jpg 300w\" sizes=\"(max-width: 687px) 100vw, 687px\" \/><\/p>\n<p>&nbsp;<\/p>\n<p>&nbsp;<\/p>\n<p style=\"text-align: center;\"><strong>Solicite informaci\u00f3n sobre nuestros servicios de asesoramiento financiero<\/strong><\/p>\n<p style=\"text-align: center;\">Si necesita ayuda para el cuidado de su patrimonio, no dude en ponerse en contacto con nosotros,<\/p>\n<p style=\"text-align: center;\">sin compromiso.<\/p>\n<p style=\"text-align: center;\">Tel\u00e9fono:\u00a0\u00a0 91 770\u00a0 22 84<\/p>\n<p style=\"text-align: center;\">Correo electr\u00f3nico:\u00a0\u00a0 capitaliafamiliar@capitaliafamiliar.es<\/p>\n","protected":false},"excerpt":{"rendered":"<p>Informe diario del jueves, 18 de noviembre de 2021 &nbsp; Biden reta a la OPEP+ dise&ntilde;ando una acci&oacute;n coordinada entre los principales pa&iacute;ses consumidores para frenar el alza del crudo. El presidente estadounidense estar&iacute;a buscando una alianza de pa&iacute;ses consumidores junto a China, India, Jap&oacute;n entre otros, para poner en el mercado parte de las [&hellip;]<\/p>\n","protected":false},"author":2,"featured_media":2525,"comment_status":"closed","ping_status":"closed","sticky":false,"template":"","format":"standard","meta":{"_et_pb_use_builder":"","_et_pb_old_content":"","_et_gb_content_width":"","jetpack_post_was_ever_published":false,"_jetpack_newsletter_access":"","_jetpack_dont_email_post_to_subs":false,"_jetpack_newsletter_tier_id":0,"_jetpack_memberships_contains_paywalled_content":false,"_jetpack_memberships_contains_paid_content":false,"footnotes":""},"categories":[1],"tags":[],"class_list":["post-7218","post","type-post","status-publish","format-standard","has-post-thumbnail","hentry","category-informediario"],"jetpack_featured_media_url":"https:\/\/capitaliafamiliar.es\/informes\/wp-content\/uploads\/2019\/08\/informediario2.png","jetpack_shortlink":"https:\/\/wp.me\/pa2IGq-1Sq","jetpack-related-posts":[{"id":7252,"url":"https:\/\/capitaliafamiliar.es\/informes\/2021\/11\/24\/se-mantiene-la-dinamica-consolidativa-en-las-bolsas-oportunidad-de-compra-o-amenaza\/","url_meta":{"origin":7218,"position":0},"title":"Se mantiene la din\u00e1mica consolidativa en las bolsas, \u00bfoportunidad de compra o amenaza?","author":"Capitalia Familiar","date":"24 de noviembre de 2021","format":false,"excerpt":"Informe diario del mi\u00e9rcoles, 24 de noviembre de 2021 \u00a0 Se mantiene la din\u00e1mica consolidativa en las bolsas, \u00bfoportunidad de compra o amenaza? La situaci\u00f3n de la pandemia en Europa y la subida de los tipos de inter\u00e9s de mercado contin\u00faan centrando la atenci\u00f3n de los mercados. En Alemania, el\u2026","rel":"","context":"En \u00abInforme Diario\u00bb","block_context":{"text":"Informe Diario","link":"https:\/\/capitaliafamiliar.es\/informes\/category\/informediario\/"},"img":{"alt_text":"","src":"https:\/\/i0.wp.com\/capitaliafamiliar.es\/informes\/wp-content\/uploads\/2019\/08\/informediario2.png?resize=350%2C200&ssl=1","width":350,"height":200,"srcset":"https:\/\/i0.wp.com\/capitaliafamiliar.es\/informes\/wp-content\/uploads\/2019\/08\/informediario2.png?resize=350%2C200&ssl=1 1x, https:\/\/i0.wp.com\/capitaliafamiliar.es\/informes\/wp-content\/uploads\/2019\/08\/informediario2.png?resize=525%2C300&ssl=1 1.5x, https:\/\/i0.wp.com\/capitaliafamiliar.es\/informes\/wp-content\/uploads\/2019\/08\/informediario2.png?resize=700%2C400&ssl=1 2x"},"classes":[]},{"id":7236,"url":"https:\/\/capitaliafamiliar.es\/informes\/2021\/11\/22\/la-reeleccion-de-powell-al-frente-de-la-fed-centra-la-atencion-de-las-bolsas-que-se-olvidan-por-el-momento-del-avance-del-covid-19-en-europa\/","url_meta":{"origin":7218,"position":1},"title":"La reelecci\u00f3n de Powell al frente de la Fed centra la atenci\u00f3n de las bolsas, que se olvidan por el momento del avance del Covid-19 en Europa","author":"Capitalia Familiar","date":"22 de noviembre de 2021","format":false,"excerpt":"Informe diario del lunes, 22 de noviembre de 2021 \u00a0 La reelecci\u00f3n de Powell al frente de la Fed centra la atenci\u00f3n de las bolsas, que se olvidan por el momento del avance del Covid-19 en Europa. Pese a que en las \u00faltimas semanas se hab\u00eda especulado que Joe Biden\u2026","rel":"","context":"En \u00abInforme Diario\u00bb","block_context":{"text":"Informe Diario","link":"https:\/\/capitaliafamiliar.es\/informes\/category\/informediario\/"},"img":{"alt_text":"","src":"https:\/\/i0.wp.com\/capitaliafamiliar.es\/informes\/wp-content\/uploads\/2019\/08\/informediario2.png?resize=350%2C200&ssl=1","width":350,"height":200,"srcset":"https:\/\/i0.wp.com\/capitaliafamiliar.es\/informes\/wp-content\/uploads\/2019\/08\/informediario2.png?resize=350%2C200&ssl=1 1x, https:\/\/i0.wp.com\/capitaliafamiliar.es\/informes\/wp-content\/uploads\/2019\/08\/informediario2.png?resize=525%2C300&ssl=1 1.5x, https:\/\/i0.wp.com\/capitaliafamiliar.es\/informes\/wp-content\/uploads\/2019\/08\/informediario2.png?resize=700%2C400&ssl=1 2x"},"classes":[]},{"id":234,"url":"https:\/\/capitaliafamiliar.es\/informes\/2018\/07\/16\/informe-diario-lunes-16-de-julio-de-2018\/","url_meta":{"origin":7218,"position":2},"title":"Informe Diario  Lunes, 16 de julio de 2018","author":"Capitalia Familiar","date":"16 de julio de 2018","format":false,"excerpt":"| Visi\u00f3n de conjunto | Aparente clima de entendimiento y cordialidad en el encuentro de Trump y Putin. Mientras tanto, el presidente estadounidense se mantiene beligerante en materia comercial contra los que son sus principales socios (Canad\u00e1, M\u00e9xico, la Uni\u00f3n Europea, China y Turqu\u00eda) por haber tomado represalias contra los\u2026","rel":"","context":"En \u00abInforme Diario\u00bb","block_context":{"text":"Informe Diario","link":"https:\/\/capitaliafamiliar.es\/informes\/category\/informediario\/"},"img":{"alt_text":"","src":"https:\/\/i0.wp.com\/capitaliafamiliar.es\/informes\/wp-content\/uploads\/2018\/07\/informediario2.png?resize=350%2C200&ssl=1","width":350,"height":200,"srcset":"https:\/\/i0.wp.com\/capitaliafamiliar.es\/informes\/wp-content\/uploads\/2018\/07\/informediario2.png?resize=350%2C200&ssl=1 1x, https:\/\/i0.wp.com\/capitaliafamiliar.es\/informes\/wp-content\/uploads\/2018\/07\/informediario2.png?resize=525%2C300&ssl=1 1.5x, https:\/\/i0.wp.com\/capitaliafamiliar.es\/informes\/wp-content\/uploads\/2018\/07\/informediario2.png?resize=700%2C400&ssl=1 2x"},"classes":[]},{"id":724,"url":"https:\/\/capitaliafamiliar.es\/informes\/2018\/09\/25\/informe-diario-martes-25-de-septiembre-de-2018\/","url_meta":{"origin":7218,"position":3},"title":"Informe Diario  Martes, 25 de septiembre de 2018","author":"Capitalia Familiar","date":"25 de septiembre de 2018","format":false,"excerpt":"| Visi\u00f3n de conjunto | Trump sigue marcando estilo. En su discurso inaugural de la Asamblea General de Naciones Unidas, el presidente estadounidense ha tenido para casi todos: abog\u00f3 por aislar al r\u00e9gimen iran\u00ed, critic\u00f3 a Alemania por su excesiva dependencia energ\u00e9tica de Rusia, acus\u00f3 a la OPEP de poco\u2026","rel":"","context":"En \u00abInforme Diario\u00bb","block_context":{"text":"Informe Diario","link":"https:\/\/capitaliafamiliar.es\/informes\/category\/informediario\/"},"img":{"alt_text":"","src":"https:\/\/i0.wp.com\/capitaliafamiliar.es\/informes\/wp-content\/uploads\/2018\/07\/informediario2.png?resize=350%2C200&ssl=1","width":350,"height":200,"srcset":"https:\/\/i0.wp.com\/capitaliafamiliar.es\/informes\/wp-content\/uploads\/2018\/07\/informediario2.png?resize=350%2C200&ssl=1 1x, https:\/\/i0.wp.com\/capitaliafamiliar.es\/informes\/wp-content\/uploads\/2018\/07\/informediario2.png?resize=525%2C300&ssl=1 1.5x, https:\/\/i0.wp.com\/capitaliafamiliar.es\/informes\/wp-content\/uploads\/2018\/07\/informediario2.png?resize=700%2C400&ssl=1 2x"},"classes":[]},{"id":2732,"url":"https:\/\/capitaliafamiliar.es\/informes\/2019\/09\/16\/informe-diario-lunes-16-de-septiembre-de-2019\/","url_meta":{"origin":7218,"position":4},"title":"Informe Diario  Lunes, 16 de septiembre de 2019","author":"Capitalia Familiar","date":"16 de septiembre de 2019","format":false,"excerpt":"El ataque sobre instalaciones petrol\u00edferas de Arabia Saud\u00ed a\u00f1ade un nuevo factor de riesgo geopol\u00edtico, econ\u00f3mico y financiero\u2026 Pendientes del mercado de petr\u00f3leo, tras el importante ataque sufrido por instalaciones de Arabia Saud\u00ed, y que supondr\u00e1 a corto plazo una importante reducci\u00f3n en la producci\u00f3n de petr\u00f3leo a nivel mundial:\u2026","rel":"","context":"En \u00abInforme Diario\u00bb","block_context":{"text":"Informe Diario","link":"https:\/\/capitaliafamiliar.es\/informes\/category\/informediario\/"},"img":{"alt_text":"","src":"https:\/\/i0.wp.com\/capitaliafamiliar.es\/informes\/wp-content\/uploads\/2019\/08\/informediario2.png?resize=350%2C200&ssl=1","width":350,"height":200,"srcset":"https:\/\/i0.wp.com\/capitaliafamiliar.es\/informes\/wp-content\/uploads\/2019\/08\/informediario2.png?resize=350%2C200&ssl=1 1x, https:\/\/i0.wp.com\/capitaliafamiliar.es\/informes\/wp-content\/uploads\/2019\/08\/informediario2.png?resize=525%2C300&ssl=1 1.5x, https:\/\/i0.wp.com\/capitaliafamiliar.es\/informes\/wp-content\/uploads\/2019\/08\/informediario2.png?resize=700%2C400&ssl=1 2x"},"classes":[]},{"id":1189,"url":"https:\/\/capitaliafamiliar.es\/informes\/2018\/12\/05\/informe-diario-miercoles-5-de-diciembre-de-2018\/","url_meta":{"origin":7218,"position":5},"title":"Informe Diario  Mi\u00e9rcoles, 5 de diciembre de 2018","author":"Capitalia Familiar","date":"5 de diciembre de 2018","format":false,"excerpt":"| Visi\u00f3n de conjunto | El gobierno italiano necesita m\u00e1s tiempo. Las autoridades italianas han aplazado hasta la semana que viene el env\u00edo a la Comisi\u00f3n Europea de la revisi\u00f3n de su presupuesto para 2019. Ambas partes siguen trabajando en una soluci\u00f3n de consenso que evite el procedimiento sancionador por\u2026","rel":"","context":"En \u00abInforme Diario\u00bb","block_context":{"text":"Informe Diario","link":"https:\/\/capitaliafamiliar.es\/informes\/category\/informediario\/"},"img":{"alt_text":"","src":"https:\/\/i0.wp.com\/capitaliafamiliar.es\/informes\/wp-content\/uploads\/2018\/07\/informediario2.png?resize=350%2C200&ssl=1","width":350,"height":200,"srcset":"https:\/\/i0.wp.com\/capitaliafamiliar.es\/informes\/wp-content\/uploads\/2018\/07\/informediario2.png?resize=350%2C200&ssl=1 1x, https:\/\/i0.wp.com\/capitaliafamiliar.es\/informes\/wp-content\/uploads\/2018\/07\/informediario2.png?resize=525%2C300&ssl=1 1.5x, https:\/\/i0.wp.com\/capitaliafamiliar.es\/informes\/wp-content\/uploads\/2018\/07\/informediario2.png?resize=700%2C400&ssl=1 2x"},"classes":[]}],"jetpack_sharing_enabled":true,"_links":{"self":[{"href":"https:\/\/capitaliafamiliar.es\/informes\/wp-json\/wp\/v2\/posts\/7218","targetHints":{"allow":["GET"]}}],"collection":[{"href":"https:\/\/capitaliafamiliar.es\/informes\/wp-json\/wp\/v2\/posts"}],"about":[{"href":"https:\/\/capitaliafamiliar.es\/informes\/wp-json\/wp\/v2\/types\/post"}],"author":[{"embeddable":true,"href":"https:\/\/capitaliafamiliar.es\/informes\/wp-json\/wp\/v2\/users\/2"}],"replies":[{"embeddable":true,"href":"https:\/\/capitaliafamiliar.es\/informes\/wp-json\/wp\/v2\/comments?post=7218"}],"version-history":[{"count":4,"href":"https:\/\/capitaliafamiliar.es\/informes\/wp-json\/wp\/v2\/posts\/7218\/revisions"}],"predecessor-version":[{"id":7225,"href":"https:\/\/capitaliafamiliar.es\/informes\/wp-json\/wp\/v2\/posts\/7218\/revisions\/7225"}],"wp:featuredmedia":[{"embeddable":true,"href":"https:\/\/capitaliafamiliar.es\/informes\/wp-json\/wp\/v2\/media\/2525"}],"wp:attachment":[{"href":"https:\/\/capitaliafamiliar.es\/informes\/wp-json\/wp\/v2\/media?parent=7218"}],"wp:term":[{"taxonomy":"category","embeddable":true,"href":"https:\/\/capitaliafamiliar.es\/informes\/wp-json\/wp\/v2\/categories?post=7218"},{"taxonomy":"post_tag","embeddable":true,"href":"https:\/\/capitaliafamiliar.es\/informes\/wp-json\/wp\/v2\/tags?post=7218"}],"curies":[{"name":"wp","href":"https:\/\/api.w.org\/{rel}","templated":true}]}}