{"id":7226,"date":"2021-11-19T17:32:50","date_gmt":"2021-11-19T17:32:50","guid":{"rendered":"https:\/\/capitaliafamiliar.es\/informes\/?p=7226"},"modified":"2021-11-19T17:37:20","modified_gmt":"2021-11-19T17:37:20","slug":"el-aumento-de-la-incertidumbre-provocada-por-el-avance-del-covid-19-en-austria-y-alemania-acelera-e-intensifica-la-dinamica-de-consolidacion-distribucion-que-veniamos-adelantando-en-las-dos-ultimas-se","status":"publish","type":"post","link":"https:\/\/capitaliafamiliar.es\/informes\/2021\/11\/19\/el-aumento-de-la-incertidumbre-provocada-por-el-avance-del-covid-19-en-austria-y-alemania-acelera-e-intensifica-la-dinamica-de-consolidacion-distribucion-que-veniamos-adelantando-en-las-dos-ultimas-se\/","title":{"rendered":"El aumento de la incertidumbre provocada por el avance del Covid-19 en Austria y Alemania acelera e intensifica la din\u00e1mica de consolidaci\u00f3n\/distribuci\u00f3n que ven\u00edamos adelantando en las dos \u00faltimas semanas"},"content":{"rendered":"<blockquote>\n<p style=\"text-align: justify;\"><span style=\"font-size: 16px;\"><strong>Informe diario del viernes, 19 de noviembre de 2021<\/strong><\/span><\/p>\n<\/blockquote>\n<p>&nbsp;<\/p>\n<p style=\"text-align: justify;\"><span style=\"font-size: 16px;\"><strong>El aumento de la incertidumbre provocada por el avance del Covid-19 en Austria y Alemania acelera e intensifica la din\u00e1mica de consolidaci\u00f3n\/distribuci\u00f3n que ven\u00edamos adelantando en las dos \u00faltimas semanas.<\/strong> El preocupante empeoramiento de la situaci\u00f3n sanitaria en Austria ha obligado a las autoridades a confinar a la poblaci\u00f3n para evitar que el aumento de casos contin\u00fae creciendo exponencialmente. Adem\u00e1s, Austria obligar\u00e1 a vacunarse a la poblaci\u00f3n a partir de febrero para frenar a la enfermedad. En el caso de Alemania, la situaci\u00f3n tambi\u00e9n es preocupante, y el gobierno ha tomado medidas restrictivas contra los no vacunados y no descarta tomar medidas m\u00e1s duras si no se ralentiza el avance del Covid-19. Estas noticias han acelerado e intensificado la din\u00e1mica consolidativa que ven\u00edan experimentando las bolsas desde hace d\u00edas, confirmando el movimiento que ven\u00edamos explicando en nuestros informes diarios y semanales. Sin embargo, <strong>m\u00e1s all\u00e1 del ruido medi\u00e1tico, el proceso de distribuci\u00f3n sigue siendo ordenado: se observa una rotaci\u00f3n de nuevo desde valores c\u00edclicos a valores de crecimiento, pero a nivel \u00edndices los movimientos son muy estrechos.<\/strong> As\u00ed, en Europa el STOXX EUROPE 600 solo ha ca\u00eddo un -1% desde sus m\u00e1ximos, en tanto que en Estados Unidos el S&amp;P500 y el tecnol\u00f3gico Nasdaq se mantienen en zona de m\u00e1ximos. Por su parte, el Russell 2000 estadounidense, con un peso m\u00e1s bajo de compa\u00f1\u00edas de tecnolog\u00eda, es el que m\u00e1s avanzado lleva el movimiento de consolidaci\u00f3n\/distribuci\u00f3n. Por otro lado, aumenta la volatilidad en el precio del petr\u00f3leo, que hoy se deja otro -4% y el WTI se aleja de los 80 d\u00f3lares\/barril.\u00a0<\/span><\/p>\n<p style=\"text-align: justify;\"><span style=\"font-size: 16px;\"><strong>En el terreno macroecon\u00f3mico,<\/strong> las ventas minoristas del Reino Unido bajaron en octubre un -1.3% interanual, dato que pese a negativo mejor\u00f3 el -2.0% que descontaba el mercado. En Jap\u00f3n los precios no despegan, y el IPC subi\u00f3 un +0.1% interanual en octubre, frente al +0.2% anterior. Por \u00faltimo, los precios de producci\u00f3n subieron en Alemania un +18.4% interanual en octubre, muy por encima del +16.2% esperado y del +14.2% de septiembre.<\/span><\/p>\n<p>&nbsp;<\/p>\n<p><img loading=\"lazy\" decoding=\"async\" data-attachment-id=\"7228\" data-permalink=\"https:\/\/capitaliafamiliar.es\/informes\/2021\/11\/19\/el-aumento-de-la-incertidumbre-provocada-por-el-avance-del-covid-19-en-austria-y-alemania-acelera-e-intensifica-la-dinamica-de-consolidacion-distribucion-que-veniamos-adelantando-en-las-dos-ultimas-se\/rv-858\/\" data-orig-file=\"https:\/\/capitaliafamiliar.es\/informes\/wp-content\/uploads\/2021\/11\/RV-12.jpg\" data-orig-size=\"336,413\" data-comments-opened=\"0\" data-image-meta=\"{&quot;aperture&quot;:&quot;0&quot;,&quot;credit&quot;:&quot;&quot;,&quot;camera&quot;:&quot;&quot;,&quot;caption&quot;:&quot;&quot;,&quot;created_timestamp&quot;:&quot;0&quot;,&quot;copyright&quot;:&quot;&quot;,&quot;focal_length&quot;:&quot;0&quot;,&quot;iso&quot;:&quot;0&quot;,&quot;shutter_speed&quot;:&quot;0&quot;,&quot;title&quot;:&quot;&quot;,&quot;orientation&quot;:&quot;0&quot;}\" data-image-title=\"RV\" data-image-description=\"\" data-image-caption=\"\" data-large-file=\"https:\/\/capitaliafamiliar.es\/informes\/wp-content\/uploads\/2021\/11\/RV-12.jpg\" class=\"alignnone size-full wp-image-7228\" src=\"https:\/\/capitaliafamiliar.es\/informes\/wp-content\/uploads\/2021\/11\/RV-12.jpg\" alt=\"\" width=\"336\" height=\"413\" srcset=\"https:\/\/capitaliafamiliar.es\/informes\/wp-content\/uploads\/2021\/11\/RV-12.jpg 336w, https:\/\/capitaliafamiliar.es\/informes\/wp-content\/uploads\/2021\/11\/RV-12-244x300.jpg 244w\" sizes=\"(max-width: 336px) 100vw, 336px\" \/><img loading=\"lazy\" decoding=\"async\" data-attachment-id=\"7229\" data-permalink=\"https:\/\/capitaliafamiliar.es\/informes\/2021\/11\/19\/el-aumento-de-la-incertidumbre-provocada-por-el-avance-del-covid-19-en-austria-y-alemania-acelera-e-intensifica-la-dinamica-de-consolidacion-distribucion-que-veniamos-adelantando-en-las-dos-ultimas-se\/rf-854\/\" data-orig-file=\"https:\/\/capitaliafamiliar.es\/informes\/wp-content\/uploads\/2021\/11\/RF-12.jpg\" data-orig-size=\"299,353\" data-comments-opened=\"0\" data-image-meta=\"{&quot;aperture&quot;:&quot;0&quot;,&quot;credit&quot;:&quot;&quot;,&quot;camera&quot;:&quot;&quot;,&quot;caption&quot;:&quot;&quot;,&quot;created_timestamp&quot;:&quot;0&quot;,&quot;copyright&quot;:&quot;&quot;,&quot;focal_length&quot;:&quot;0&quot;,&quot;iso&quot;:&quot;0&quot;,&quot;shutter_speed&quot;:&quot;0&quot;,&quot;title&quot;:&quot;&quot;,&quot;orientation&quot;:&quot;0&quot;}\" data-image-title=\"RF\" data-image-description=\"\" data-image-caption=\"\" data-large-file=\"https:\/\/capitaliafamiliar.es\/informes\/wp-content\/uploads\/2021\/11\/RF-12.jpg\" class=\"alignnone size-full wp-image-7229\" src=\"https:\/\/capitaliafamiliar.es\/informes\/wp-content\/uploads\/2021\/11\/RF-12.jpg\" alt=\"\" width=\"299\" height=\"353\" srcset=\"https:\/\/capitaliafamiliar.es\/informes\/wp-content\/uploads\/2021\/11\/RF-12.jpg 299w, https:\/\/capitaliafamiliar.es\/informes\/wp-content\/uploads\/2021\/11\/RF-12-254x300.jpg 254w\" sizes=\"(max-width: 299px) 100vw, 299px\" \/><\/p>\n<p>&nbsp;<\/p>\n<p><strong>| Agenda para el lunes |<\/strong><\/p>\n<p><img loading=\"lazy\" decoding=\"async\" data-attachment-id=\"7227\" data-permalink=\"https:\/\/capitaliafamiliar.es\/informes\/2021\/11\/19\/el-aumento-de-la-incertidumbre-provocada-por-el-avance-del-covid-19-en-austria-y-alemania-acelera-e-intensifica-la-dinamica-de-consolidacion-distribucion-que-veniamos-adelantando-en-las-dos-ultimas-se\/ag-579\/\" data-orig-file=\"https:\/\/capitaliafamiliar.es\/informes\/wp-content\/uploads\/2021\/11\/AG-12.jpg\" data-orig-size=\"687,79\" data-comments-opened=\"0\" data-image-meta=\"{&quot;aperture&quot;:&quot;0&quot;,&quot;credit&quot;:&quot;&quot;,&quot;camera&quot;:&quot;&quot;,&quot;caption&quot;:&quot;&quot;,&quot;created_timestamp&quot;:&quot;0&quot;,&quot;copyright&quot;:&quot;&quot;,&quot;focal_length&quot;:&quot;0&quot;,&quot;iso&quot;:&quot;0&quot;,&quot;shutter_speed&quot;:&quot;0&quot;,&quot;title&quot;:&quot;&quot;,&quot;orientation&quot;:&quot;0&quot;}\" data-image-title=\"AG\" data-image-description=\"\" data-image-caption=\"\" data-large-file=\"https:\/\/capitaliafamiliar.es\/informes\/wp-content\/uploads\/2021\/11\/AG-12.jpg\" class=\"alignnone size-full wp-image-7227\" src=\"https:\/\/capitaliafamiliar.es\/informes\/wp-content\/uploads\/2021\/11\/AG-12.jpg\" alt=\"\" width=\"687\" height=\"79\" srcset=\"https:\/\/capitaliafamiliar.es\/informes\/wp-content\/uploads\/2021\/11\/AG-12.jpg 687w, https:\/\/capitaliafamiliar.es\/informes\/wp-content\/uploads\/2021\/11\/AG-12-300x34.jpg 300w\" sizes=\"(max-width: 687px) 100vw, 687px\" \/><\/p>\n<p>&nbsp;<\/p>\n<p>&nbsp;<\/p>\n<p style=\"text-align: center;\"><strong>Solicite informaci\u00f3n sobre nuestros servicios de asesoramiento financiero<\/strong><\/p>\n<p style=\"text-align: center;\">Si necesita ayuda para el cuidado de su patrimonio, no dude en ponerse en contacto con nosotros,<\/p>\n<p style=\"text-align: center;\">sin compromiso.<\/p>\n<p style=\"text-align: center;\">Tel\u00e9fono:\u00a0\u00a0 91 770\u00a0 22 84<\/p>\n<p style=\"text-align: center;\">Correo electr\u00f3nico:\u00a0\u00a0 capitaliafamiliar@capitaliafamiliar.es<\/p>\n","protected":false},"excerpt":{"rendered":"<p>Informe diario del viernes, 19 de noviembre de 2021 &nbsp; El aumento de la incertidumbre provocada por el avance del Covid-19 en Austria y Alemania acelera e intensifica la din&aacute;mica de consolidaci&oacute;n\/distribuci&oacute;n que ven&iacute;amos adelantando en las dos &uacute;ltimas semanas. El preocupante empeoramiento de la situaci&oacute;n sanitaria en Austria ha obligado a las autoridades a [&hellip;]<\/p>\n","protected":false},"author":2,"featured_media":2525,"comment_status":"closed","ping_status":"closed","sticky":false,"template":"","format":"standard","meta":{"_et_pb_use_builder":"","_et_pb_old_content":"","_et_gb_content_width":"","jetpack_post_was_ever_published":false,"_jetpack_newsletter_access":"","_jetpack_dont_email_post_to_subs":false,"_jetpack_newsletter_tier_id":0,"_jetpack_memberships_contains_paywalled_content":false,"_jetpack_memberships_contains_paid_content":false,"footnotes":""},"categories":[1],"tags":[],"class_list":["post-7226","post","type-post","status-publish","format-standard","has-post-thumbnail","hentry","category-informediario"],"jetpack_featured_media_url":"https:\/\/capitaliafamiliar.es\/informes\/wp-content\/uploads\/2019\/08\/informediario2.png","jetpack_shortlink":"https:\/\/wp.me\/pa2IGq-1Sy","jetpack-related-posts":[{"id":7309,"url":"https:\/\/capitaliafamiliar.es\/informes\/2021\/12\/03\/se-mantiene-la-dinamica-de-consolidacion-distribucion-en-las-bolsas-en-torno-ya-a-soportes-de-medio-largo-plazo\/","url_meta":{"origin":7226,"position":0},"title":"Se mantiene la din\u00e1mica de consolidaci\u00f3n\/distribuci\u00f3n en las bolsas, en torno ya a soportes de medio\/largo plazo","author":"Capitalia Familiar","date":"3 de diciembre de 2021","format":false,"excerpt":"Informe diario del viernes, 3 de diciembre de 2021 \u00a0 Se mantiene la din\u00e1mica de consolidaci\u00f3n\/distribuci\u00f3n en las bolsas, en torno ya a soportes de medio\/largo plazo. Al cierre de la semana, contin\u00faa la din\u00e1mica consolidativa en los mercados, y los principales \u00edndices burs\u00e1tiles contin\u00faan testando las zonas de soporte\u2026","rel":"","context":"En \u00abInforme Diario\u00bb","block_context":{"text":"Informe Diario","link":"https:\/\/capitaliafamiliar.es\/informes\/category\/informediario\/"},"img":{"alt_text":"","src":"https:\/\/i0.wp.com\/capitaliafamiliar.es\/informes\/wp-content\/uploads\/2019\/08\/informediario2.png?resize=350%2C200&ssl=1","width":350,"height":200,"srcset":"https:\/\/i0.wp.com\/capitaliafamiliar.es\/informes\/wp-content\/uploads\/2019\/08\/informediario2.png?resize=350%2C200&ssl=1 1x, https:\/\/i0.wp.com\/capitaliafamiliar.es\/informes\/wp-content\/uploads\/2019\/08\/informediario2.png?resize=525%2C300&ssl=1 1.5x, https:\/\/i0.wp.com\/capitaliafamiliar.es\/informes\/wp-content\/uploads\/2019\/08\/informediario2.png?resize=700%2C400&ssl=1 2x"},"classes":[]},{"id":7198,"url":"https:\/\/capitaliafamiliar.es\/informes\/2021\/11\/15\/se-mantiene-la-dinamica-consolidativa-en-las-bolsas-la-distribucion-continuara-hasta-que-se-elimine-la-sobrecompra\/","url_meta":{"origin":7226,"position":1},"title":"Se mantiene la din\u00e1mica consolidativa en las bolsas: la distribuci\u00f3n continuar\u00e1 hasta que se elimine la sobrecompra","author":"Capitalia Familiar","date":"15 de noviembre de 2021","format":false,"excerpt":"Informe diario del lunes, 15 de noviembre de 2021 \u00a0 Se mantiene la din\u00e1mica consolidativa en las bolsas: la distribuci\u00f3n continuar\u00e1 hasta que se elimine la sobrecompra. La consolidaci\u00f3n por el momento est\u00e1 produci\u00e9ndose de manera totalmente ordenada y sin amenazar niveles de soporte, pero no ser\u00eda descartable que esto\u2026","rel":"","context":"En \u00abInforme Diario\u00bb","block_context":{"text":"Informe Diario","link":"https:\/\/capitaliafamiliar.es\/informes\/category\/informediario\/"},"img":{"alt_text":"","src":"https:\/\/i0.wp.com\/capitaliafamiliar.es\/informes\/wp-content\/uploads\/2019\/08\/informediario2.png?resize=350%2C200&ssl=1","width":350,"height":200,"srcset":"https:\/\/i0.wp.com\/capitaliafamiliar.es\/informes\/wp-content\/uploads\/2019\/08\/informediario2.png?resize=350%2C200&ssl=1 1x, https:\/\/i0.wp.com\/capitaliafamiliar.es\/informes\/wp-content\/uploads\/2019\/08\/informediario2.png?resize=525%2C300&ssl=1 1.5x, https:\/\/i0.wp.com\/capitaliafamiliar.es\/informes\/wp-content\/uploads\/2019\/08\/informediario2.png?resize=700%2C400&ssl=1 2x"},"classes":[]},{"id":7243,"url":"https:\/\/capitaliafamiliar.es\/informes\/2021\/11\/23\/el-temor-a-nuevos-confinamientos-en-europa-y-la-subida-de-los-tipos-de-interes\/","url_meta":{"origin":7226,"position":2},"title":"El temor a nuevos confinamientos en Europa y la subida de los tipos de inter\u00e9s de mercado penalizan a las bolsas","author":"Capitalia Familiar","date":"23 de noviembre de 2021","format":false,"excerpt":"Informe diario del martes, 23 de noviembre de 2021 \u00a0 El temor a nuevos confinamientos en Europa y la subida de los tipos de inter\u00e9s de mercado penalizan a las bolsas. El avance del virus en pa\u00edses como Rep\u00fablica Checa, Pa\u00edses Bajos y, sobre todo, Alemania devuelve el temor a\u2026","rel":"","context":"En \u00abInforme Diario\u00bb","block_context":{"text":"Informe Diario","link":"https:\/\/capitaliafamiliar.es\/informes\/category\/informediario\/"},"img":{"alt_text":"","src":"https:\/\/i0.wp.com\/capitaliafamiliar.es\/informes\/wp-content\/uploads\/2019\/08\/informediario2.png?resize=350%2C200&ssl=1","width":350,"height":200,"srcset":"https:\/\/i0.wp.com\/capitaliafamiliar.es\/informes\/wp-content\/uploads\/2019\/08\/informediario2.png?resize=350%2C200&ssl=1 1x, https:\/\/i0.wp.com\/capitaliafamiliar.es\/informes\/wp-content\/uploads\/2019\/08\/informediario2.png?resize=525%2C300&ssl=1 1.5x, https:\/\/i0.wp.com\/capitaliafamiliar.es\/informes\/wp-content\/uploads\/2019\/08\/informediario2.png?resize=700%2C400&ssl=1 2x"},"classes":[]},{"id":1559,"url":"https:\/\/capitaliafamiliar.es\/informes\/2019\/02\/08\/informe-diario-viernes-8-de-febrero-de-2019\/","url_meta":{"origin":7226,"position":3},"title":"Informe Diario  Viernes, 8 de febrero de 2019","author":"Capitalia Familiar","date":"8 de febrero de 2019","format":false,"excerpt":"Nueva sesi\u00f3n de recortes en los principales \u00edndices burs\u00e1tiles, en contra de la din\u00e1mica alcista de corto plazo y en favor de la tendencia principal bajista. Si los \u00edndices no consiguen sobreponerse con claridad en los pr\u00f3ximos d\u00edas, es probable que la presi\u00f3n vendedora gane intensidad con un objetivo bajista\u2026","rel":"","context":"En \u00abInforme Diario\u00bb","block_context":{"text":"Informe Diario","link":"https:\/\/capitaliafamiliar.es\/informes\/category\/informediario\/"},"img":{"alt_text":"","src":"https:\/\/i0.wp.com\/capitaliafamiliar.es\/informes\/wp-content\/uploads\/2018\/07\/informediario2.png?resize=350%2C200&ssl=1","width":350,"height":200,"srcset":"https:\/\/i0.wp.com\/capitaliafamiliar.es\/informes\/wp-content\/uploads\/2018\/07\/informediario2.png?resize=350%2C200&ssl=1 1x, https:\/\/i0.wp.com\/capitaliafamiliar.es\/informes\/wp-content\/uploads\/2018\/07\/informediario2.png?resize=525%2C300&ssl=1 1.5x, https:\/\/i0.wp.com\/capitaliafamiliar.es\/informes\/wp-content\/uploads\/2018\/07\/informediario2.png?resize=700%2C400&ssl=1 2x"},"classes":[]},{"id":5550,"url":"https:\/\/capitaliafamiliar.es\/informes\/2021\/01\/25\/informe-diario-lunes-25-de-enero-de-2021\/","url_meta":{"origin":7226,"position":4},"title":"Informe Diario  Lunes, 25 de enero de 2021","author":"Capitalia Familiar","date":"25 de enero de 2021","format":false,"excerpt":"Europa no logra contener el Covid-19, que vuelve a contagiar a los mercados... Europa no logra contener el Covid-19, que vuelve a contagiar a los mercados. El avance del virus es cada vez m\u00e1s preocupante en Europa, donde ya se insta a tomar medidas de movilidad entre pa\u00edses y a\u2026","rel":"","context":"En \u00abInforme Diario\u00bb","block_context":{"text":"Informe Diario","link":"https:\/\/capitaliafamiliar.es\/informes\/category\/informediario\/"},"img":{"alt_text":"","src":"https:\/\/i0.wp.com\/capitaliafamiliar.es\/informes\/wp-content\/uploads\/2019\/08\/informediario2.png?resize=350%2C200&ssl=1","width":350,"height":200,"srcset":"https:\/\/i0.wp.com\/capitaliafamiliar.es\/informes\/wp-content\/uploads\/2019\/08\/informediario2.png?resize=350%2C200&ssl=1 1x, https:\/\/i0.wp.com\/capitaliafamiliar.es\/informes\/wp-content\/uploads\/2019\/08\/informediario2.png?resize=525%2C300&ssl=1 1.5x, https:\/\/i0.wp.com\/capitaliafamiliar.es\/informes\/wp-content\/uploads\/2019\/08\/informediario2.png?resize=700%2C400&ssl=1 2x"},"classes":[]},{"id":7236,"url":"https:\/\/capitaliafamiliar.es\/informes\/2021\/11\/22\/la-reeleccion-de-powell-al-frente-de-la-fed-centra-la-atencion-de-las-bolsas-que-se-olvidan-por-el-momento-del-avance-del-covid-19-en-europa\/","url_meta":{"origin":7226,"position":5},"title":"La reelecci\u00f3n de Powell al frente de la Fed centra la atenci\u00f3n de las bolsas, que se olvidan por el momento del avance del Covid-19 en Europa","author":"Capitalia Familiar","date":"22 de noviembre de 2021","format":false,"excerpt":"Informe diario del lunes, 22 de noviembre de 2021 \u00a0 La reelecci\u00f3n de Powell al frente de la Fed centra la atenci\u00f3n de las bolsas, que se olvidan por el momento del avance del Covid-19 en Europa. Pese a que en las \u00faltimas semanas se hab\u00eda especulado que Joe Biden\u2026","rel":"","context":"En \u00abInforme Diario\u00bb","block_context":{"text":"Informe Diario","link":"https:\/\/capitaliafamiliar.es\/informes\/category\/informediario\/"},"img":{"alt_text":"","src":"https:\/\/i0.wp.com\/capitaliafamiliar.es\/informes\/wp-content\/uploads\/2019\/08\/informediario2.png?resize=350%2C200&ssl=1","width":350,"height":200,"srcset":"https:\/\/i0.wp.com\/capitaliafamiliar.es\/informes\/wp-content\/uploads\/2019\/08\/informediario2.png?resize=350%2C200&ssl=1 1x, https:\/\/i0.wp.com\/capitaliafamiliar.es\/informes\/wp-content\/uploads\/2019\/08\/informediario2.png?resize=525%2C300&ssl=1 1.5x, https:\/\/i0.wp.com\/capitaliafamiliar.es\/informes\/wp-content\/uploads\/2019\/08\/informediario2.png?resize=700%2C400&ssl=1 2x"},"classes":[]}],"jetpack_sharing_enabled":true,"_links":{"self":[{"href":"https:\/\/capitaliafamiliar.es\/informes\/wp-json\/wp\/v2\/posts\/7226","targetHints":{"allow":["GET"]}}],"collection":[{"href":"https:\/\/capitaliafamiliar.es\/informes\/wp-json\/wp\/v2\/posts"}],"about":[{"href":"https:\/\/capitaliafamiliar.es\/informes\/wp-json\/wp\/v2\/types\/post"}],"author":[{"embeddable":true,"href":"https:\/\/capitaliafamiliar.es\/informes\/wp-json\/wp\/v2\/users\/2"}],"replies":[{"embeddable":true,"href":"https:\/\/capitaliafamiliar.es\/informes\/wp-json\/wp\/v2\/comments?post=7226"}],"version-history":[{"count":1,"href":"https:\/\/capitaliafamiliar.es\/informes\/wp-json\/wp\/v2\/posts\/7226\/revisions"}],"predecessor-version":[{"id":7230,"href":"https:\/\/capitaliafamiliar.es\/informes\/wp-json\/wp\/v2\/posts\/7226\/revisions\/7230"}],"wp:featuredmedia":[{"embeddable":true,"href":"https:\/\/capitaliafamiliar.es\/informes\/wp-json\/wp\/v2\/media\/2525"}],"wp:attachment":[{"href":"https:\/\/capitaliafamiliar.es\/informes\/wp-json\/wp\/v2\/media?parent=7226"}],"wp:term":[{"taxonomy":"category","embeddable":true,"href":"https:\/\/capitaliafamiliar.es\/informes\/wp-json\/wp\/v2\/categories?post=7226"},{"taxonomy":"post_tag","embeddable":true,"href":"https:\/\/capitaliafamiliar.es\/informes\/wp-json\/wp\/v2\/tags?post=7226"}],"curies":[{"name":"wp","href":"https:\/\/api.w.org\/{rel}","templated":true}]}}