{"id":7236,"date":"2021-11-22T17:14:24","date_gmt":"2021-11-22T17:14:24","guid":{"rendered":"https:\/\/capitaliafamiliar.es\/informes\/?p=7236"},"modified":"2021-11-22T17:23:26","modified_gmt":"2021-11-22T17:23:26","slug":"la-reeleccion-de-powell-al-frente-de-la-fed-centra-la-atencion-de-las-bolsas-que-se-olvidan-por-el-momento-del-avance-del-covid-19-en-europa","status":"publish","type":"post","link":"https:\/\/capitaliafamiliar.es\/informes\/2021\/11\/22\/la-reeleccion-de-powell-al-frente-de-la-fed-centra-la-atencion-de-las-bolsas-que-se-olvidan-por-el-momento-del-avance-del-covid-19-en-europa\/","title":{"rendered":"La reelecci\u00f3n de Powell al frente de la Fed centra la atenci\u00f3n de las bolsas, que se olvidan por el momento del avance del Covid-19 en Europa"},"content":{"rendered":"<blockquote>\n<p style=\"text-align: justify;\"><span style=\"font-size: 16px;\"><strong>Informe diario del lunes, 22 de noviembre de 2021<\/strong><\/span><\/p>\n<\/blockquote>\n<p>&nbsp;<\/p>\n<p style=\"text-align: justify;\"><span style=\"font-size: 16px;\"><strong>La reelecci\u00f3n de Powell al frente de la Fed centra la atenci\u00f3n de las bolsas, que se olvidan por el momento del avance del Covid-19 en Europa.<\/strong> Pese a que en las \u00faltimas semanas se hab\u00eda especulado que Joe Biden podr\u00eda apoyar un cambio al frente de la Fed en beneficio de Lael Brainard, af\u00edn a los dem\u00f3cratas, Powell cumplir\u00e1 un segundo mandato al frente de la Fed y Brainard ser\u00e1 propuesta como vicepresidenta. Inicialmente, el mercado ha celebrado la decisi\u00f3n de Biden, ya que es una reelecci\u00f3n continuista que evita incertidumbres. Sin embargo, la alegr\u00eda ha durado poco, en la medida en que el mercado se mantiene en din\u00e1mica de consolidaci\u00f3n\/distribuci\u00f3n, en una semana adem\u00e1s at\u00edpica por la celebraci\u00f3n del D\u00eda de Acci\u00f3n de Gracias en Estados Unidos este jueves. El avance el Covid-19 en Europa hoy dej\u00f3 de ser protagonista para los mercados, pero los temores a un cierre parcial o incluso total en Alemania siguen vigentes. Desde el gobierno interino germano han cargado de nuevo contra los antivacunas por poner en riesgo cientos de miles de vidas, y se espera un endurecimiento de las medidas contra todos aquellos que se nieguen a vacunarse con el fin de frenar una ola que en breve podr\u00eda colapsar los hospitales del pa\u00eds. No es descartable por tanto que en pr\u00f3ximas jornadas vuelva a ser noticia la evoluci\u00f3n del Covid-19 en Europa.\u00a0<\/span><\/p>\n<p style=\"text-align: justify;\"><span style=\"font-size: 16px;\"><strong>Principio de acuerdo en Alemania para la formaci\u00f3n de gobierno.<\/strong> El SPD (socialdem\u00f3cratas) de Olaf Scholz habr\u00eda llegado a un acuerdo con los verdes y los liberales para formar un gobierno de coalici\u00f3n. El anuncio podr\u00eda hacerse oficial en las pr\u00f3ximas horas.\u00a0\u00a0<\/span><\/p>\n<p style=\"text-align: justify;\"><span style=\"font-size: 16px;\"><strong>Contin\u00faa la batalla de Biden contra la OPEP+.<\/strong> Biden hab\u00eda conseguido el apoyo de varios pa\u00edses, incluido China, para liberar parte de sus reservas de crudo a partir de ma\u00f1ana y frenar la escalada del precio del barril. Sin embargo, la OPEP+ ha contratacado anunciando que ajustar\u00e1 su producci\u00f3n para neutralizar la entrada de crudo al mercado y evitar as\u00ed un desplome del precio del petr\u00f3leo.\u00a0\u00a0<\/span><\/p>\n<p style=\"text-align: justify;\"><span style=\"font-size: 16px;\"><strong>Las criptomonedas se alejan de m\u00e1ximos y entran en una fase t\u00e9cnica compleja.<\/strong> Tras marcar nuevos m\u00e1ximos hist\u00f3ricos hace menos de dos semanas, las principales criptomonedas (Bitcoin, Ether, etc.) han entrado en una din\u00e1mica correctiva de corto plazo de cuyo desenlace depender\u00e1 su evoluci\u00f3n a medio plazo: Todo depender\u00e1 de si consiguen establecer un suelo temporal que les permita consolidar las importante subidas acumuladas desde septiembre, o bien profundizan en las ca\u00eddas. Ser\u00e1 clave disponer de un buen an\u00e1lisis para establecer la estrategia adecuada. Para conocer los niveles (soportes y resistencias) a vigilar en las principales criptodivisas, puedes ponerte en contacto con Capitalia Familiar EAF.<\/span><\/p>\n<p style=\"text-align: justify;\"><span style=\"font-size: 16px;\"><strong>En el terreno macroecon\u00f3mico,<\/strong> las ventas de viviendas de segunda mano en Estados Unidos mantienen su fortaleza al crecer en octubre hasta una cifra anualizada de 6.29 a 6.34 millones frente a la ca\u00edda esperada hasta 6.2 millones. Por otro lado, la confianza del consumidor de la Eurozona baj\u00f3 m\u00e1s de lo esperado en noviembre, para situarse en -6.8 puntos desde los -4.8 de octubre.<\/span><\/p>\n<p>&nbsp;<\/p>\n<p><img loading=\"lazy\" decoding=\"async\" data-attachment-id=\"7238\" data-permalink=\"https:\/\/capitaliafamiliar.es\/informes\/2021\/11\/22\/la-reeleccion-de-powell-al-frente-de-la-fed-centra-la-atencion-de-las-bolsas-que-se-olvidan-por-el-momento-del-avance-del-covid-19-en-europa\/rv-859\/\" data-orig-file=\"https:\/\/capitaliafamiliar.es\/informes\/wp-content\/uploads\/2021\/11\/RV-13.jpg\" data-orig-size=\"336,413\" data-comments-opened=\"0\" data-image-meta=\"{&quot;aperture&quot;:&quot;0&quot;,&quot;credit&quot;:&quot;&quot;,&quot;camera&quot;:&quot;&quot;,&quot;caption&quot;:&quot;&quot;,&quot;created_timestamp&quot;:&quot;0&quot;,&quot;copyright&quot;:&quot;&quot;,&quot;focal_length&quot;:&quot;0&quot;,&quot;iso&quot;:&quot;0&quot;,&quot;shutter_speed&quot;:&quot;0&quot;,&quot;title&quot;:&quot;&quot;,&quot;orientation&quot;:&quot;0&quot;}\" data-image-title=\"RV\" data-image-description=\"\" data-image-caption=\"\" data-large-file=\"https:\/\/capitaliafamiliar.es\/informes\/wp-content\/uploads\/2021\/11\/RV-13.jpg\" class=\"alignnone size-full wp-image-7238\" src=\"https:\/\/capitaliafamiliar.es\/informes\/wp-content\/uploads\/2021\/11\/RV-13.jpg\" alt=\"\" width=\"336\" height=\"413\" srcset=\"https:\/\/capitaliafamiliar.es\/informes\/wp-content\/uploads\/2021\/11\/RV-13.jpg 336w, https:\/\/capitaliafamiliar.es\/informes\/wp-content\/uploads\/2021\/11\/RV-13-244x300.jpg 244w\" sizes=\"(max-width: 336px) 100vw, 336px\" \/><img loading=\"lazy\" decoding=\"async\" data-attachment-id=\"7239\" data-permalink=\"https:\/\/capitaliafamiliar.es\/informes\/2021\/11\/22\/la-reeleccion-de-powell-al-frente-de-la-fed-centra-la-atencion-de-las-bolsas-que-se-olvidan-por-el-momento-del-avance-del-covid-19-en-europa\/rf-855\/\" data-orig-file=\"https:\/\/capitaliafamiliar.es\/informes\/wp-content\/uploads\/2021\/11\/RF-13.jpg\" data-orig-size=\"299,353\" data-comments-opened=\"0\" data-image-meta=\"{&quot;aperture&quot;:&quot;0&quot;,&quot;credit&quot;:&quot;&quot;,&quot;camera&quot;:&quot;&quot;,&quot;caption&quot;:&quot;&quot;,&quot;created_timestamp&quot;:&quot;0&quot;,&quot;copyright&quot;:&quot;&quot;,&quot;focal_length&quot;:&quot;0&quot;,&quot;iso&quot;:&quot;0&quot;,&quot;shutter_speed&quot;:&quot;0&quot;,&quot;title&quot;:&quot;&quot;,&quot;orientation&quot;:&quot;0&quot;}\" data-image-title=\"RF\" data-image-description=\"\" data-image-caption=\"\" data-large-file=\"https:\/\/capitaliafamiliar.es\/informes\/wp-content\/uploads\/2021\/11\/RF-13.jpg\" class=\"alignnone size-full wp-image-7239\" src=\"https:\/\/capitaliafamiliar.es\/informes\/wp-content\/uploads\/2021\/11\/RF-13.jpg\" alt=\"\" width=\"299\" height=\"353\" srcset=\"https:\/\/capitaliafamiliar.es\/informes\/wp-content\/uploads\/2021\/11\/RF-13.jpg 299w, https:\/\/capitaliafamiliar.es\/informes\/wp-content\/uploads\/2021\/11\/RF-13-254x300.jpg 254w\" sizes=\"(max-width: 299px) 100vw, 299px\" \/><\/p>\n<p>&nbsp;<\/p>\n<p><strong>| Agenda para ma\u00f1ana |<\/strong><\/p>\n<p><img loading=\"lazy\" decoding=\"async\" data-attachment-id=\"7237\" data-permalink=\"https:\/\/capitaliafamiliar.es\/informes\/2021\/11\/22\/la-reeleccion-de-powell-al-frente-de-la-fed-centra-la-atencion-de-las-bolsas-que-se-olvidan-por-el-momento-del-avance-del-covid-19-en-europa\/ag-580\/\" data-orig-file=\"https:\/\/capitaliafamiliar.es\/informes\/wp-content\/uploads\/2021\/11\/AG-13.jpg\" data-orig-size=\"687,105\" data-comments-opened=\"0\" data-image-meta=\"{&quot;aperture&quot;:&quot;0&quot;,&quot;credit&quot;:&quot;&quot;,&quot;camera&quot;:&quot;&quot;,&quot;caption&quot;:&quot;&quot;,&quot;created_timestamp&quot;:&quot;0&quot;,&quot;copyright&quot;:&quot;&quot;,&quot;focal_length&quot;:&quot;0&quot;,&quot;iso&quot;:&quot;0&quot;,&quot;shutter_speed&quot;:&quot;0&quot;,&quot;title&quot;:&quot;&quot;,&quot;orientation&quot;:&quot;0&quot;}\" data-image-title=\"AG\" data-image-description=\"\" data-image-caption=\"\" data-large-file=\"https:\/\/capitaliafamiliar.es\/informes\/wp-content\/uploads\/2021\/11\/AG-13.jpg\" class=\"alignnone size-full wp-image-7237\" src=\"https:\/\/capitaliafamiliar.es\/informes\/wp-content\/uploads\/2021\/11\/AG-13.jpg\" alt=\"\" width=\"687\" height=\"105\" srcset=\"https:\/\/capitaliafamiliar.es\/informes\/wp-content\/uploads\/2021\/11\/AG-13.jpg 687w, https:\/\/capitaliafamiliar.es\/informes\/wp-content\/uploads\/2021\/11\/AG-13-300x46.jpg 300w\" sizes=\"(max-width: 687px) 100vw, 687px\" \/><\/p>\n<p>&nbsp;<\/p>\n<p>&nbsp;<\/p>\n<p style=\"text-align: center;\"><strong>Solicite informaci\u00f3n sobre nuestros servicios de asesoramiento financiero<\/strong><\/p>\n<p style=\"text-align: center;\">Si necesita ayuda para el cuidado de su patrimonio, no dude en ponerse en contacto con nosotros,<\/p>\n<p style=\"text-align: center;\">sin compromiso.<\/p>\n<p style=\"text-align: center;\">Tel\u00e9fono:\u00a0\u00a0 91 770\u00a0 22 84<\/p>\n<p style=\"text-align: center;\">Correo electr\u00f3nico:\u00a0\u00a0 capitaliafamiliar@capitaliafamiliar.es<\/p>\n","protected":false},"excerpt":{"rendered":"<p>Informe diario del lunes, 22 de noviembre de 2021 &nbsp; La reelecci&oacute;n de Powell al frente de la Fed centra la atenci&oacute;n de las bolsas, que se olvidan por el momento del avance del Covid-19 en Europa. Pese a que en las &uacute;ltimas semanas se hab&iacute;a especulado que Joe Biden podr&iacute;a apoyar un cambio al [&hellip;]<\/p>\n","protected":false},"author":2,"featured_media":2525,"comment_status":"closed","ping_status":"closed","sticky":false,"template":"","format":"standard","meta":{"_et_pb_use_builder":"","_et_pb_old_content":"","_et_gb_content_width":"","jetpack_post_was_ever_published":false,"_jetpack_newsletter_access":"","_jetpack_dont_email_post_to_subs":false,"_jetpack_newsletter_tier_id":0,"_jetpack_memberships_contains_paywalled_content":false,"_jetpack_memberships_contains_paid_content":false,"footnotes":""},"categories":[1],"tags":[],"class_list":["post-7236","post","type-post","status-publish","format-standard","has-post-thumbnail","hentry","category-informediario"],"jetpack_featured_media_url":"https:\/\/capitaliafamiliar.es\/informes\/wp-content\/uploads\/2019\/08\/informediario2.png","jetpack_shortlink":"https:\/\/wp.me\/pa2IGq-1SI","jetpack-related-posts":[{"id":2264,"url":"https:\/\/capitaliafamiliar.es\/informes\/2019\/06\/19\/informe-diario-miercoles-19-de-junio-de-2019\/","url_meta":{"origin":7236,"position":0},"title":"Informe Diario  Mi\u00e9rcoles, 19 de junio de 2019","author":"Capitalia Familiar","date":"19 de junio de 2019","format":false,"excerpt":"La reuni\u00f3n de la Reserva Federal centra la atenci\u00f3n de los mercados. Los \u00faltimos datos conocidos en Estados Unidos han reavivado el temor del mercado a que se produzca una desaceleraci\u00f3n importante de la econom\u00eda estadounidense, por lo que ya se descuenta una bajada de los tipos de inter\u00e9s de\u2026","rel":"","context":"En \u00abInforme Diario\u00bb","block_context":{"text":"Informe Diario","link":"https:\/\/capitaliafamiliar.es\/informes\/category\/informediario\/"},"img":{"alt_text":"","src":"https:\/\/i0.wp.com\/capitaliafamiliar.es\/informes\/wp-content\/uploads\/2018\/07\/informediario2.png?resize=350%2C200&ssl=1","width":350,"height":200,"srcset":"https:\/\/i0.wp.com\/capitaliafamiliar.es\/informes\/wp-content\/uploads\/2018\/07\/informediario2.png?resize=350%2C200&ssl=1 1x, https:\/\/i0.wp.com\/capitaliafamiliar.es\/informes\/wp-content\/uploads\/2018\/07\/informediario2.png?resize=525%2C300&ssl=1 1.5x, https:\/\/i0.wp.com\/capitaliafamiliar.es\/informes\/wp-content\/uploads\/2018\/07\/informediario2.png?resize=700%2C400&ssl=1 2x"},"classes":[]},{"id":2359,"url":"https:\/\/capitaliafamiliar.es\/informes\/2019\/07\/09\/informe-diario-martes-9-de-julio-de-2019\/","url_meta":{"origin":7236,"position":1},"title":"Informe Diario  Martes, 9 de julio de 2019","author":"Capitalia Familiar","date":"9 de julio de 2019","format":false,"excerpt":"La Fed tiene (una vez m\u00e1s) la palabra. La atenci\u00f3n de los mercados est\u00e1 centrada en la comparecencia de ma\u00f1ana del presidente de la Reserva Federal, Powell, ante el comit\u00e9 de banca del Congreso. Powell podr\u00eda aprovechar ma\u00f1ana (y la r\u00e9plica ante el Senado del jueves) para gestionar las expectativas\u2026","rel":"","context":"En \u00abInforme Diario\u00bb","block_context":{"text":"Informe Diario","link":"https:\/\/capitaliafamiliar.es\/informes\/category\/informediario\/"},"img":{"alt_text":"","src":"https:\/\/i0.wp.com\/capitaliafamiliar.es\/informes\/wp-content\/uploads\/2018\/07\/informediario2.png?resize=350%2C200&ssl=1","width":350,"height":200,"srcset":"https:\/\/i0.wp.com\/capitaliafamiliar.es\/informes\/wp-content\/uploads\/2018\/07\/informediario2.png?resize=350%2C200&ssl=1 1x, https:\/\/i0.wp.com\/capitaliafamiliar.es\/informes\/wp-content\/uploads\/2018\/07\/informediario2.png?resize=525%2C300&ssl=1 1.5x, https:\/\/i0.wp.com\/capitaliafamiliar.es\/informes\/wp-content\/uploads\/2018\/07\/informediario2.png?resize=700%2C400&ssl=1 2x"},"classes":[]},{"id":7286,"url":"https:\/\/capitaliafamiliar.es\/informes\/2021\/11\/30\/powell-se-preocupa-por-la-inflacion-justo-en-los-momentos-de-mas-incertidumbre-para-las-bolsas-por-la-amenaza-de-la-variante-omicron\/","url_meta":{"origin":7236,"position":2},"title":"Powell se preocupa por la inflaci\u00f3n justo en los momentos de m\u00e1s incertidumbre para las bolsas por la amenaza de la variante Omicron","author":"Capitalia Familiar","date":"30 de noviembre de 2021","format":false,"excerpt":"Informe diario del martes, 30 de noviembre de 2021 \u00a0 Powell se preocupa por la inflaci\u00f3n justo en los momentos de m\u00e1s incertidumbre para las bolsas por la amenaza de la variante Omicron. Dif\u00edcil de entender lo sucedido hoy en los mercados, que vivieron una sesi\u00f3n muy vol\u00e1til por el\u2026","rel":"","context":"En \u00abInforme Diario\u00bb","block_context":{"text":"Informe Diario","link":"https:\/\/capitaliafamiliar.es\/informes\/category\/informediario\/"},"img":{"alt_text":"","src":"https:\/\/i0.wp.com\/capitaliafamiliar.es\/informes\/wp-content\/uploads\/2019\/08\/informediario2.png?resize=350%2C200&ssl=1","width":350,"height":200,"srcset":"https:\/\/i0.wp.com\/capitaliafamiliar.es\/informes\/wp-content\/uploads\/2019\/08\/informediario2.png?resize=350%2C200&ssl=1 1x, https:\/\/i0.wp.com\/capitaliafamiliar.es\/informes\/wp-content\/uploads\/2019\/08\/informediario2.png?resize=525%2C300&ssl=1 1.5x, https:\/\/i0.wp.com\/capitaliafamiliar.es\/informes\/wp-content\/uploads\/2019\/08\/informediario2.png?resize=700%2C400&ssl=1 2x"},"classes":[]},{"id":6360,"url":"https:\/\/capitaliafamiliar.es\/informes\/2021\/06\/18\/informe-diario-viernes-18-de-junio-de-2021\/","url_meta":{"origin":7236,"position":3},"title":"Informe Diario  Viernes, 18 de junio de 2021","author":"Capitalia Familiar","date":"18 de junio de 2021","format":false,"excerpt":"La superaci\u00f3n de resistencias en las bolsas tendr\u00e1 que esperar... La superaci\u00f3n de resistencias en las bolsas tendr\u00e1 que esperar. Las bolsas se alejan de sus m\u00e1ximos y posponen, al menos por ahora, su asalto a resistencias. El cambio de registro de la Fed, pese a que no hab\u00eda causado\u2026","rel":"","context":"En \u00abInforme Diario\u00bb","block_context":{"text":"Informe Diario","link":"https:\/\/capitaliafamiliar.es\/informes\/category\/informediario\/"},"img":{"alt_text":"","src":"https:\/\/i0.wp.com\/capitaliafamiliar.es\/informes\/wp-content\/uploads\/2019\/08\/informediario2.png?resize=350%2C200&ssl=1","width":350,"height":200,"srcset":"https:\/\/i0.wp.com\/capitaliafamiliar.es\/informes\/wp-content\/uploads\/2019\/08\/informediario2.png?resize=350%2C200&ssl=1 1x, https:\/\/i0.wp.com\/capitaliafamiliar.es\/informes\/wp-content\/uploads\/2019\/08\/informediario2.png?resize=525%2C300&ssl=1 1.5x, https:\/\/i0.wp.com\/capitaliafamiliar.es\/informes\/wp-content\/uploads\/2019\/08\/informediario2.png?resize=700%2C400&ssl=1 2x"},"classes":[]},{"id":7252,"url":"https:\/\/capitaliafamiliar.es\/informes\/2021\/11\/24\/se-mantiene-la-dinamica-consolidativa-en-las-bolsas-oportunidad-de-compra-o-amenaza\/","url_meta":{"origin":7236,"position":4},"title":"Se mantiene la din\u00e1mica consolidativa en las bolsas, \u00bfoportunidad de compra o amenaza?","author":"Capitalia Familiar","date":"24 de noviembre de 2021","format":false,"excerpt":"Informe diario del mi\u00e9rcoles, 24 de noviembre de 2021 \u00a0 Se mantiene la din\u00e1mica consolidativa en las bolsas, \u00bfoportunidad de compra o amenaza? La situaci\u00f3n de la pandemia en Europa y la subida de los tipos de inter\u00e9s de mercado contin\u00faan centrando la atenci\u00f3n de los mercados. En Alemania, el\u2026","rel":"","context":"En \u00abInforme Diario\u00bb","block_context":{"text":"Informe Diario","link":"https:\/\/capitaliafamiliar.es\/informes\/category\/informediario\/"},"img":{"alt_text":"","src":"https:\/\/i0.wp.com\/capitaliafamiliar.es\/informes\/wp-content\/uploads\/2019\/08\/informediario2.png?resize=350%2C200&ssl=1","width":350,"height":200,"srcset":"https:\/\/i0.wp.com\/capitaliafamiliar.es\/informes\/wp-content\/uploads\/2019\/08\/informediario2.png?resize=350%2C200&ssl=1 1x, https:\/\/i0.wp.com\/capitaliafamiliar.es\/informes\/wp-content\/uploads\/2019\/08\/informediario2.png?resize=525%2C300&ssl=1 1.5x, https:\/\/i0.wp.com\/capitaliafamiliar.es\/informes\/wp-content\/uploads\/2019\/08\/informediario2.png?resize=700%2C400&ssl=1 2x"},"classes":[]},{"id":6895,"url":"https:\/\/capitaliafamiliar.es\/informes\/2021\/09\/21\/informe-diario-martes-21-de-septiembre-de-2021\/","url_meta":{"origin":7236,"position":5},"title":"Informe Diario  Martes, 21 de septiembre de 2021","author":"Capitalia Familiar","date":"21 de septiembre de 2021","format":false,"excerpt":"La Fed entra en escena en una semana que se avecina intensa para los mercados... \u00a0 La Fed entra en escena en una semana que se avecina intensa para los mercados. Hoy arranca la reuni\u00f3n de dos d\u00edas de la Reserva Federal estadounidense, en la que se debatir\u00e1 de nuevo\u2026","rel":"","context":"En \u00abInforme Diario\u00bb","block_context":{"text":"Informe Diario","link":"https:\/\/capitaliafamiliar.es\/informes\/category\/informediario\/"},"img":{"alt_text":"","src":"https:\/\/i0.wp.com\/capitaliafamiliar.es\/informes\/wp-content\/uploads\/2019\/08\/informediario2.png?resize=350%2C200&ssl=1","width":350,"height":200,"srcset":"https:\/\/i0.wp.com\/capitaliafamiliar.es\/informes\/wp-content\/uploads\/2019\/08\/informediario2.png?resize=350%2C200&ssl=1 1x, https:\/\/i0.wp.com\/capitaliafamiliar.es\/informes\/wp-content\/uploads\/2019\/08\/informediario2.png?resize=525%2C300&ssl=1 1.5x, https:\/\/i0.wp.com\/capitaliafamiliar.es\/informes\/wp-content\/uploads\/2019\/08\/informediario2.png?resize=700%2C400&ssl=1 2x"},"classes":[]}],"jetpack_sharing_enabled":true,"_links":{"self":[{"href":"https:\/\/capitaliafamiliar.es\/informes\/wp-json\/wp\/v2\/posts\/7236","targetHints":{"allow":["GET"]}}],"collection":[{"href":"https:\/\/capitaliafamiliar.es\/informes\/wp-json\/wp\/v2\/posts"}],"about":[{"href":"https:\/\/capitaliafamiliar.es\/informes\/wp-json\/wp\/v2\/types\/post"}],"author":[{"embeddable":true,"href":"https:\/\/capitaliafamiliar.es\/informes\/wp-json\/wp\/v2\/users\/2"}],"replies":[{"embeddable":true,"href":"https:\/\/capitaliafamiliar.es\/informes\/wp-json\/wp\/v2\/comments?post=7236"}],"version-history":[{"count":3,"href":"https:\/\/capitaliafamiliar.es\/informes\/wp-json\/wp\/v2\/posts\/7236\/revisions"}],"predecessor-version":[{"id":7241,"href":"https:\/\/capitaliafamiliar.es\/informes\/wp-json\/wp\/v2\/posts\/7236\/revisions\/7241"}],"wp:featuredmedia":[{"embeddable":true,"href":"https:\/\/capitaliafamiliar.es\/informes\/wp-json\/wp\/v2\/media\/2525"}],"wp:attachment":[{"href":"https:\/\/capitaliafamiliar.es\/informes\/wp-json\/wp\/v2\/media?parent=7236"}],"wp:term":[{"taxonomy":"category","embeddable":true,"href":"https:\/\/capitaliafamiliar.es\/informes\/wp-json\/wp\/v2\/categories?post=7236"},{"taxonomy":"post_tag","embeddable":true,"href":"https:\/\/capitaliafamiliar.es\/informes\/wp-json\/wp\/v2\/tags?post=7236"}],"curies":[{"name":"wp","href":"https:\/\/api.w.org\/{rel}","templated":true}]}}