{"id":7243,"date":"2021-11-23T17:01:56","date_gmt":"2021-11-23T17:01:56","guid":{"rendered":"https:\/\/capitaliafamiliar.es\/informes\/?p=7243"},"modified":"2021-11-23T17:15:48","modified_gmt":"2021-11-23T17:15:48","slug":"el-temor-a-nuevos-confinamientos-en-europa-y-la-subida-de-los-tipos-de-interes","status":"publish","type":"post","link":"https:\/\/capitaliafamiliar.es\/informes\/2021\/11\/23\/el-temor-a-nuevos-confinamientos-en-europa-y-la-subida-de-los-tipos-de-interes\/","title":{"rendered":"El temor a nuevos confinamientos en Europa y la subida de los tipos de inter\u00e9s de mercado penalizan a las bolsas"},"content":{"rendered":"<blockquote>\n<p style=\"text-align: justify;\"><span style=\"font-size: 16px;\"><strong>Informe diario del martes, 23 de noviembre de 2021<\/strong><\/span><\/p>\n<\/blockquote>\n<p>&nbsp;<\/p>\n<p style=\"text-align: justify;\"><span style=\"font-size: 16px;\"><strong>El temor a nuevos confinamientos en Europa y la subida de los tipos de inter\u00e9s de mercado penalizan a las bolsas.<\/strong> El avance del virus en pa\u00edses como Rep\u00fablica Checa, Pa\u00edses Bajos y, sobre todo, Alemania devuelve el temor a un rebrote de la pandemia y a nuevos confinamientos. La situaci\u00f3n en Alemania ya est\u00e1 descontrolada pese a las restricciones ya impuestas, y todo hace pensar que habr\u00e1 medidas m\u00e1s duras justo cuando empieza la campa\u00f1a navide\u00f1a. Todo ello provocar\u00eda un frenazo a la recuperaci\u00f3n econ\u00f3mica en Europa, en un momento en el que adem\u00e1s comenzaban a debatirse en el Banco Central Europeo los posibles plazos para normalizar la pol\u00edtica monetaria. El otro foco de incertidumbre para los mercados hoy fue el repunte de los tipos de inter\u00e9s de mercado, que est\u00e1 penalizando a la tecnolog\u00eda y a las <em>utilities<\/em> principalmente. Todo ello ha acelerado la din\u00e1mica de distribuci\u00f3n\/consolidaci\u00f3n en las bolsas, y si bien el movimiento sigue siendo ordenado y las ca\u00eddas desde m\u00e1ximos muy contenidas, en los pr\u00f3ximos d\u00edas no ser\u00eda descartable que los \u00edndices pusieran a prueba las primeras zonas de soporte si estas u otras incertidumbres se intensifican. En caso de que se confirmara este <em>pullback<\/em> a soportes en las bolsas y estos aguantaran, habr\u00e1 que estar muy atentos a la reacci\u00f3n alcista posterior para retomar posiciones en renta variable.<\/span><\/p>\n<p style=\"text-align: justify;\"><span style=\"font-size: 16px;\"><strong>En el terreno macroecon\u00f3mico,<\/strong> el PMI manufacturero del mes de noviembre en Estados Unidos subi\u00f3 en l\u00ednea con lo esperado al situarse en 59.1 puntos desde los 58.4 anteriores. Sin embargo, el PMI del sector servicios descendi\u00f3 contra pron\u00f3stico de 58.7 a 57.0 enteros. Por contra, en el Reino Unido y la Eurozona ambos datos de actividad resultaron mejores de lo esperado.<\/span><\/p>\n<p>&nbsp;<\/p>\n<p><img loading=\"lazy\" decoding=\"async\" data-attachment-id=\"7246\" data-permalink=\"https:\/\/capitaliafamiliar.es\/informes\/2021\/11\/23\/el-temor-a-nuevos-confinamientos-en-europa-y-la-subida-de-los-tipos-de-interes\/rv-860\/\" data-orig-file=\"https:\/\/capitaliafamiliar.es\/informes\/wp-content\/uploads\/2021\/11\/RV-14.jpg\" data-orig-size=\"336,413\" data-comments-opened=\"0\" data-image-meta=\"{&quot;aperture&quot;:&quot;0&quot;,&quot;credit&quot;:&quot;&quot;,&quot;camera&quot;:&quot;&quot;,&quot;caption&quot;:&quot;&quot;,&quot;created_timestamp&quot;:&quot;0&quot;,&quot;copyright&quot;:&quot;&quot;,&quot;focal_length&quot;:&quot;0&quot;,&quot;iso&quot;:&quot;0&quot;,&quot;shutter_speed&quot;:&quot;0&quot;,&quot;title&quot;:&quot;&quot;,&quot;orientation&quot;:&quot;0&quot;}\" data-image-title=\"RV\" data-image-description=\"\" data-image-caption=\"\" data-large-file=\"https:\/\/capitaliafamiliar.es\/informes\/wp-content\/uploads\/2021\/11\/RV-14.jpg\" class=\"alignnone size-full wp-image-7246\" src=\"https:\/\/capitaliafamiliar.es\/informes\/wp-content\/uploads\/2021\/11\/RV-14.jpg\" alt=\"\" width=\"336\" height=\"413\" srcset=\"https:\/\/capitaliafamiliar.es\/informes\/wp-content\/uploads\/2021\/11\/RV-14.jpg 336w, https:\/\/capitaliafamiliar.es\/informes\/wp-content\/uploads\/2021\/11\/RV-14-244x300.jpg 244w\" sizes=\"(max-width: 336px) 100vw, 336px\" \/><img loading=\"lazy\" decoding=\"async\" data-attachment-id=\"7247\" data-permalink=\"https:\/\/capitaliafamiliar.es\/informes\/2021\/11\/23\/el-temor-a-nuevos-confinamientos-en-europa-y-la-subida-de-los-tipos-de-interes\/rf-856\/\" data-orig-file=\"https:\/\/capitaliafamiliar.es\/informes\/wp-content\/uploads\/2021\/11\/RF-14.jpg\" data-orig-size=\"299,353\" data-comments-opened=\"0\" data-image-meta=\"{&quot;aperture&quot;:&quot;0&quot;,&quot;credit&quot;:&quot;&quot;,&quot;camera&quot;:&quot;&quot;,&quot;caption&quot;:&quot;&quot;,&quot;created_timestamp&quot;:&quot;0&quot;,&quot;copyright&quot;:&quot;&quot;,&quot;focal_length&quot;:&quot;0&quot;,&quot;iso&quot;:&quot;0&quot;,&quot;shutter_speed&quot;:&quot;0&quot;,&quot;title&quot;:&quot;&quot;,&quot;orientation&quot;:&quot;0&quot;}\" data-image-title=\"RF\" data-image-description=\"\" data-image-caption=\"\" data-large-file=\"https:\/\/capitaliafamiliar.es\/informes\/wp-content\/uploads\/2021\/11\/RF-14.jpg\" class=\"alignnone size-full wp-image-7247\" src=\"https:\/\/capitaliafamiliar.es\/informes\/wp-content\/uploads\/2021\/11\/RF-14.jpg\" alt=\"\" width=\"299\" height=\"353\" srcset=\"https:\/\/capitaliafamiliar.es\/informes\/wp-content\/uploads\/2021\/11\/RF-14.jpg 299w, https:\/\/capitaliafamiliar.es\/informes\/wp-content\/uploads\/2021\/11\/RF-14-254x300.jpg 254w\" sizes=\"(max-width: 299px) 100vw, 299px\" \/><\/p>\n<p>&nbsp;<\/p>\n<p><strong>| Agenda para ma\u00f1ana |<\/strong><\/p>\n<p><img loading=\"lazy\" decoding=\"async\" data-attachment-id=\"7245\" data-permalink=\"https:\/\/capitaliafamiliar.es\/informes\/2021\/11\/23\/el-temor-a-nuevos-confinamientos-en-europa-y-la-subida-de-los-tipos-de-interes\/ag-582\/\" data-orig-file=\"https:\/\/capitaliafamiliar.es\/informes\/wp-content\/uploads\/2021\/11\/AG-15.jpg\" data-orig-size=\"687,235\" data-comments-opened=\"0\" data-image-meta=\"{&quot;aperture&quot;:&quot;0&quot;,&quot;credit&quot;:&quot;&quot;,&quot;camera&quot;:&quot;&quot;,&quot;caption&quot;:&quot;&quot;,&quot;created_timestamp&quot;:&quot;0&quot;,&quot;copyright&quot;:&quot;&quot;,&quot;focal_length&quot;:&quot;0&quot;,&quot;iso&quot;:&quot;0&quot;,&quot;shutter_speed&quot;:&quot;0&quot;,&quot;title&quot;:&quot;&quot;,&quot;orientation&quot;:&quot;0&quot;}\" data-image-title=\"AG\" data-image-description=\"\" data-image-caption=\"\" data-large-file=\"https:\/\/capitaliafamiliar.es\/informes\/wp-content\/uploads\/2021\/11\/AG-15.jpg\" class=\"alignnone size-full wp-image-7245\" src=\"https:\/\/capitaliafamiliar.es\/informes\/wp-content\/uploads\/2021\/11\/AG-15.jpg\" alt=\"\" width=\"687\" height=\"235\" srcset=\"https:\/\/capitaliafamiliar.es\/informes\/wp-content\/uploads\/2021\/11\/AG-15.jpg 687w, https:\/\/capitaliafamiliar.es\/informes\/wp-content\/uploads\/2021\/11\/AG-15-300x103.jpg 300w\" sizes=\"(max-width: 687px) 100vw, 687px\" \/><\/p>\n<p>&nbsp;<\/p>\n<p>&nbsp;<\/p>\n<p style=\"text-align: center;\"><strong>Solicite informaci\u00f3n sobre nuestros servicios de asesoramiento financiero<\/strong><\/p>\n<p style=\"text-align: center;\">Si necesita ayuda para el cuidado de su patrimonio, no dude en ponerse en contacto con nosotros,<\/p>\n<p style=\"text-align: center;\">sin compromiso.<\/p>\n<p style=\"text-align: center;\">Tel\u00e9fono:\u00a0\u00a0 91 770\u00a0 22 84<\/p>\n<p style=\"text-align: center;\">Correo electr\u00f3nico:\u00a0\u00a0 capitaliafamiliar@capitaliafamiliar.es<\/p>\n","protected":false},"excerpt":{"rendered":"<p>Informe diario del martes, 23 de noviembre de 2021 &nbsp; El temor a nuevos confinamientos en Europa y la subida de los tipos de inter&eacute;s de mercado penalizan a las bolsas. El avance del virus en pa&iacute;ses como Rep&uacute;blica Checa, Pa&iacute;ses Bajos y, sobre todo, Alemania devuelve el temor a un rebrote de la pandemia [&hellip;]<\/p>\n","protected":false},"author":2,"featured_media":2525,"comment_status":"closed","ping_status":"closed","sticky":false,"template":"","format":"standard","meta":{"_et_pb_use_builder":"","_et_pb_old_content":"","_et_gb_content_width":"","jetpack_post_was_ever_published":false,"_jetpack_newsletter_access":"","_jetpack_dont_email_post_to_subs":false,"_jetpack_newsletter_tier_id":0,"_jetpack_memberships_contains_paywalled_content":false,"_jetpack_memberships_contains_paid_content":false,"footnotes":""},"categories":[1],"tags":[],"class_list":["post-7243","post","type-post","status-publish","format-standard","has-post-thumbnail","hentry","category-informediario"],"jetpack_featured_media_url":"https:\/\/capitaliafamiliar.es\/informes\/wp-content\/uploads\/2019\/08\/informediario2.png","jetpack_shortlink":"https:\/\/wp.me\/pa2IGq-1SP","jetpack-related-posts":[{"id":5871,"url":"https:\/\/capitaliafamiliar.es\/informes\/2021\/03\/23\/informe-diario-martes-23-de-marzo-de-2021\/","url_meta":{"origin":7243,"position":0},"title":"Informe Diario  Martes, 23 de marzo de 2021","author":"Capitalia Familiar","date":"23 de marzo de 2021","format":false,"excerpt":"El temor a nuevos confinamientos en Europa por el avance de la pandemia frena una vez m\u00e1s a los mercados... El temor a nuevos confinamientos en Europa por el avance de la pandemia frena una vez m\u00e1s a los mercados. Pese a que los efectos de la vacunaci\u00f3n empiezan a\u2026","rel":"","context":"En \u00abInforme Diario\u00bb","block_context":{"text":"Informe Diario","link":"https:\/\/capitaliafamiliar.es\/informes\/category\/informediario\/"},"img":{"alt_text":"","src":"https:\/\/i0.wp.com\/capitaliafamiliar.es\/informes\/wp-content\/uploads\/2019\/08\/informediario2.png?resize=350%2C200&ssl=1","width":350,"height":200,"srcset":"https:\/\/i0.wp.com\/capitaliafamiliar.es\/informes\/wp-content\/uploads\/2019\/08\/informediario2.png?resize=350%2C200&ssl=1 1x, https:\/\/i0.wp.com\/capitaliafamiliar.es\/informes\/wp-content\/uploads\/2019\/08\/informediario2.png?resize=525%2C300&ssl=1 1.5x, https:\/\/i0.wp.com\/capitaliafamiliar.es\/informes\/wp-content\/uploads\/2019\/08\/informediario2.png?resize=700%2C400&ssl=1 2x"},"classes":[]},{"id":5542,"url":"https:\/\/capitaliafamiliar.es\/informes\/2021\/01\/22\/informe-diario-viernes-22-de-enero-de-2021\/","url_meta":{"origin":7243,"position":1},"title":"Informe Diario  Viernes, 22 de enero de 2021","author":"Capitalia Familiar","date":"22 de enero de 2021","format":false,"excerpt":"Los mercados frenan su ascenso por el temor a que Europa sufra nuevos confinamientos por el avance del Covid-19... Los mercados frenan su ascenso por el temor a que Europa sufra nuevos confinamientos por el avance del Covid-19. En ausencia de novedades significativas desde Estados Unidos, los mercados vuelven a\u2026","rel":"","context":"En \u00abInforme Diario\u00bb","block_context":{"text":"Informe Diario","link":"https:\/\/capitaliafamiliar.es\/informes\/category\/informediario\/"},"img":{"alt_text":"","src":"https:\/\/i0.wp.com\/capitaliafamiliar.es\/informes\/wp-content\/uploads\/2019\/08\/informediario2.png?resize=350%2C200&ssl=1","width":350,"height":200,"srcset":"https:\/\/i0.wp.com\/capitaliafamiliar.es\/informes\/wp-content\/uploads\/2019\/08\/informediario2.png?resize=350%2C200&ssl=1 1x, https:\/\/i0.wp.com\/capitaliafamiliar.es\/informes\/wp-content\/uploads\/2019\/08\/informediario2.png?resize=525%2C300&ssl=1 1.5x, https:\/\/i0.wp.com\/capitaliafamiliar.es\/informes\/wp-content\/uploads\/2019\/08\/informediario2.png?resize=700%2C400&ssl=1 2x"},"classes":[]},{"id":5907,"url":"https:\/\/capitaliafamiliar.es\/informes\/2021\/03\/30\/informe-diario-martes-30-de-marzo-de-2021\/","url_meta":{"origin":7243,"position":2},"title":"Informe Diario  Martes, 30 de marzo de 2021","author":"Capitalia Familiar","date":"30 de marzo de 2021","format":false,"excerpt":"La subida de los tipos de mercado contin\u00faa marcando el ritmo de las bolsas... La subida de los tipos de mercado contin\u00faa marcando el ritmo de las bolsas. El Presidente de Estados Unidos, Joe Biden, anunci\u00f3 un plan de recuperaci\u00f3n para la econom\u00eda estadounidense que incluye la renovaci\u00f3n y construcci\u00f3n\u2026","rel":"","context":"En \u00abInforme Diario\u00bb","block_context":{"text":"Informe Diario","link":"https:\/\/capitaliafamiliar.es\/informes\/category\/informediario\/"},"img":{"alt_text":"","src":"https:\/\/i0.wp.com\/capitaliafamiliar.es\/informes\/wp-content\/uploads\/2019\/08\/informediario2.png?resize=350%2C200&ssl=1","width":350,"height":200,"srcset":"https:\/\/i0.wp.com\/capitaliafamiliar.es\/informes\/wp-content\/uploads\/2019\/08\/informediario2.png?resize=350%2C200&ssl=1 1x, https:\/\/i0.wp.com\/capitaliafamiliar.es\/informes\/wp-content\/uploads\/2019\/08\/informediario2.png?resize=525%2C300&ssl=1 1.5x, https:\/\/i0.wp.com\/capitaliafamiliar.es\/informes\/wp-content\/uploads\/2019\/08\/informediario2.png?resize=700%2C400&ssl=1 2x"},"classes":[]},{"id":7252,"url":"https:\/\/capitaliafamiliar.es\/informes\/2021\/11\/24\/se-mantiene-la-dinamica-consolidativa-en-las-bolsas-oportunidad-de-compra-o-amenaza\/","url_meta":{"origin":7243,"position":3},"title":"Se mantiene la din\u00e1mica consolidativa en las bolsas, \u00bfoportunidad de compra o amenaza?","author":"Capitalia Familiar","date":"24 de noviembre de 2021","format":false,"excerpt":"Informe diario del mi\u00e9rcoles, 24 de noviembre de 2021 \u00a0 Se mantiene la din\u00e1mica consolidativa en las bolsas, \u00bfoportunidad de compra o amenaza? La situaci\u00f3n de la pandemia en Europa y la subida de los tipos de inter\u00e9s de mercado contin\u00faan centrando la atenci\u00f3n de los mercados. En Alemania, el\u2026","rel":"","context":"En \u00abInforme Diario\u00bb","block_context":{"text":"Informe Diario","link":"https:\/\/capitaliafamiliar.es\/informes\/category\/informediario\/"},"img":{"alt_text":"","src":"https:\/\/i0.wp.com\/capitaliafamiliar.es\/informes\/wp-content\/uploads\/2019\/08\/informediario2.png?resize=350%2C200&ssl=1","width":350,"height":200,"srcset":"https:\/\/i0.wp.com\/capitaliafamiliar.es\/informes\/wp-content\/uploads\/2019\/08\/informediario2.png?resize=350%2C200&ssl=1 1x, https:\/\/i0.wp.com\/capitaliafamiliar.es\/informes\/wp-content\/uploads\/2019\/08\/informediario2.png?resize=525%2C300&ssl=1 1.5x, https:\/\/i0.wp.com\/capitaliafamiliar.es\/informes\/wp-content\/uploads\/2019\/08\/informediario2.png?resize=700%2C400&ssl=1 2x"},"classes":[]},{"id":5729,"url":"https:\/\/capitaliafamiliar.es\/informes\/2021\/02\/25\/informe-diario-jueves-25-de-febrero-de-2021\/","url_meta":{"origin":7243,"position":4},"title":"Informe Diario  Jueves, 25 de febrero de 2021","author":"Capitalia Familiar","date":"25 de febrero de 2021","format":false,"excerpt":"La subida de los tipos de inter\u00e9s de mercado obligar\u00e1 a actuar a la Reserva Federal... La subida de los tipos de inter\u00e9s de mercado obligar\u00e1 a actuar a la Reserva Federal. Desde la Fed, tanto el presidente Jerome Powell como algunos de sus miembros, han dejado claro que no\u2026","rel":"","context":"En \u00abInforme Diario\u00bb","block_context":{"text":"Informe Diario","link":"https:\/\/capitaliafamiliar.es\/informes\/category\/informediario\/"},"img":{"alt_text":"","src":"https:\/\/i0.wp.com\/capitaliafamiliar.es\/informes\/wp-content\/uploads\/2019\/08\/informediario2.png?resize=350%2C200&ssl=1","width":350,"height":200,"srcset":"https:\/\/i0.wp.com\/capitaliafamiliar.es\/informes\/wp-content\/uploads\/2019\/08\/informediario2.png?resize=350%2C200&ssl=1 1x, https:\/\/i0.wp.com\/capitaliafamiliar.es\/informes\/wp-content\/uploads\/2019\/08\/informediario2.png?resize=525%2C300&ssl=1 1.5x, https:\/\/i0.wp.com\/capitaliafamiliar.es\/informes\/wp-content\/uploads\/2019\/08\/informediario2.png?resize=700%2C400&ssl=1 2x"},"classes":[]},{"id":5841,"url":"https:\/\/capitaliafamiliar.es\/informes\/2021\/03\/16\/informe-diario-martes-16-de-marzo-de-2021\/","url_meta":{"origin":7243,"position":5},"title":"Informe Diario  Martes, 16 de marzo de 2021","author":"Capitalia Familiar","date":"16 de marzo de 2021","format":false,"excerpt":"\u00bfEspera el mercado un movimiento por parte de la Reserva Federal?... \u00bfEspera el mercado un movimiento por parte de la Reserva Federal? Los mercados han vivido en las \u00faltimas semanas con la incertidumbre creciente de la subida de los tipos de inter\u00e9s de mercado y el temor a un alza\u2026","rel":"","context":"En \u00abInforme Diario\u00bb","block_context":{"text":"Informe Diario","link":"https:\/\/capitaliafamiliar.es\/informes\/category\/informediario\/"},"img":{"alt_text":"","src":"https:\/\/i0.wp.com\/capitaliafamiliar.es\/informes\/wp-content\/uploads\/2019\/08\/informediario2.png?resize=350%2C200&ssl=1","width":350,"height":200,"srcset":"https:\/\/i0.wp.com\/capitaliafamiliar.es\/informes\/wp-content\/uploads\/2019\/08\/informediario2.png?resize=350%2C200&ssl=1 1x, https:\/\/i0.wp.com\/capitaliafamiliar.es\/informes\/wp-content\/uploads\/2019\/08\/informediario2.png?resize=525%2C300&ssl=1 1.5x, https:\/\/i0.wp.com\/capitaliafamiliar.es\/informes\/wp-content\/uploads\/2019\/08\/informediario2.png?resize=700%2C400&ssl=1 2x"},"classes":[]}],"jetpack_sharing_enabled":true,"_links":{"self":[{"href":"https:\/\/capitaliafamiliar.es\/informes\/wp-json\/wp\/v2\/posts\/7243","targetHints":{"allow":["GET"]}}],"collection":[{"href":"https:\/\/capitaliafamiliar.es\/informes\/wp-json\/wp\/v2\/posts"}],"about":[{"href":"https:\/\/capitaliafamiliar.es\/informes\/wp-json\/wp\/v2\/types\/post"}],"author":[{"embeddable":true,"href":"https:\/\/capitaliafamiliar.es\/informes\/wp-json\/wp\/v2\/users\/2"}],"replies":[{"embeddable":true,"href":"https:\/\/capitaliafamiliar.es\/informes\/wp-json\/wp\/v2\/comments?post=7243"}],"version-history":[{"count":4,"href":"https:\/\/capitaliafamiliar.es\/informes\/wp-json\/wp\/v2\/posts\/7243\/revisions"}],"predecessor-version":[{"id":7251,"href":"https:\/\/capitaliafamiliar.es\/informes\/wp-json\/wp\/v2\/posts\/7243\/revisions\/7251"}],"wp:featuredmedia":[{"embeddable":true,"href":"https:\/\/capitaliafamiliar.es\/informes\/wp-json\/wp\/v2\/media\/2525"}],"wp:attachment":[{"href":"https:\/\/capitaliafamiliar.es\/informes\/wp-json\/wp\/v2\/media?parent=7243"}],"wp:term":[{"taxonomy":"category","embeddable":true,"href":"https:\/\/capitaliafamiliar.es\/informes\/wp-json\/wp\/v2\/categories?post=7243"},{"taxonomy":"post_tag","embeddable":true,"href":"https:\/\/capitaliafamiliar.es\/informes\/wp-json\/wp\/v2\/tags?post=7243"}],"curies":[{"name":"wp","href":"https:\/\/api.w.org\/{rel}","templated":true}]}}