{"id":7258,"date":"2021-11-25T16:58:18","date_gmt":"2021-11-25T16:58:18","guid":{"rendered":"https:\/\/capitaliafamiliar.es\/informes\/?p=7258"},"modified":"2021-11-25T17:26:47","modified_gmt":"2021-11-25T17:26:47","slug":"sesion-de-transicion-en-los-mercados-que-no-contaron-con-la-referencia-de-wall-street-por-la-celebracion-del-dia-de-accion-de-gracias","status":"publish","type":"post","link":"https:\/\/capitaliafamiliar.es\/informes\/2021\/11\/25\/sesion-de-transicion-en-los-mercados-que-no-contaron-con-la-referencia-de-wall-street-por-la-celebracion-del-dia-de-accion-de-gracias\/","title":{"rendered":"Sesi\u00f3n de transici\u00f3n en los mercados, que no contaron con la referencia de Wall Street por la celebraci\u00f3n del D\u00eda de Acci\u00f3n de Gracias"},"content":{"rendered":"<blockquote>\n<p style=\"text-align: justify;\"><span style=\"font-size: 16px;\"><strong>Informe diario del jueves, 25 de noviembre de 2021<\/strong><\/span><\/p>\n<\/blockquote>\n<p>&nbsp;<\/p>\n<p style=\"text-align: justify;\"><span style=\"font-size: 16px;\"><strong>Sesi\u00f3n de transici\u00f3n en los mercados, que no contaron con la referencia de Wall Street por la celebraci\u00f3n del D\u00eda de Acci\u00f3n de Gracias.<\/strong> La festividad del D\u00eda de Acci\u00f3n de Gracias pr\u00e1cticamente paraliza Estados Unidos, lo que provoca tambi\u00e9n una menor actividad y volumen en los mercados del resto del mundo. As\u00ed, las bolsas del Viejo Continente vivieron una sesi\u00f3n anodina e intrascendente, incluso pese al peligroso avance del Covid-19 en el centro y norte de Europa. Al confinamiento de Austria se suma ahora el de Eslovaquia, y la situaci\u00f3n contin\u00faa agrav\u00e1ndose en otros pa\u00edses como Pa\u00edses Bajos, Finlandia y Alemania. Es precisamente el pa\u00eds germano el que m\u00e1s preocupa a los mercados, dada su importancia y peso en el panorama europeo. Alemania ha registrado su peor d\u00eda desde que se inici\u00f3 la pandemia, pero el nuevo ejecutivo liderado por Scholz ha descartado adoptar nuevas medidas restrictivas, dejando sin efecto el plan del ejecutivo interino de la presidenta saliente Merkel. El gobierno centrar\u00e1 sus esfuerzos en concienciar a la poblaci\u00f3n de la importancia de la vacunaci\u00f3n, que ser\u00e1 obligatoria para empleados que traten con personas sensibles. Medidas mucho m\u00e1s laxas que las previstas por Merkel, aunque si la situaci\u00f3n se hiciera insostenible, no puede descartarse que se adopten decisiones m\u00e1s contundentes.\u00a0\u00a0<\/span><\/p>\n<p style=\"text-align: justify;\"><span style=\"font-size: 16px;\"><strong>En el terreno macroecon\u00f3mico,<\/strong> el dato final del PIB germano del tercer trimestre no depar\u00f3 sorpresas: la econom\u00eda creci\u00f3 un+2.5% interanual.<\/span><\/p>\n<p>&nbsp;<\/p>\n<p><img loading=\"lazy\" decoding=\"async\" data-attachment-id=\"7259\" data-permalink=\"https:\/\/capitaliafamiliar.es\/informes\/2021\/11\/25\/sesion-de-transicion-en-los-mercados-que-no-contaron-con-la-referencia-de-wall-street-por-la-celebracion-del-dia-de-accion-de-gracias\/rv-862\/\" data-orig-file=\"https:\/\/capitaliafamiliar.es\/informes\/wp-content\/uploads\/2021\/11\/RV-16.jpg\" data-orig-size=\"336,413\" data-comments-opened=\"0\" data-image-meta=\"{&quot;aperture&quot;:&quot;0&quot;,&quot;credit&quot;:&quot;&quot;,&quot;camera&quot;:&quot;&quot;,&quot;caption&quot;:&quot;&quot;,&quot;created_timestamp&quot;:&quot;0&quot;,&quot;copyright&quot;:&quot;&quot;,&quot;focal_length&quot;:&quot;0&quot;,&quot;iso&quot;:&quot;0&quot;,&quot;shutter_speed&quot;:&quot;0&quot;,&quot;title&quot;:&quot;&quot;,&quot;orientation&quot;:&quot;0&quot;}\" data-image-title=\"RV\" data-image-description=\"\" data-image-caption=\"\" data-large-file=\"https:\/\/capitaliafamiliar.es\/informes\/wp-content\/uploads\/2021\/11\/RV-16.jpg\" class=\"alignnone size-full wp-image-7259\" src=\"https:\/\/capitaliafamiliar.es\/informes\/wp-content\/uploads\/2021\/11\/RV-16.jpg\" alt=\"\" width=\"336\" height=\"413\" srcset=\"https:\/\/capitaliafamiliar.es\/informes\/wp-content\/uploads\/2021\/11\/RV-16.jpg 336w, https:\/\/capitaliafamiliar.es\/informes\/wp-content\/uploads\/2021\/11\/RV-16-244x300.jpg 244w\" sizes=\"(max-width: 336px) 100vw, 336px\" \/><img loading=\"lazy\" decoding=\"async\" data-attachment-id=\"7260\" data-permalink=\"https:\/\/capitaliafamiliar.es\/informes\/2021\/11\/25\/sesion-de-transicion-en-los-mercados-que-no-contaron-con-la-referencia-de-wall-street-por-la-celebracion-del-dia-de-accion-de-gracias\/rf-858\/\" data-orig-file=\"https:\/\/capitaliafamiliar.es\/informes\/wp-content\/uploads\/2021\/11\/RF-16.jpg\" data-orig-size=\"299,353\" data-comments-opened=\"0\" data-image-meta=\"{&quot;aperture&quot;:&quot;0&quot;,&quot;credit&quot;:&quot;&quot;,&quot;camera&quot;:&quot;&quot;,&quot;caption&quot;:&quot;&quot;,&quot;created_timestamp&quot;:&quot;0&quot;,&quot;copyright&quot;:&quot;&quot;,&quot;focal_length&quot;:&quot;0&quot;,&quot;iso&quot;:&quot;0&quot;,&quot;shutter_speed&quot;:&quot;0&quot;,&quot;title&quot;:&quot;&quot;,&quot;orientation&quot;:&quot;0&quot;}\" data-image-title=\"RF\" data-image-description=\"\" data-image-caption=\"\" data-large-file=\"https:\/\/capitaliafamiliar.es\/informes\/wp-content\/uploads\/2021\/11\/RF-16.jpg\" class=\"alignnone size-full wp-image-7260\" src=\"https:\/\/capitaliafamiliar.es\/informes\/wp-content\/uploads\/2021\/11\/RF-16.jpg\" alt=\"\" width=\"299\" height=\"353\" srcset=\"https:\/\/capitaliafamiliar.es\/informes\/wp-content\/uploads\/2021\/11\/RF-16.jpg 299w, https:\/\/capitaliafamiliar.es\/informes\/wp-content\/uploads\/2021\/11\/RF-16-254x300.jpg 254w\" sizes=\"(max-width: 299px) 100vw, 299px\" \/><\/p>\n<p>&nbsp;<\/p>\n<p><strong>| Agenda para ma\u00f1ana |<\/strong><\/p>\n<p>No habr\u00e1 datos relevantes en el terreno macroecon\u00f3mico.<\/p>\n<p>&nbsp;<\/p>\n<p>&nbsp;<\/p>\n<p style=\"text-align: center;\"><strong>Solicite informaci\u00f3n sobre nuestros servicios de asesoramiento financiero<\/strong><\/p>\n<p style=\"text-align: center;\">Si necesita ayuda para el cuidado de su patrimonio, no dude en ponerse en contacto con nosotros,<\/p>\n<p style=\"text-align: center;\">sin compromiso.<\/p>\n<p style=\"text-align: center;\">Tel\u00e9fono:\u00a0\u00a0 91 770\u00a0 22 84<\/p>\n<p style=\"text-align: center;\">Correo electr\u00f3nico:\u00a0\u00a0 capitaliafamiliar@capitaliafamiliar.es<\/p>\n","protected":false},"excerpt":{"rendered":"<p>Informe diario del jueves, 25 de noviembre de 2021 &nbsp; Sesi&oacute;n de transici&oacute;n en los mercados, que no contaron con la referencia de Wall Street por la celebraci&oacute;n del D&iacute;a de Acci&oacute;n de Gracias. La festividad del D&iacute;a de Acci&oacute;n de Gracias pr&aacute;cticamente paraliza Estados Unidos, lo que provoca tambi&eacute;n una menor actividad y volumen [&hellip;]<\/p>\n","protected":false},"author":2,"featured_media":2525,"comment_status":"closed","ping_status":"closed","sticky":false,"template":"","format":"standard","meta":{"_et_pb_use_builder":"","_et_pb_old_content":"","_et_gb_content_width":"","jetpack_post_was_ever_published":false,"_jetpack_newsletter_access":"","_jetpack_dont_email_post_to_subs":false,"_jetpack_newsletter_tier_id":0,"_jetpack_memberships_contains_paywalled_content":false,"_jetpack_memberships_contains_paid_content":false,"footnotes":""},"categories":[1],"tags":[],"class_list":["post-7258","post","type-post","status-publish","format-standard","has-post-thumbnail","hentry","category-informediario"],"jetpack_featured_media_url":"https:\/\/capitaliafamiliar.es\/informes\/wp-content\/uploads\/2019\/08\/informediario2.png","jetpack_shortlink":"https:\/\/wp.me\/pa2IGq-1T4","jetpack-related-posts":[{"id":10463,"url":"https:\/\/capitaliafamiliar.es\/informes\/2023\/11\/23\/la-celebracion-del-dia-de-accion-de-gracias-congela-los-mercados-financieros\/","url_meta":{"origin":7258,"position":0},"title":"La celebraci\u00f3n del D\u00eda de Acci\u00f3n de Gracias congela los mercados financieros","author":"Capitalia Familiar","date":"23 de noviembre de 2023","format":false,"excerpt":"Informe diario del jueves, 23 de noviembre de 2023 \u00a0 Sinopsis Hoy en los mercados La celebraci\u00f3n del D\u00eda de Acci\u00f3n de Gracias en Estados Unidos nos dej\u00f3 una sesi\u00f3n completamente intrascendente y de movimientos imperceptibles en los mercados. An\u00e1lisis de situaci\u00f3n Tras los recientes excesos, la hip\u00f3tesis m\u00e1s probable\u2026","rel":"","context":"En \u00abInforme Diario Privado\u00bb","block_context":{"text":"Informe Diario Privado","link":"https:\/\/capitaliafamiliar.es\/informes\/category\/informe-diario-privado\/"},"img":{"alt_text":"","src":"https:\/\/i0.wp.com\/capitaliafamiliar.es\/informes\/wp-content\/uploads\/2019\/08\/informediario2.png?resize=350%2C200&ssl=1","width":350,"height":200,"srcset":"https:\/\/i0.wp.com\/capitaliafamiliar.es\/informes\/wp-content\/uploads\/2019\/08\/informediario2.png?resize=350%2C200&ssl=1 1x, https:\/\/i0.wp.com\/capitaliafamiliar.es\/informes\/wp-content\/uploads\/2019\/08\/informediario2.png?resize=525%2C300&ssl=1 1.5x, https:\/\/i0.wp.com\/capitaliafamiliar.es\/informes\/wp-content\/uploads\/2019\/08\/informediario2.png?resize=700%2C400&ssl=1 2x"},"classes":[]},{"id":10467,"url":"https:\/\/capitaliafamiliar.es\/informes\/2023\/11\/23\/la-celebracion-del-dia-de-accion-de-gracias-congela-los-mercados-financieros-2\/","url_meta":{"origin":7258,"position":1},"title":"La celebraci\u00f3n del D\u00eda de Acci\u00f3n de Gracias congela los mercados financieros","author":"Capitalia Familiar","date":"23 de noviembre de 2023","format":false,"excerpt":"Informe diario del jueves, 23 de noviembre de 2023 \u00a0 Sinopsis Hoy en los mercados La celebraci\u00f3n del D\u00eda de Acci\u00f3n de Gracias en Estados Unidos nos dej\u00f3 una sesi\u00f3n completamente intrascendente y de movimientos imperceptibles en los mercados. An\u00e1lisis de situaci\u00f3n Tras los recientes excesos, la hip\u00f3tesis m\u00e1s probable\u2026","rel":"","context":"En \u00abInforme Diario\u00bb","block_context":{"text":"Informe Diario","link":"https:\/\/capitaliafamiliar.es\/informes\/category\/informediario\/"},"img":{"alt_text":"","src":"https:\/\/i0.wp.com\/capitaliafamiliar.es\/informes\/wp-content\/uploads\/2019\/08\/informediario2.png?resize=350%2C200&ssl=1","width":350,"height":200,"srcset":"https:\/\/i0.wp.com\/capitaliafamiliar.es\/informes\/wp-content\/uploads\/2019\/08\/informediario2.png?resize=350%2C200&ssl=1 1x, https:\/\/i0.wp.com\/capitaliafamiliar.es\/informes\/wp-content\/uploads\/2019\/08\/informediario2.png?resize=525%2C300&ssl=1 1.5x, https:\/\/i0.wp.com\/capitaliafamiliar.es\/informes\/wp-content\/uploads\/2019\/08\/informediario2.png?resize=700%2C400&ssl=1 2x"},"classes":[]},{"id":5263,"url":"https:\/\/capitaliafamiliar.es\/informes\/2020\/11\/26\/informe-diario-jueves-26-de-noviembre-de-2020\/","url_meta":{"origin":7258,"position":2},"title":"Informe Diario  Jueves, 26 de noviembre de 2020","author":"Capitalia Familiar","date":"26 de noviembre de 2020","format":false,"excerpt":"La festividad de Acci\u00f3n de Gracias en Estados Unidos demora a\u00fan m\u00e1s la resoluci\u00f3n del ataque a resistencias de las bolsas... La festividad de Acci\u00f3n de Gracias en Estados Unidos demora a\u00fan m\u00e1s la resoluci\u00f3n del ataque a resistencias de las bolsas. Sesi\u00f3n anodina y de rangos estrechos en los\u2026","rel":"","context":"En \u00abInforme Diario\u00bb","block_context":{"text":"Informe Diario","link":"https:\/\/capitaliafamiliar.es\/informes\/category\/informediario\/"},"img":{"alt_text":"","src":"https:\/\/i0.wp.com\/capitaliafamiliar.es\/informes\/wp-content\/uploads\/2019\/08\/informediario2.png?resize=350%2C200&ssl=1","width":350,"height":200,"srcset":"https:\/\/i0.wp.com\/capitaliafamiliar.es\/informes\/wp-content\/uploads\/2019\/08\/informediario2.png?resize=350%2C200&ssl=1 1x, https:\/\/i0.wp.com\/capitaliafamiliar.es\/informes\/wp-content\/uploads\/2019\/08\/informediario2.png?resize=525%2C300&ssl=1 1.5x, https:\/\/i0.wp.com\/capitaliafamiliar.es\/informes\/wp-content\/uploads\/2019\/08\/informediario2.png?resize=700%2C400&ssl=1 2x"},"classes":[]},{"id":8876,"url":"https:\/\/capitaliafamiliar.es\/informes\/2023\/02\/20\/los-mercados-bursatiles-continuan-en-zona-de-resistencia-sin-definirse-por-ahora\/","url_meta":{"origin":7258,"position":3},"title":"Los mercados burs\u00e1tiles contin\u00faan en zona de resistencia, sin definirse&#8230;por ahora.","author":"Capitalia Familiar","date":"20 de febrero de 2023","format":false,"excerpt":"Informe diario del lunes, 20 de febrero de 2023 \u00a0 Sinopsis Hoy en los mercados Jornada de transici\u00f3n en los mercados, que no contaron con la referencia de Wall Street por la celebraci\u00f3n del D\u00eda de los Presidentes. An\u00e1lisis de situaci\u00f3n Los \u00edndices se mantienen en zona de resistencia a\u2026","rel":"","context":"En \u00abInforme Diario Privado\u00bb","block_context":{"text":"Informe Diario Privado","link":"https:\/\/capitaliafamiliar.es\/informes\/category\/informe-diario-privado\/"},"img":{"alt_text":"","src":"https:\/\/i0.wp.com\/capitaliafamiliar.es\/informes\/wp-content\/uploads\/2019\/08\/informediario2.png?resize=350%2C200&ssl=1","width":350,"height":200,"srcset":"https:\/\/i0.wp.com\/capitaliafamiliar.es\/informes\/wp-content\/uploads\/2019\/08\/informediario2.png?resize=350%2C200&ssl=1 1x, https:\/\/i0.wp.com\/capitaliafamiliar.es\/informes\/wp-content\/uploads\/2019\/08\/informediario2.png?resize=525%2C300&ssl=1 1.5x, https:\/\/i0.wp.com\/capitaliafamiliar.es\/informes\/wp-content\/uploads\/2019\/08\/informediario2.png?resize=700%2C400&ssl=1 2x"},"classes":[]},{"id":6809,"url":"https:\/\/capitaliafamiliar.es\/informes\/2021\/09\/06\/informe-diario-lunes-6-de-septiembre-de-2021\/","url_meta":{"origin":7258,"position":4},"title":"Informe Diario  Lunes, 6 de septiembre de 2021","author":"Capitalia Familiar","date":"6 de septiembre de 2021","format":false,"excerpt":"Rebote en las bolsas europeas, que no contaron con la referencia de Wall Street... \u00a0 Rebote en las bolsas europeas, que no contaron con la referencia de Wall Street. Las bolsas europeas se recuperaron de las ca\u00eddas del viernes en una sesi\u00f3n que fue de menos a m\u00e1s y que\u2026","rel":"","context":"En \u00abInforme Diario\u00bb","block_context":{"text":"Informe Diario","link":"https:\/\/capitaliafamiliar.es\/informes\/category\/informediario\/"},"img":{"alt_text":"","src":"https:\/\/i0.wp.com\/capitaliafamiliar.es\/informes\/wp-content\/uploads\/2019\/08\/informediario2.png?resize=350%2C200&ssl=1","width":350,"height":200,"srcset":"https:\/\/i0.wp.com\/capitaliafamiliar.es\/informes\/wp-content\/uploads\/2019\/08\/informediario2.png?resize=350%2C200&ssl=1 1x, https:\/\/i0.wp.com\/capitaliafamiliar.es\/informes\/wp-content\/uploads\/2019\/08\/informediario2.png?resize=525%2C300&ssl=1 1.5x, https:\/\/i0.wp.com\/capitaliafamiliar.es\/informes\/wp-content\/uploads\/2019\/08\/informediario2.png?resize=700%2C400&ssl=1 2x"},"classes":[]},{"id":8880,"url":"https:\/\/capitaliafamiliar.es\/informes\/2023\/02\/20\/los-mercados-bursatiles-continuan-en-zona-de-resistencia-sin-definirse-por-ahora-2\/","url_meta":{"origin":7258,"position":5},"title":"Los mercados burs\u00e1tiles contin\u00faan en zona de resistencia, sin definirse&#8230;por ahora.","author":"Capitalia Familiar","date":"20 de febrero de 2023","format":false,"excerpt":"Informe diario del lunes, 20 de febrero de 2023 \u00a0 Sinopsis Hoy en los mercados Jornada de transici\u00f3n en los mercados, que no contaron con la referencia de Wall Street por la celebraci\u00f3n del D\u00eda de los Presidentes. An\u00e1lisis de situaci\u00f3n Los \u00edndices se mantienen en zona de resistencia a\u2026","rel":"","context":"En \u00abInforme Diario\u00bb","block_context":{"text":"Informe Diario","link":"https:\/\/capitaliafamiliar.es\/informes\/category\/informediario\/"},"img":{"alt_text":"","src":"https:\/\/i0.wp.com\/capitaliafamiliar.es\/informes\/wp-content\/uploads\/2019\/08\/informediario2.png?resize=350%2C200&ssl=1","width":350,"height":200,"srcset":"https:\/\/i0.wp.com\/capitaliafamiliar.es\/informes\/wp-content\/uploads\/2019\/08\/informediario2.png?resize=350%2C200&ssl=1 1x, https:\/\/i0.wp.com\/capitaliafamiliar.es\/informes\/wp-content\/uploads\/2019\/08\/informediario2.png?resize=525%2C300&ssl=1 1.5x, https:\/\/i0.wp.com\/capitaliafamiliar.es\/informes\/wp-content\/uploads\/2019\/08\/informediario2.png?resize=700%2C400&ssl=1 2x"},"classes":[]}],"jetpack_sharing_enabled":true,"_links":{"self":[{"href":"https:\/\/capitaliafamiliar.es\/informes\/wp-json\/wp\/v2\/posts\/7258","targetHints":{"allow":["GET"]}}],"collection":[{"href":"https:\/\/capitaliafamiliar.es\/informes\/wp-json\/wp\/v2\/posts"}],"about":[{"href":"https:\/\/capitaliafamiliar.es\/informes\/wp-json\/wp\/v2\/types\/post"}],"author":[{"embeddable":true,"href":"https:\/\/capitaliafamiliar.es\/informes\/wp-json\/wp\/v2\/users\/2"}],"replies":[{"embeddable":true,"href":"https:\/\/capitaliafamiliar.es\/informes\/wp-json\/wp\/v2\/comments?post=7258"}],"version-history":[{"count":2,"href":"https:\/\/capitaliafamiliar.es\/informes\/wp-json\/wp\/v2\/posts\/7258\/revisions"}],"predecessor-version":[{"id":7262,"href":"https:\/\/capitaliafamiliar.es\/informes\/wp-json\/wp\/v2\/posts\/7258\/revisions\/7262"}],"wp:featuredmedia":[{"embeddable":true,"href":"https:\/\/capitaliafamiliar.es\/informes\/wp-json\/wp\/v2\/media\/2525"}],"wp:attachment":[{"href":"https:\/\/capitaliafamiliar.es\/informes\/wp-json\/wp\/v2\/media?parent=7258"}],"wp:term":[{"taxonomy":"category","embeddable":true,"href":"https:\/\/capitaliafamiliar.es\/informes\/wp-json\/wp\/v2\/categories?post=7258"},{"taxonomy":"post_tag","embeddable":true,"href":"https:\/\/capitaliafamiliar.es\/informes\/wp-json\/wp\/v2\/tags?post=7258"}],"curies":[{"name":"wp","href":"https:\/\/api.w.org\/{rel}","templated":true}]}}