{"id":7309,"date":"2021-12-03T17:12:08","date_gmt":"2021-12-03T17:12:08","guid":{"rendered":"https:\/\/capitaliafamiliar.es\/informes\/?p=7309"},"modified":"2021-12-03T17:12:08","modified_gmt":"2021-12-03T17:12:08","slug":"se-mantiene-la-dinamica-de-consolidacion-distribucion-en-las-bolsas-en-torno-ya-a-soportes-de-medio-largo-plazo","status":"publish","type":"post","link":"https:\/\/capitaliafamiliar.es\/informes\/2021\/12\/03\/se-mantiene-la-dinamica-de-consolidacion-distribucion-en-las-bolsas-en-torno-ya-a-soportes-de-medio-largo-plazo\/","title":{"rendered":"Se mantiene la din\u00e1mica de consolidaci\u00f3n\/distribuci\u00f3n en las bolsas, en torno ya a soportes de medio\/largo plazo"},"content":{"rendered":"<blockquote>\n<p style=\"text-align: justify;\"><span style=\"font-size: 16px;\"><strong>Informe diario del viernes, 3 de diciembre de 2021<\/strong><\/span><\/p>\n<\/blockquote>\n<p>&nbsp;<\/p>\n<p style=\"text-align: justify;\"><span style=\"font-size: 16px;\"><strong>Se mantiene la din\u00e1mica de consolidaci\u00f3n\/distribuci\u00f3n en las bolsas, en torno ya a soportes de medio\/largo plazo.<\/strong> Al cierre de la semana, contin\u00faa la din\u00e1mica consolidativa en los mercados, y los principales \u00edndices burs\u00e1tiles contin\u00faan testando las zonas de soporte de medio\/largo plazo. La incertidumbre generada por la variante Omicron ha elevado la volatilidad en las bolsas y ha quebrado la tendencia alcista de muchos valores, si bien a nivel \u00edndices los soportes contin\u00faan aguantando en la mayor\u00eda de los casos. Los datos oficiales de empleo publicados hoy en Estados Unidos no ayudaron precisamente a clarificar un contexto de mercado que se mantiene contaminado por la incertidumbre todav\u00eda existente en torno a la relevancia potencial de Omicron, y por el repentino giro de la Reserva Federal en favor de una normalizaci\u00f3n m\u00e1s acelerada de su pol\u00edtica monetaria. As\u00ed las cosas, <strong>es crucial para los mercados que los soportes no sean perforados a la baja hasta que los estudios en curso revelen la verdadera virulencia de Omicron y la Fed oficialice su nueva hoja de ruta en la reuni\u00f3n de los d\u00edas 14 y 15 de diciembre.<\/strong><\/span><\/p>\n<p style=\"text-align: justify;\"><span style=\"font-size: 16px;\"><strong>Se desacelera la creaci\u00f3n de empleo en Estados Unidos.<\/strong> La econom\u00eda estadounidense cre\u00f3 durante el mes de noviembre +210 mil nuevos puestos de trabajo, lejos de los +550 mil que esperaba el consenso del mercado y de los +546 mil del mes precedente. El sector privado cre\u00f3 +235 mil empleos, tambi\u00e9n por debajo de los +530 mil previstos, en tanto que el sector p\u00fablico destruy\u00f3 -25 mil puestos de trabajo. En t\u00e9rminos de la encuesta de poblaci\u00f3n activa, la tasa de paro disminuy\u00f3 sorprendentemente del 4.6% al 4.2% gracias a que +1.14 millones de estadounidenses encontraron un nuevo puesto de trabajo, de los cuales 594 mil fueron nuevas personas que se incorporaron a la poblaci\u00f3n activa, lo que permiti\u00f3 que el n\u00famero de desempleados se redujera en -542 mil personas. Por \u00faltimo, el crecimiento de los ingresos medios por hora se situ\u00f3 en el +4.8% interanual, por debajo del +5.0% esperado. Pese a la ca\u00edda en la tasa de desempleo, la tasa de participaci\u00f3n laboral contin\u00faa sensiblemente por debajo de los niveles pre pandemia (del 61.8% frente al 63.3% de entonces), sin que haya una explicaci\u00f3n clara sobre por qu\u00e9 se produce esta coyuntura.<\/span><\/p>\n<p style=\"text-align: justify;\"><span style=\"font-size: 16px;\"><strong>Tambi\u00e9n en el terreno macroecon\u00f3mico,<\/strong> el ISM del sector no manufacturero estadounidense subi\u00f3 con fuerza y contra pron\u00f3stico para situarse en noviembre en 69.1 enteros desde los 66.7 anteriores. Adem\u00e1s, el dato final del PMI de servicios tambi\u00e9n mostr\u00f3 una mayor expansi\u00f3n. Menos positivos resultaron los PMI de servicios en Europa y China, al situarse ligeramente por debajo de lo esperado.<\/span><\/p>\n<p style=\"text-align: justify;\"><span style=\"font-size: 16px;\"><strong>Alemania confina a los no vacunados e impondr\u00e1 la vacunaci\u00f3n obligatoria a partir de febrero.<\/strong> Los no vacunados ver\u00e1n limitados sus movimientos a necesidades b\u00e1sicas y deber\u00e1n vacunarse de manera obligatoria a partir de febrero. Adem\u00e1s de estas medidas, se restringir\u00e1 el acceso al ocio nocturno y se reducir\u00e1n los aforos.<\/span><\/p>\n<p>&nbsp;<\/p>\n<p><img loading=\"lazy\" decoding=\"async\" data-attachment-id=\"7311\" data-permalink=\"https:\/\/capitaliafamiliar.es\/informes\/2021\/12\/03\/se-mantiene-la-dinamica-de-consolidacion-distribucion-en-las-bolsas-en-torno-ya-a-soportes-de-medio-largo-plazo\/rv-868\/\" data-orig-file=\"https:\/\/capitaliafamiliar.es\/informes\/wp-content\/uploads\/2021\/12\/RV-2.jpg\" data-orig-size=\"336,413\" data-comments-opened=\"0\" data-image-meta=\"{&quot;aperture&quot;:&quot;0&quot;,&quot;credit&quot;:&quot;&quot;,&quot;camera&quot;:&quot;&quot;,&quot;caption&quot;:&quot;&quot;,&quot;created_timestamp&quot;:&quot;0&quot;,&quot;copyright&quot;:&quot;&quot;,&quot;focal_length&quot;:&quot;0&quot;,&quot;iso&quot;:&quot;0&quot;,&quot;shutter_speed&quot;:&quot;0&quot;,&quot;title&quot;:&quot;&quot;,&quot;orientation&quot;:&quot;0&quot;}\" data-image-title=\"RV\" data-image-description=\"\" data-image-caption=\"\" data-large-file=\"https:\/\/capitaliafamiliar.es\/informes\/wp-content\/uploads\/2021\/12\/RV-2.jpg\" class=\"alignnone size-full wp-image-7311\" src=\"https:\/\/capitaliafamiliar.es\/informes\/wp-content\/uploads\/2021\/12\/RV-2.jpg\" alt=\"\" width=\"336\" height=\"413\" srcset=\"https:\/\/capitaliafamiliar.es\/informes\/wp-content\/uploads\/2021\/12\/RV-2.jpg 336w, https:\/\/capitaliafamiliar.es\/informes\/wp-content\/uploads\/2021\/12\/RV-2-244x300.jpg 244w\" sizes=\"(max-width: 336px) 100vw, 336px\" \/><img loading=\"lazy\" decoding=\"async\" data-attachment-id=\"7312\" data-permalink=\"https:\/\/capitaliafamiliar.es\/informes\/2021\/12\/03\/se-mantiene-la-dinamica-de-consolidacion-distribucion-en-las-bolsas-en-torno-ya-a-soportes-de-medio-largo-plazo\/rf-864\/\" data-orig-file=\"https:\/\/capitaliafamiliar.es\/informes\/wp-content\/uploads\/2021\/12\/RF-2.jpg\" data-orig-size=\"299,353\" data-comments-opened=\"0\" data-image-meta=\"{&quot;aperture&quot;:&quot;0&quot;,&quot;credit&quot;:&quot;&quot;,&quot;camera&quot;:&quot;&quot;,&quot;caption&quot;:&quot;&quot;,&quot;created_timestamp&quot;:&quot;0&quot;,&quot;copyright&quot;:&quot;&quot;,&quot;focal_length&quot;:&quot;0&quot;,&quot;iso&quot;:&quot;0&quot;,&quot;shutter_speed&quot;:&quot;0&quot;,&quot;title&quot;:&quot;&quot;,&quot;orientation&quot;:&quot;0&quot;}\" data-image-title=\"RF\" data-image-description=\"\" data-image-caption=\"\" data-large-file=\"https:\/\/capitaliafamiliar.es\/informes\/wp-content\/uploads\/2021\/12\/RF-2.jpg\" class=\"alignnone size-full wp-image-7312\" src=\"https:\/\/capitaliafamiliar.es\/informes\/wp-content\/uploads\/2021\/12\/RF-2.jpg\" alt=\"\" width=\"299\" height=\"353\" srcset=\"https:\/\/capitaliafamiliar.es\/informes\/wp-content\/uploads\/2021\/12\/RF-2.jpg 299w, https:\/\/capitaliafamiliar.es\/informes\/wp-content\/uploads\/2021\/12\/RF-2-254x300.jpg 254w\" sizes=\"(max-width: 299px) 100vw, 299px\" \/><\/p>\n<p>&nbsp;<\/p>\n<p><strong>| Agenda para el lunes |<\/strong><\/p>\n<p><img loading=\"lazy\" decoding=\"async\" data-attachment-id=\"7310\" data-permalink=\"https:\/\/capitaliafamiliar.es\/informes\/2021\/12\/03\/se-mantiene-la-dinamica-de-consolidacion-distribucion-en-las-bolsas-en-torno-ya-a-soportes-de-medio-largo-plazo\/ag-589\/\" data-orig-file=\"https:\/\/capitaliafamiliar.es\/informes\/wp-content\/uploads\/2021\/12\/AG-2.jpg\" data-orig-size=\"687,53\" data-comments-opened=\"0\" data-image-meta=\"{&quot;aperture&quot;:&quot;0&quot;,&quot;credit&quot;:&quot;&quot;,&quot;camera&quot;:&quot;&quot;,&quot;caption&quot;:&quot;&quot;,&quot;created_timestamp&quot;:&quot;0&quot;,&quot;copyright&quot;:&quot;&quot;,&quot;focal_length&quot;:&quot;0&quot;,&quot;iso&quot;:&quot;0&quot;,&quot;shutter_speed&quot;:&quot;0&quot;,&quot;title&quot;:&quot;&quot;,&quot;orientation&quot;:&quot;0&quot;}\" data-image-title=\"AG\" data-image-description=\"\" data-image-caption=\"\" data-large-file=\"https:\/\/capitaliafamiliar.es\/informes\/wp-content\/uploads\/2021\/12\/AG-2.jpg\" class=\"alignnone size-full wp-image-7310\" src=\"https:\/\/capitaliafamiliar.es\/informes\/wp-content\/uploads\/2021\/12\/AG-2.jpg\" alt=\"\" width=\"687\" height=\"53\" srcset=\"https:\/\/capitaliafamiliar.es\/informes\/wp-content\/uploads\/2021\/12\/AG-2.jpg 687w, https:\/\/capitaliafamiliar.es\/informes\/wp-content\/uploads\/2021\/12\/AG-2-300x23.jpg 300w\" sizes=\"(max-width: 687px) 100vw, 687px\" \/><\/p>\n<p>&nbsp;<\/p>\n<p>&nbsp;<\/p>\n<p style=\"text-align: center;\"><strong>Solicite informaci\u00f3n sobre nuestros servicios de asesoramiento financiero<\/strong><\/p>\n<p style=\"text-align: center;\">Si necesita ayuda para el cuidado de su patrimonio, no dude en ponerse en contacto con nosotros,<\/p>\n<p style=\"text-align: center;\">sin compromiso.<\/p>\n<p style=\"text-align: center;\">Tel\u00e9fono:\u00a0\u00a0 91 770\u00a0 22 84<\/p>\n<p style=\"text-align: center;\">Correo electr\u00f3nico:\u00a0\u00a0 capitaliafamiliar@capitaliafamiliar.es<\/p>\n","protected":false},"excerpt":{"rendered":"<p>Informe diario del viernes, 3 de diciembre de 2021 &nbsp; Se mantiene la din&aacute;mica de consolidaci&oacute;n\/distribuci&oacute;n en las bolsas, en torno ya a soportes de medio\/largo plazo. Al cierre de la semana, contin&uacute;a la din&aacute;mica consolidativa en los mercados, y los principales &iacute;ndices burs&aacute;tiles contin&uacute;an testando las zonas de soporte de medio\/largo plazo. La incertidumbre [&hellip;]<\/p>\n","protected":false},"author":2,"featured_media":2525,"comment_status":"closed","ping_status":"closed","sticky":false,"template":"","format":"standard","meta":{"_et_pb_use_builder":"","_et_pb_old_content":"","_et_gb_content_width":"","jetpack_post_was_ever_published":false,"_jetpack_newsletter_access":"","_jetpack_dont_email_post_to_subs":false,"_jetpack_newsletter_tier_id":0,"_jetpack_memberships_contains_paywalled_content":false,"_jetpack_memberships_contains_paid_content":false,"footnotes":""},"categories":[1],"tags":[],"class_list":["post-7309","post","type-post","status-publish","format-standard","has-post-thumbnail","hentry","category-informediario"],"jetpack_featured_media_url":"https:\/\/capitaliafamiliar.es\/informes\/wp-content\/uploads\/2019\/08\/informediario2.png","jetpack_shortlink":"https:\/\/wp.me\/pa2IGq-1TT","jetpack-related-posts":[{"id":10302,"url":"https:\/\/capitaliafamiliar.es\/informes\/2023\/10\/25\/continuan-los-bandazos-de-las-bolsas-en-su-intento-por-establecer-un-suelo-a-las-caidas-en-torno-a-la-zona-de-soportes-de-medio-y-largo-plazo\/","url_meta":{"origin":7309,"position":0},"title":"Contin\u00faan los bandazos de las bolsas en su intento por establecer un suelo a las ca\u00eddas en torno a la zona de soportes de medio y largo plazo","author":"Capitalia Familiar","date":"25 de octubre de 2023","format":false,"excerpt":"Informe diario del mi\u00e9rcoles, 25 de octubre de 2023 \u00a0 Sinopsis Hoy en los mercados Jornada de leve recuperaci\u00f3n en los mercados, que enlazan su segunda sesi\u00f3n al alza y tratan de recomponerse desde los soportes de medio y largo plazo. An\u00e1lisis de situaci\u00f3n La intensa agenda macro y microecon\u00f3mica\u2026","rel":"","context":"En \u00abInforme Diario Privado\u00bb","block_context":{"text":"Informe Diario Privado","link":"https:\/\/capitaliafamiliar.es\/informes\/category\/informe-diario-privado\/"},"img":{"alt_text":"","src":"https:\/\/i0.wp.com\/capitaliafamiliar.es\/informes\/wp-content\/uploads\/2019\/08\/informediario2.png?resize=350%2C200&ssl=1","width":350,"height":200,"srcset":"https:\/\/i0.wp.com\/capitaliafamiliar.es\/informes\/wp-content\/uploads\/2019\/08\/informediario2.png?resize=350%2C200&ssl=1 1x, https:\/\/i0.wp.com\/capitaliafamiliar.es\/informes\/wp-content\/uploads\/2019\/08\/informediario2.png?resize=525%2C300&ssl=1 1.5x, https:\/\/i0.wp.com\/capitaliafamiliar.es\/informes\/wp-content\/uploads\/2019\/08\/informediario2.png?resize=700%2C400&ssl=1 2x"},"classes":[]},{"id":10130,"url":"https:\/\/capitaliafamiliar.es\/informes\/2023\/09\/26\/no-va-mas-para-las-bolsas-habra-claudicacion-o-rebote-en-torno-a-los-soportes-de-medio-y-largo-plazo\/","url_meta":{"origin":7309,"position":1},"title":"No va mas para las bolsas: \u00bfhabr\u00e1 claudicaci\u00f3n o rebote en torno a los soportes de medio y largo plazo?","author":"Capitalia Familiar","date":"26 de septiembre de 2023","format":false,"excerpt":"Informe diario del martes, 26 de septiembre de 2023 \u00a0 Sinopsis Hoy en los mercados Se mantiene la batalla de las bolsas en torno a los soportes de medio y largo plazo. La p\u00e9rdida de niveles debe ser confirmada todav\u00eda. An\u00e1lisis de situaci\u00f3n Esperamos bruscos movimientos en las bolsas una\u2026","rel":"","context":"En \u00abInforme Diario Privado\u00bb","block_context":{"text":"Informe Diario Privado","link":"https:\/\/capitaliafamiliar.es\/informes\/category\/informe-diario-privado\/"},"img":{"alt_text":"","src":"https:\/\/i0.wp.com\/capitaliafamiliar.es\/informes\/wp-content\/uploads\/2019\/08\/informediario2.png?resize=350%2C200&ssl=1","width":350,"height":200,"srcset":"https:\/\/i0.wp.com\/capitaliafamiliar.es\/informes\/wp-content\/uploads\/2019\/08\/informediario2.png?resize=350%2C200&ssl=1 1x, https:\/\/i0.wp.com\/capitaliafamiliar.es\/informes\/wp-content\/uploads\/2019\/08\/informediario2.png?resize=525%2C300&ssl=1 1.5x, https:\/\/i0.wp.com\/capitaliafamiliar.es\/informes\/wp-content\/uploads\/2019\/08\/informediario2.png?resize=700%2C400&ssl=1 2x"},"classes":[]},{"id":10307,"url":"https:\/\/capitaliafamiliar.es\/informes\/2023\/10\/25\/continuan-los-bandazos-de-las-bolsas-en-su-intento-por-establecer-un-suelo-a-las-caidas-en-torno-a-la-zona-de-soportes-de-medio-y-largo-plazo-2\/","url_meta":{"origin":7309,"position":2},"title":"Contin\u00faan los bandazos de las bolsas en su intento por establecer un suelo a las ca\u00eddas en torno a la zona de soportes de medio y largo plazo","author":"Capitalia Familiar","date":"25 de octubre de 2023","format":false,"excerpt":"Informe diario del mi\u00e9rcoles, 25 de octubre de 2023 \u00a0 Sinopsis Hoy en los mercados Jornada de leve recuperaci\u00f3n en los mercados, que enlazan su segunda sesi\u00f3n al alza y tratan de recomponerse desde los soportes de medio y largo plazo. An\u00e1lisis de situaci\u00f3n La intensa agenda macro y microecon\u00f3mica\u2026","rel":"","context":"En \u00abInforme Diario\u00bb","block_context":{"text":"Informe Diario","link":"https:\/\/capitaliafamiliar.es\/informes\/category\/informediario\/"},"img":{"alt_text":"","src":"https:\/\/i0.wp.com\/capitaliafamiliar.es\/informes\/wp-content\/uploads\/2019\/08\/informediario2.png?resize=350%2C200&ssl=1","width":350,"height":200,"srcset":"https:\/\/i0.wp.com\/capitaliafamiliar.es\/informes\/wp-content\/uploads\/2019\/08\/informediario2.png?resize=350%2C200&ssl=1 1x, https:\/\/i0.wp.com\/capitaliafamiliar.es\/informes\/wp-content\/uploads\/2019\/08\/informediario2.png?resize=525%2C300&ssl=1 1.5x, https:\/\/i0.wp.com\/capitaliafamiliar.es\/informes\/wp-content\/uploads\/2019\/08\/informediario2.png?resize=700%2C400&ssl=1 2x"},"classes":[]},{"id":10134,"url":"https:\/\/capitaliafamiliar.es\/informes\/2023\/09\/26\/no-va-mas-para-las-bolsas-habra-claudicacion-o-rebote-en-torno-a-los-soportes-de-medio-y-largo-plazo-2\/","url_meta":{"origin":7309,"position":3},"title":"No va mas para las bolsas: \u00bfhabr\u00e1 claudicaci\u00f3n o rebote en torno a los soportes de medio y largo plazo?","author":"Capitalia Familiar","date":"26 de septiembre de 2023","format":false,"excerpt":"Informe diario del martes, 26 de septiembre de 2023 \u00a0 Sinopsis Hoy en los mercados Se mantiene la batalla de las bolsas en torno a los soportes de medio y largo plazo. La p\u00e9rdida de niveles debe ser confirmada todav\u00eda. An\u00e1lisis de situaci\u00f3n Esperamos bruscos movimientos en las bolsas una\u2026","rel":"","context":"En \u00abInforme Diario\u00bb","block_context":{"text":"Informe Diario","link":"https:\/\/capitaliafamiliar.es\/informes\/category\/informediario\/"},"img":{"alt_text":"","src":"https:\/\/i0.wp.com\/capitaliafamiliar.es\/informes\/wp-content\/uploads\/2019\/08\/informediario2.png?resize=350%2C200&ssl=1","width":350,"height":200,"srcset":"https:\/\/i0.wp.com\/capitaliafamiliar.es\/informes\/wp-content\/uploads\/2019\/08\/informediario2.png?resize=350%2C200&ssl=1 1x, https:\/\/i0.wp.com\/capitaliafamiliar.es\/informes\/wp-content\/uploads\/2019\/08\/informediario2.png?resize=525%2C300&ssl=1 1.5x, https:\/\/i0.wp.com\/capitaliafamiliar.es\/informes\/wp-content\/uploads\/2019\/08\/informediario2.png?resize=700%2C400&ssl=1 2x"},"classes":[]},{"id":9860,"url":"https:\/\/capitaliafamiliar.es\/informes\/2023\/08\/07\/la-dinamica-de-las-bolsas-se-ha-deteriorado-pero-por-ahora-no-se-han-perforado-soportes-de-medio-y-largo-plazo\/","url_meta":{"origin":7309,"position":4},"title":"La din\u00e1mica de las bolsas se ha deteriorado, pero por ahora no se han perforado soportes de medio y largo plazo","author":"Capitalia Familiar","date":"7 de agosto de 2023","format":false,"excerpt":"Informe diario del lunes, 7 de agosto de 2023 \u00a0 Sinopsis Hoy en los mercados La reacci\u00f3n de los mercados es todav\u00eda demasiado d\u00e9bil e incipiente como para categorizarla de rebote. An\u00e1lisis de situaci\u00f3n La situaci\u00f3n t\u00e9cnica de los mercado se ha debilitado en la \u00faltima semana, pero mientras no\u2026","rel":"","context":"En \u00abInforme Diario Privado\u00bb","block_context":{"text":"Informe Diario Privado","link":"https:\/\/capitaliafamiliar.es\/informes\/category\/informe-diario-privado\/"},"img":{"alt_text":"","src":"https:\/\/i0.wp.com\/capitaliafamiliar.es\/informes\/wp-content\/uploads\/2019\/08\/informediario2.png?resize=350%2C200&ssl=1","width":350,"height":200,"srcset":"https:\/\/i0.wp.com\/capitaliafamiliar.es\/informes\/wp-content\/uploads\/2019\/08\/informediario2.png?resize=350%2C200&ssl=1 1x, https:\/\/i0.wp.com\/capitaliafamiliar.es\/informes\/wp-content\/uploads\/2019\/08\/informediario2.png?resize=525%2C300&ssl=1 1.5x, https:\/\/i0.wp.com\/capitaliafamiliar.es\/informes\/wp-content\/uploads\/2019\/08\/informediario2.png?resize=700%2C400&ssl=1 2x"},"classes":[]},{"id":9864,"url":"https:\/\/capitaliafamiliar.es\/informes\/2023\/08\/07\/la-dinamica-de-las-bolsas-se-ha-deteriorado-pero-por-ahora-no-se-han-perforado-soportes-de-medio-y-largo-plazo-2\/","url_meta":{"origin":7309,"position":5},"title":"La din\u00e1mica de las bolsas se ha deteriorado, pero por ahora no se han perforado soportes de medio y largo plazo","author":"Capitalia Familiar","date":"7 de agosto de 2023","format":false,"excerpt":"Informe diario del lunes, 7 de agosto de 2023 \u00a0 Sinopsis Hoy en los mercados La reacci\u00f3n de los mercados es todav\u00eda demasiado d\u00e9bil e incipiente como para categorizarla de rebote. An\u00e1lisis de situaci\u00f3n La situaci\u00f3n t\u00e9cnica de los mercado se ha debilitado en la \u00faltima semana, pero mientras no\u2026","rel":"","context":"En \u00abInforme Diario\u00bb","block_context":{"text":"Informe Diario","link":"https:\/\/capitaliafamiliar.es\/informes\/category\/informediario\/"},"img":{"alt_text":"","src":"https:\/\/i0.wp.com\/capitaliafamiliar.es\/informes\/wp-content\/uploads\/2019\/08\/informediario2.png?resize=350%2C200&ssl=1","width":350,"height":200,"srcset":"https:\/\/i0.wp.com\/capitaliafamiliar.es\/informes\/wp-content\/uploads\/2019\/08\/informediario2.png?resize=350%2C200&ssl=1 1x, https:\/\/i0.wp.com\/capitaliafamiliar.es\/informes\/wp-content\/uploads\/2019\/08\/informediario2.png?resize=525%2C300&ssl=1 1.5x, https:\/\/i0.wp.com\/capitaliafamiliar.es\/informes\/wp-content\/uploads\/2019\/08\/informediario2.png?resize=700%2C400&ssl=1 2x"},"classes":[]}],"jetpack_sharing_enabled":true,"_links":{"self":[{"href":"https:\/\/capitaliafamiliar.es\/informes\/wp-json\/wp\/v2\/posts\/7309","targetHints":{"allow":["GET"]}}],"collection":[{"href":"https:\/\/capitaliafamiliar.es\/informes\/wp-json\/wp\/v2\/posts"}],"about":[{"href":"https:\/\/capitaliafamiliar.es\/informes\/wp-json\/wp\/v2\/types\/post"}],"author":[{"embeddable":true,"href":"https:\/\/capitaliafamiliar.es\/informes\/wp-json\/wp\/v2\/users\/2"}],"replies":[{"embeddable":true,"href":"https:\/\/capitaliafamiliar.es\/informes\/wp-json\/wp\/v2\/comments?post=7309"}],"version-history":[{"count":1,"href":"https:\/\/capitaliafamiliar.es\/informes\/wp-json\/wp\/v2\/posts\/7309\/revisions"}],"predecessor-version":[{"id":7313,"href":"https:\/\/capitaliafamiliar.es\/informes\/wp-json\/wp\/v2\/posts\/7309\/revisions\/7313"}],"wp:featuredmedia":[{"embeddable":true,"href":"https:\/\/capitaliafamiliar.es\/informes\/wp-json\/wp\/v2\/media\/2525"}],"wp:attachment":[{"href":"https:\/\/capitaliafamiliar.es\/informes\/wp-json\/wp\/v2\/media?parent=7309"}],"wp:term":[{"taxonomy":"category","embeddable":true,"href":"https:\/\/capitaliafamiliar.es\/informes\/wp-json\/wp\/v2\/categories?post=7309"},{"taxonomy":"post_tag","embeddable":true,"href":"https:\/\/capitaliafamiliar.es\/informes\/wp-json\/wp\/v2\/tags?post=7309"}],"curies":[{"name":"wp","href":"https:\/\/api.w.org\/{rel}","templated":true}]}}