{"id":7352,"date":"2021-12-14T17:14:33","date_gmt":"2021-12-14T17:14:33","guid":{"rendered":"https:\/\/capitaliafamiliar.es\/informes\/?p=7352"},"modified":"2021-12-14T17:19:58","modified_gmt":"2021-12-14T17:19:58","slug":"han-infravalorado-los-bancos-centrales-las-tensiones-inflacionistas","status":"publish","type":"post","link":"https:\/\/capitaliafamiliar.es\/informes\/2021\/12\/14\/han-infravalorado-los-bancos-centrales-las-tensiones-inflacionistas\/","title":{"rendered":"\u00bfHan infravalorado los bancos centrales las tensiones inflacionistas?"},"content":{"rendered":"<blockquote>\n<p style=\"text-align: justify;\"><span style=\"font-size: 16px;\"><strong>Informe diario del martes, 14 de diciembre de 2021<\/strong><\/span><\/p>\n<\/blockquote>\n<p style=\"text-align: justify;\"><span style=\"font-size: 16px;\"><strong>\u00bfHan infravalorado los bancos centrales las tensiones inflacionistas?<\/strong> La dificultad para predecir la evoluci\u00f3n de los precios en un contexto de fuerte recuperaci\u00f3n por la reapertura de las econom\u00edas y las ingentes inyecciones monetarias y fiscales, ha terminado sorprendiendo a los bancos centrales. Atrapados ante la necesidad de est\u00edmulos para recuperar el pulso a unas econom\u00edas mermadas por la pandemia, los bancos centrales confiaron en que el repunte de la inflaci\u00f3n fuera transitorio, motivado por los desajustes l\u00f3gicos derivados de la reapertura progresiva de las econom\u00edas (cuellos de botella en la cadena de suministros, subida de los precios de las materias primas&#8230;). Pero lo cierto es que lejos de desacelerarse, la inflaci\u00f3n se encuentra en m\u00e1ximos anuales, y las nuevas previsiones son que las tensiones inflacionistas podr\u00edan alargarse hasta bien entrado 2022. Ahora, el temor a la inflaci\u00f3n abre paso a una nueva hoja de ruta, en la que la normalizaci\u00f3n monetaria no ser\u00e1 ni tan suave, ni tan progresiva. La Reserva Federal inicia hoy su reuni\u00f3n de dos d\u00edas, en la que deber\u00e1 aclarar sus planes en torno a las compras mensuales de activos y, quiz\u00e1s, un calendario tentativo para el inicio de las subidas de los tipos de inter\u00e9s. El mercado ya descuenta que la Fed podr\u00eda finalizar su programa de compra de activos en marzo, y la primera subida del precio del dinero podr\u00eda adelantarse a junio. Es cierto que la recuperaci\u00f3n de la econom\u00eda estadounidense parece s\u00f3lida, pero la visibilidad no es lo suficientemente clara como para aseverar que dicha recuperaci\u00f3n se mantendr\u00e1 si la Fed act\u00faa de manera agresiva retirando los est\u00edmulos. En este sentido, ser\u00e1n muy importantes tanto el fondo como la forma del mensaje de la Fed, as\u00ed como las explicaciones que ofrezca Powell en la rueda de prensa posterior. Por ahora, se mantiene la cautela en las bolsas, y muy probablemente se alargue esta din\u00e1mica hasta ma\u00f1ana a las 20:00 horas en Espa\u00f1a, hora en la que se publicar\u00e1 el comunicado tras la reuni\u00f3n. Para reactivar la tendencia alcista en las bolsas, ser\u00eda muy importante ver pronto una reacci\u00f3n en torno a los niveles actuales, preferiblemente apoyada por fuertes entradas de dinero en el mercado.<\/span><\/p>\n<p style=\"text-align: justify;\"><span style=\"font-size: 16px;\"><strong>En el terreno macroecon\u00f3mico,<\/strong> la producci\u00f3n industrial de la Eurozona subi\u00f3 en octubre un +3.3% interanual, en l\u00ednea con lo esperado aunque por debajo del +5.1% que hab\u00eda aumentado en septiembre. En Estados Unidos, los precios de producci\u00f3n se incrementaron en noviembre un +9.6% interanual, cuatro d\u00e9cimas m\u00e1s de lo esperado. La subida se acelera claramente con respecto al +8.8% que se elevaron en octubre.<\/span><\/p>\n<p>&nbsp;<\/p>\n<p><img loading=\"lazy\" decoding=\"async\" data-attachment-id=\"7349\" data-permalink=\"https:\/\/capitaliafamiliar.es\/informes\/2021\/12\/13\/cautela-en-los-mercados-a-la-espera-de-la-fed\/rv-872\/\" data-orig-file=\"https:\/\/capitaliafamiliar.es\/informes\/wp-content\/uploads\/2021\/12\/RV-6.jpg\" data-orig-size=\"336,413\" data-comments-opened=\"0\" data-image-meta=\"{&quot;aperture&quot;:&quot;0&quot;,&quot;credit&quot;:&quot;&quot;,&quot;camera&quot;:&quot;&quot;,&quot;caption&quot;:&quot;&quot;,&quot;created_timestamp&quot;:&quot;0&quot;,&quot;copyright&quot;:&quot;&quot;,&quot;focal_length&quot;:&quot;0&quot;,&quot;iso&quot;:&quot;0&quot;,&quot;shutter_speed&quot;:&quot;0&quot;,&quot;title&quot;:&quot;&quot;,&quot;orientation&quot;:&quot;0&quot;}\" data-image-title=\"RV\" data-image-description=\"\" data-image-caption=\"\" data-large-file=\"https:\/\/capitaliafamiliar.es\/informes\/wp-content\/uploads\/2021\/12\/RV-6.jpg\" class=\"alignnone size-full wp-image-7349\" src=\"https:\/\/capitaliafamiliar.es\/informes\/wp-content\/uploads\/2021\/12\/RV-6.jpg\" alt=\"\" width=\"336\" height=\"413\" srcset=\"https:\/\/capitaliafamiliar.es\/informes\/wp-content\/uploads\/2021\/12\/RV-6.jpg 336w, https:\/\/capitaliafamiliar.es\/informes\/wp-content\/uploads\/2021\/12\/RV-6-244x300.jpg 244w\" sizes=\"(max-width: 336px) 100vw, 336px\" \/><img loading=\"lazy\" decoding=\"async\" data-attachment-id=\"7350\" data-permalink=\"https:\/\/capitaliafamiliar.es\/informes\/2021\/12\/13\/cautela-en-los-mercados-a-la-espera-de-la-fed\/rf-868\/\" data-orig-file=\"https:\/\/capitaliafamiliar.es\/informes\/wp-content\/uploads\/2021\/12\/RF-6.jpg\" data-orig-size=\"299,353\" data-comments-opened=\"0\" data-image-meta=\"{&quot;aperture&quot;:&quot;0&quot;,&quot;credit&quot;:&quot;&quot;,&quot;camera&quot;:&quot;&quot;,&quot;caption&quot;:&quot;&quot;,&quot;created_timestamp&quot;:&quot;0&quot;,&quot;copyright&quot;:&quot;&quot;,&quot;focal_length&quot;:&quot;0&quot;,&quot;iso&quot;:&quot;0&quot;,&quot;shutter_speed&quot;:&quot;0&quot;,&quot;title&quot;:&quot;&quot;,&quot;orientation&quot;:&quot;0&quot;}\" data-image-title=\"RF\" data-image-description=\"\" data-image-caption=\"\" data-large-file=\"https:\/\/capitaliafamiliar.es\/informes\/wp-content\/uploads\/2021\/12\/RF-6.jpg\" class=\"alignnone size-full wp-image-7350\" src=\"https:\/\/capitaliafamiliar.es\/informes\/wp-content\/uploads\/2021\/12\/RF-6.jpg\" alt=\"\" width=\"299\" height=\"353\" srcset=\"https:\/\/capitaliafamiliar.es\/informes\/wp-content\/uploads\/2021\/12\/RF-6.jpg 299w, https:\/\/capitaliafamiliar.es\/informes\/wp-content\/uploads\/2021\/12\/RF-6-254x300.jpg 254w\" sizes=\"(max-width: 299px) 100vw, 299px\" \/><\/p>\n<p>&nbsp;<\/p>\n<p><strong>| Agenda para ma\u00f1ana |<\/strong><\/p>\n<p><img loading=\"lazy\" decoding=\"async\" data-attachment-id=\"7353\" data-permalink=\"https:\/\/capitaliafamiliar.es\/informes\/2021\/12\/14\/han-infravalorado-los-bancos-centrales-las-tensiones-inflacionistas\/ag-592\/\" data-orig-file=\"https:\/\/capitaliafamiliar.es\/informes\/wp-content\/uploads\/2021\/12\/AG-5.jpg\" data-orig-size=\"687,209\" data-comments-opened=\"0\" data-image-meta=\"{&quot;aperture&quot;:&quot;0&quot;,&quot;credit&quot;:&quot;&quot;,&quot;camera&quot;:&quot;&quot;,&quot;caption&quot;:&quot;&quot;,&quot;created_timestamp&quot;:&quot;0&quot;,&quot;copyright&quot;:&quot;&quot;,&quot;focal_length&quot;:&quot;0&quot;,&quot;iso&quot;:&quot;0&quot;,&quot;shutter_speed&quot;:&quot;0&quot;,&quot;title&quot;:&quot;&quot;,&quot;orientation&quot;:&quot;0&quot;}\" data-image-title=\"AG\" data-image-description=\"\" data-image-caption=\"\" data-large-file=\"https:\/\/capitaliafamiliar.es\/informes\/wp-content\/uploads\/2021\/12\/AG-5.jpg\" class=\"alignnone size-full wp-image-7353\" src=\"https:\/\/capitaliafamiliar.es\/informes\/wp-content\/uploads\/2021\/12\/AG-5.jpg\" alt=\"\" width=\"687\" height=\"209\" srcset=\"https:\/\/capitaliafamiliar.es\/informes\/wp-content\/uploads\/2021\/12\/AG-5.jpg 687w, https:\/\/capitaliafamiliar.es\/informes\/wp-content\/uploads\/2021\/12\/AG-5-300x91.jpg 300w\" sizes=\"(max-width: 687px) 100vw, 687px\" \/><\/p>\n<p>&nbsp;<\/p>\n<p>&nbsp;<\/p>\n<p style=\"text-align: center;\"><strong>Solicite informaci\u00f3n sobre nuestros servicios de asesoramiento financiero<\/strong><\/p>\n<p style=\"text-align: center;\">Si necesita ayuda para el cuidado de su patrimonio, no dude en ponerse en contacto con nosotros,<\/p>\n<p style=\"text-align: center;\">sin compromiso.<\/p>\n<p style=\"text-align: center;\">Tel\u00e9fono:\u00a0\u00a0 91 770\u00a0 22 84<\/p>\n<p style=\"text-align: center;\">Correo electr\u00f3nico:\u00a0\u00a0 capitaliafamiliar@capitaliafamiliar.es<\/p>\n","protected":false},"excerpt":{"rendered":"<p>Informe diario del martes, 14 de diciembre de 2021 &iquest;Han infravalorado los bancos centrales las tensiones inflacionistas? La dificultad para predecir la evoluci&oacute;n de los precios en un contexto de fuerte recuperaci&oacute;n por la reapertura de las econom&iacute;as y las ingentes inyecciones monetarias y fiscales, ha terminado sorprendiendo a los bancos centrales. Atrapados ante la [&hellip;]<\/p>\n","protected":false},"author":2,"featured_media":2525,"comment_status":"closed","ping_status":"closed","sticky":false,"template":"","format":"standard","meta":{"_et_pb_use_builder":"","_et_pb_old_content":"","_et_gb_content_width":"","jetpack_post_was_ever_published":false,"_jetpack_newsletter_access":"","_jetpack_dont_email_post_to_subs":false,"_jetpack_newsletter_tier_id":0,"_jetpack_memberships_contains_paywalled_content":false,"_jetpack_memberships_contains_paid_content":false,"footnotes":""},"categories":[1],"tags":[],"class_list":["post-7352","post","type-post","status-publish","format-standard","has-post-thumbnail","hentry","category-informediario"],"jetpack_featured_media_url":"https:\/\/capitaliafamiliar.es\/informes\/wp-content\/uploads\/2019\/08\/informediario2.png","jetpack_shortlink":"https:\/\/wp.me\/pa2IGq-1UA","jetpack-related-posts":[{"id":9526,"url":"https:\/\/capitaliafamiliar.es\/informes\/2023\/06\/07\/los-bancos-centrales-son-conscientes-de-que-los-riesgos-inflacionistas-no-han-desaparecido-pese-al-optimismo-del-mercado\/","url_meta":{"origin":7352,"position":0},"title":"Los bancos centrales son conscientes de que los riesgos inflacionistas no han desaparecido pese al optimismo del mercado","author":"Capitalia Familiar","date":"7 de junio de 2023","format":false,"excerpt":"Informe diario del mi\u00e9rcoles, 7 de junio de 2023 \u00a0 Sinopsis Hoy en los mercados Nueva jornada de transici\u00f3n en los mercados. An\u00e1lisis de situaci\u00f3n Los mercados infravaloran los riesgos derivados de la inflaci\u00f3n. Mucha atenci\u00f3n a la inflaci\u00f3n estadounidense y a las reuniones de los bancos centrales de la\u2026","rel":"","context":"En \u00abInforme Diario Privado\u00bb","block_context":{"text":"Informe Diario Privado","link":"https:\/\/capitaliafamiliar.es\/informes\/category\/informe-diario-privado\/"},"img":{"alt_text":"","src":"https:\/\/i0.wp.com\/capitaliafamiliar.es\/informes\/wp-content\/uploads\/2019\/08\/informediario2.png?resize=350%2C200&ssl=1","width":350,"height":200,"srcset":"https:\/\/i0.wp.com\/capitaliafamiliar.es\/informes\/wp-content\/uploads\/2019\/08\/informediario2.png?resize=350%2C200&ssl=1 1x, https:\/\/i0.wp.com\/capitaliafamiliar.es\/informes\/wp-content\/uploads\/2019\/08\/informediario2.png?resize=525%2C300&ssl=1 1.5x, https:\/\/i0.wp.com\/capitaliafamiliar.es\/informes\/wp-content\/uploads\/2019\/08\/informediario2.png?resize=700%2C400&ssl=1 2x"},"classes":[]},{"id":9530,"url":"https:\/\/capitaliafamiliar.es\/informes\/2023\/06\/07\/los-bancos-centrales-son-conscientes-de-que-los-riesgos-inflacionistas-no-han-desaparecido-pese-al-optimismo-del-mercado-2\/","url_meta":{"origin":7352,"position":1},"title":"Los bancos centrales son conscientes de que los riesgos inflacionistas no han desaparecido pese al optimismo del mercado","author":"Capitalia Familiar","date":"7 de junio de 2023","format":false,"excerpt":"Informe diario del mi\u00e9rcoles, 7 de junio de 2023 \u00a0 Sinopsis Hoy en los mercados Nueva jornada de transici\u00f3n en los mercados. An\u00e1lisis de situaci\u00f3n Los mercados infravaloran los riesgos derivados de la inflaci\u00f3n. Mucha atenci\u00f3n a la inflaci\u00f3n estadounidense y a las reuniones de los bancos centrales de la\u2026","rel":"","context":"En \u00abInforme Diario\u00bb","block_context":{"text":"Informe Diario","link":"https:\/\/capitaliafamiliar.es\/informes\/category\/informediario\/"},"img":{"alt_text":"","src":"https:\/\/i0.wp.com\/capitaliafamiliar.es\/informes\/wp-content\/uploads\/2019\/08\/informediario2.png?resize=350%2C200&ssl=1","width":350,"height":200,"srcset":"https:\/\/i0.wp.com\/capitaliafamiliar.es\/informes\/wp-content\/uploads\/2019\/08\/informediario2.png?resize=350%2C200&ssl=1 1x, https:\/\/i0.wp.com\/capitaliafamiliar.es\/informes\/wp-content\/uploads\/2019\/08\/informediario2.png?resize=525%2C300&ssl=1 1.5x, https:\/\/i0.wp.com\/capitaliafamiliar.es\/informes\/wp-content\/uploads\/2019\/08\/informediario2.png?resize=700%2C400&ssl=1 2x"},"classes":[]},{"id":5694,"url":"https:\/\/capitaliafamiliar.es\/informes\/2021\/02\/18\/informe-diario-jueves-18-de-febrero-de-2021\/","url_meta":{"origin":7352,"position":2},"title":"Informe Diario  Jueves, 18 de febrero de 2021","author":"Capitalia Familiar","date":"18 de febrero de 2021","format":false,"excerpt":"Los bancos centrales se niegan a reconocer la existencia de tensiones inflacionistas... Los bancos centrales se niegan a reconocer la existencia de tensiones inflacionistas. Pese a que los mercados comienzan a temer los efectos de una inflaci\u00f3n mayor de lo esperado en 2021 y que los tipos de inter\u00e9s de\u2026","rel":"","context":"En \u00abInforme Diario\u00bb","block_context":{"text":"Informe Diario","link":"https:\/\/capitaliafamiliar.es\/informes\/category\/informediario\/"},"img":{"alt_text":"","src":"https:\/\/i0.wp.com\/capitaliafamiliar.es\/informes\/wp-content\/uploads\/2019\/08\/informediario2.png?resize=350%2C200&ssl=1","width":350,"height":200,"srcset":"https:\/\/i0.wp.com\/capitaliafamiliar.es\/informes\/wp-content\/uploads\/2019\/08\/informediario2.png?resize=350%2C200&ssl=1 1x, https:\/\/i0.wp.com\/capitaliafamiliar.es\/informes\/wp-content\/uploads\/2019\/08\/informediario2.png?resize=525%2C300&ssl=1 1.5x, https:\/\/i0.wp.com\/capitaliafamiliar.es\/informes\/wp-content\/uploads\/2019\/08\/informediario2.png?resize=700%2C400&ssl=1 2x"},"classes":[]},{"id":6825,"url":"https:\/\/capitaliafamiliar.es\/informes\/2021\/09\/08\/informe-diario-miercoles-8-de-septiembre-de-2021\/","url_meta":{"origin":7352,"position":3},"title":"Informe Diario  Mi\u00e9rcoles, 8 de septiembre de 2021","author":"Capitalia Familiar","date":"8 de septiembre de 2021","format":false,"excerpt":"Los bancos centrales contin\u00faan siendo el mayor foco de incertidumbre para los mercados... \u00a0 Los bancos centrales contin\u00faan siendo el mayor foco de incertidumbre para los mercados. La Reserva Federal no es el \u00fanico banco central que empieza a planear la normalizaci\u00f3n monetaria. Ma\u00f1ana, el Banco Central Europeo celebra su\u2026","rel":"","context":"En \u00abInforme Diario\u00bb","block_context":{"text":"Informe Diario","link":"https:\/\/capitaliafamiliar.es\/informes\/category\/informediario\/"},"img":{"alt_text":"","src":"https:\/\/i0.wp.com\/capitaliafamiliar.es\/informes\/wp-content\/uploads\/2019\/08\/informediario2.png?resize=350%2C200&ssl=1","width":350,"height":200,"srcset":"https:\/\/i0.wp.com\/capitaliafamiliar.es\/informes\/wp-content\/uploads\/2019\/08\/informediario2.png?resize=350%2C200&ssl=1 1x, https:\/\/i0.wp.com\/capitaliafamiliar.es\/informes\/wp-content\/uploads\/2019\/08\/informediario2.png?resize=525%2C300&ssl=1 1.5x, https:\/\/i0.wp.com\/capitaliafamiliar.es\/informes\/wp-content\/uploads\/2019\/08\/informediario2.png?resize=700%2C400&ssl=1 2x"},"classes":[]},{"id":5708,"url":"https:\/\/capitaliafamiliar.es\/informes\/2021\/02\/22\/analisis-del-fin-de-semana-20-y-21-de-febrero-de-2021\/","url_meta":{"origin":7352,"position":4},"title":"An\u00e1lisis del fin de semana  20 y 21 de febrero de 2021","author":"Capitalia Familiar","date":"22 de febrero de 2021","format":false,"excerpt":"Para que la inflaci\u00f3n sea una preocupaci\u00f3n ahora, la percepci\u00f3n sobre los verdaderos problemas de fondo debe estar mejorando muy r\u00e1pidamente... Conclusiones del an\u00e1lisis del fin de semana: Los bancos centrales tienen raz\u00f3n: la inflaci\u00f3n no es un problema. La ca\u00edda de los mercados de renta fija apenas acaba de\u2026","rel":"","context":"En \u00abInforme Diario\u00bb","block_context":{"text":"Informe Diario","link":"https:\/\/capitaliafamiliar.es\/informes\/category\/informediario\/"},"img":{"alt_text":"","src":"https:\/\/i0.wp.com\/capitaliafamiliar.es\/informes\/wp-content\/uploads\/2021\/02\/comentarioespecial.png?resize=350%2C200&ssl=1","width":350,"height":200,"srcset":"https:\/\/i0.wp.com\/capitaliafamiliar.es\/informes\/wp-content\/uploads\/2021\/02\/comentarioespecial.png?resize=350%2C200&ssl=1 1x, https:\/\/i0.wp.com\/capitaliafamiliar.es\/informes\/wp-content\/uploads\/2021\/02\/comentarioespecial.png?resize=525%2C300&ssl=1 1.5x, https:\/\/i0.wp.com\/capitaliafamiliar.es\/informes\/wp-content\/uploads\/2021\/02\/comentarioespecial.png?resize=700%2C400&ssl=1 2x"},"classes":[]},{"id":4745,"url":"https:\/\/capitaliafamiliar.es\/informes\/2020\/09\/01\/informe-diario-martes-1-de-septiembre-de-2020\/","url_meta":{"origin":7352,"position":5},"title":"Informe Diario  Martes, 1 de septiembre de 2020","author":"Capitalia Familiar","date":"1 de septiembre de 2020","format":false,"excerpt":"La baja inflaci\u00f3n, un problema dif\u00edcil de combatir para los bancos centrales... La baja inflaci\u00f3n, un problema dif\u00edcil de combatir para los bancos centrales. Hoy conoc\u00edamos que la Eurozona volv\u00eda a entrar en deflaci\u00f3n en el mes de agosto al caer los precios un -0.2% interanual. Por su parte, la\u2026","rel":"","context":"En \u00abInforme Diario\u00bb","block_context":{"text":"Informe Diario","link":"https:\/\/capitaliafamiliar.es\/informes\/category\/informediario\/"},"img":{"alt_text":"","src":"https:\/\/i0.wp.com\/capitaliafamiliar.es\/informes\/wp-content\/uploads\/2019\/08\/informediario2.png?resize=350%2C200&ssl=1","width":350,"height":200,"srcset":"https:\/\/i0.wp.com\/capitaliafamiliar.es\/informes\/wp-content\/uploads\/2019\/08\/informediario2.png?resize=350%2C200&ssl=1 1x, https:\/\/i0.wp.com\/capitaliafamiliar.es\/informes\/wp-content\/uploads\/2019\/08\/informediario2.png?resize=525%2C300&ssl=1 1.5x, https:\/\/i0.wp.com\/capitaliafamiliar.es\/informes\/wp-content\/uploads\/2019\/08\/informediario2.png?resize=700%2C400&ssl=1 2x"},"classes":[]}],"jetpack_sharing_enabled":true,"_links":{"self":[{"href":"https:\/\/capitaliafamiliar.es\/informes\/wp-json\/wp\/v2\/posts\/7352","targetHints":{"allow":["GET"]}}],"collection":[{"href":"https:\/\/capitaliafamiliar.es\/informes\/wp-json\/wp\/v2\/posts"}],"about":[{"href":"https:\/\/capitaliafamiliar.es\/informes\/wp-json\/wp\/v2\/types\/post"}],"author":[{"embeddable":true,"href":"https:\/\/capitaliafamiliar.es\/informes\/wp-json\/wp\/v2\/users\/2"}],"replies":[{"embeddable":true,"href":"https:\/\/capitaliafamiliar.es\/informes\/wp-json\/wp\/v2\/comments?post=7352"}],"version-history":[{"count":2,"href":"https:\/\/capitaliafamiliar.es\/informes\/wp-json\/wp\/v2\/posts\/7352\/revisions"}],"predecessor-version":[{"id":7356,"href":"https:\/\/capitaliafamiliar.es\/informes\/wp-json\/wp\/v2\/posts\/7352\/revisions\/7356"}],"wp:featuredmedia":[{"embeddable":true,"href":"https:\/\/capitaliafamiliar.es\/informes\/wp-json\/wp\/v2\/media\/2525"}],"wp:attachment":[{"href":"https:\/\/capitaliafamiliar.es\/informes\/wp-json\/wp\/v2\/media?parent=7352"}],"wp:term":[{"taxonomy":"category","embeddable":true,"href":"https:\/\/capitaliafamiliar.es\/informes\/wp-json\/wp\/v2\/categories?post=7352"},{"taxonomy":"post_tag","embeddable":true,"href":"https:\/\/capitaliafamiliar.es\/informes\/wp-json\/wp\/v2\/tags?post=7352"}],"curies":[{"name":"wp","href":"https:\/\/api.w.org\/{rel}","templated":true}]}}