{"id":7364,"date":"2021-12-16T17:11:56","date_gmt":"2021-12-16T17:11:56","guid":{"rendered":"https:\/\/capitaliafamiliar.es\/informes\/?p=7364"},"modified":"2021-12-16T17:11:56","modified_gmt":"2021-12-16T17:11:56","slug":"los-principales-bancos-centrales-fed-bce-y-boe-endurecen-su-politica-monetaria","status":"publish","type":"post","link":"https:\/\/capitaliafamiliar.es\/informes\/2021\/12\/16\/los-principales-bancos-centrales-fed-bce-y-boe-endurecen-su-politica-monetaria\/","title":{"rendered":"Los principales bancos centrales (Fed, BCE y BoE) endurecen su pol\u00edtica monetaria&#8230;"},"content":{"rendered":"<blockquote>\n<p style=\"text-align: justify;\"><span style=\"font-size: 16px;\"><strong>Informe diario del jueves, 16 de diciembre de 2021<\/strong><\/span><\/p>\n<\/blockquote>\n<p style=\"text-align: justify;\"><span style=\"font-size: 16px;\"><strong>Los principales bancos centrales (Fed, BCE y BoE) endurecen su pol\u00edtica monetaria.<\/strong> Los principales bancos centrales del planeta han confirmado, tras la celebraci\u00f3n de sus respectivas reuniones, el giro hacia una pol\u00edtica monetaria m\u00e1s restrictiva como consecuencia de la subida de la inflaci\u00f3n y sus potenciales repercusiones sobre unas econom\u00edas todav\u00eda afectadas por los estragos de la pandemia. No hubo demasiadas sorpresas con respecto a lo que se esperaba, pero el escenario es radicalmente diferente al que se preve\u00eda hace apenas unos meses, cuando los bancos centrales mostraban su seguridad ante la &#8220;transitoriedad&#8221; de la inflaci\u00f3n. Se equivocaron. Y ahora se ven obligados a acelerar la retirada de est\u00edmulos para que el dinero que actualmente inyectan al sistema no provoque un crecimiento a\u00fan mayor de los precios. Las medidas de los principales bancos centrales, pese a ser similares, ser\u00e1n de diferente magnitud, dependiendo de las necesidades de cada econom\u00eda y de las previsiones de cada autoridad monetaria:<\/span><\/p>\n<ul style=\"text-align: justify;\">\n<li><span style=\"font-size: 16px;\"><strong>La Reserva Federal acelera la retirada de est\u00edmulos y adelanta el calendario de subida de tipos.<\/strong> <a href=\"https:\/\/capitaliafamiliar.es\/informes\/2021\/12\/15\/expectacion-en-los-mercados-ante-la-reunion-de-la-fed\/\">Tal y como adelant\u00e1bamos ayer en nuestro informe diario<\/a>, la Reserva Federal anunci\u00f3 que acelerar\u00e1 su reducci\u00f3n de compras de activos de 15 mil a 30 mil millones de d\u00f3lares mensuales, con lo que el programa de compra de activos finalizar\u00e1 en marzo. Tambi\u00e9n elev\u00f3 sus previsiones de inflaci\u00f3n para el pr\u00f3ximo a\u00f1o (espera que el PCE se sit\u00fae en el 2.6% y el subyacente en el 2.7%). Por \u00faltimo, el <em>dot-plot<\/em> de la Fed reflej\u00f3 que los miembros de la Fed esperan ahora 3 subidas de tipos en 2022 y otras 3 en 2023.\u00a0<\/span><\/li>\n<li><span style=\"font-size: 16px;\"><strong style=\"text-align: justify;\">El Banco de Inglaterra sube los tipos de inter\u00e9s.<\/strong><span style=\"text-align: justify;\"> El Banco de Inglaterra decidi\u00f3 subir el precio del dinero en el Reino Unido hasta el 0.25%, convirti\u00e9ndose en el primero de los grandes bancos centrales en elevar los tipos de inter\u00e9s. El mercado ya hab\u00eda especulado con una posible subida en la pasada reuni\u00f3n de noviembre, pero el aumento de los contagios por Covid-19 parec\u00edan haber enfriado tal opci\u00f3n. El BoE sorprendi\u00f3 por tanto con su anuncio, decisi\u00f3n tomada con 8 votos a favor y 1 en contra.\u00a0<\/span><\/span><\/li>\n<li style=\"text-align: justify;\"><span style=\"font-size: 16px;\"><strong>El Banco Central Europeo anuncia, temeroso, un suave plan de reducci\u00f3n de est\u00edmulos.<\/strong> El BCE ha anunciado en su reuni\u00f3n de hoy que pondr\u00e1 fin en marzo a su programa de compra de activos por la pandemia (PEPP). La autoridad monetaria reducir\u00e1 progresivamente las compras bajo dicho plan (actualmente realizaba compras por unos 70 mil millones de euros mensuales), pero sin cerrarse la puerta a ajustarlo seg\u00fan las condiciones del mercado. Al mismo tiempo, doblar\u00e1 temporalmente la potencia de su programa convencional de compra de activos hasta los 40 mil millones a la finalizaci\u00f3n del PEPP, con el fin de amortiguar el impacto de la normalizaci\u00f3n. Por el momento, sigue sin haber ninguna referencia a encarecer el precio del dinero. Y es que el BCE se encuentra en una muy complicada situaci\u00f3n, ya que la econom\u00eda de la Eurozona no ha afianzado su recuperaci\u00f3n y la inflaci\u00f3n no da tregua.\u00a0<\/span><\/li>\n<\/ul>\n<p style=\"text-align: justify;\"><span style=\"font-size: 16px;\"><strong>Los mercados recibieron de buen grado las decisiones de los bancos centrales, pero es pronto para cantar victoria.<\/strong> Pese a las restrictivas medidas de los bancos centrales, los mercados no reaccionaron de manera negativa, y el primer movimiento ha sido alcista y con volumen acompa\u00f1ando dicha subida. Sin embargo, los \u00edndices siguen sin superar niveles significativos, por lo que es preciso que se mantenga la din\u00e1mica constructiva en lo que resta de semana y se produzca la superaci\u00f3n de resistencias antes de adelantar el inicio de un nuevo tramo al alza que permita aumentar el peso en renta variable en cartera.<\/span><\/p>\n<p style=\"text-align: justify;\"><span style=\"font-size: 16px;\"><strong>En el terreno macroecon\u00f3mico,<\/strong> bater\u00eda de datos en Estados Unidos: Los permisos de construcci\u00f3n y las viviendas iniciadas mejoraron m\u00e1s de lo previsto en noviembre, situ\u00e1ndose respectivamente en 1.71 y 1.68 millones de unidades. La producci\u00f3n industrial subi\u00f3 en ese mismo mes un +5.3% interanual, ligeramente mejor de lo esperado. Menos positivos resultaron el \u00edndice de la Fed de Filadelfia, que baj\u00f3 mucho m\u00e1s de lo esperado en diciembre de 39.0 a 15.4 puntos, y las peticiones semanales de subsidio por desempleo, que aumentaron hasta 206 mil. Por otro lado, los PMI del sector servicios y manufacturero de Estados Unidos, Jap\u00f3n la Eurozona y el Reino Unido reflejaron ca\u00eddas generalizadas, m\u00e1s intensas en el caso de los europeos, afectados negativamente por el aumento de contagios por Covid-19.\u00a0<\/span><\/p>\n<p>&nbsp;<\/p>\n<p><img loading=\"lazy\" decoding=\"async\" data-attachment-id=\"7366\" data-permalink=\"https:\/\/capitaliafamiliar.es\/informes\/2021\/12\/16\/los-principales-bancos-centrales-fed-bce-y-boe-endurecen-su-politica-monetaria\/rv-874\/\" data-orig-file=\"https:\/\/capitaliafamiliar.es\/informes\/wp-content\/uploads\/2021\/12\/RV-8.jpg\" data-orig-size=\"336,413\" data-comments-opened=\"0\" data-image-meta=\"{&quot;aperture&quot;:&quot;0&quot;,&quot;credit&quot;:&quot;&quot;,&quot;camera&quot;:&quot;&quot;,&quot;caption&quot;:&quot;&quot;,&quot;created_timestamp&quot;:&quot;0&quot;,&quot;copyright&quot;:&quot;&quot;,&quot;focal_length&quot;:&quot;0&quot;,&quot;iso&quot;:&quot;0&quot;,&quot;shutter_speed&quot;:&quot;0&quot;,&quot;title&quot;:&quot;&quot;,&quot;orientation&quot;:&quot;0&quot;}\" data-image-title=\"RV\" data-image-description=\"\" data-image-caption=\"\" data-large-file=\"https:\/\/capitaliafamiliar.es\/informes\/wp-content\/uploads\/2021\/12\/RV-8.jpg\" class=\"alignnone size-full wp-image-7366\" src=\"https:\/\/capitaliafamiliar.es\/informes\/wp-content\/uploads\/2021\/12\/RV-8.jpg\" alt=\"\" width=\"336\" height=\"413\" srcset=\"https:\/\/capitaliafamiliar.es\/informes\/wp-content\/uploads\/2021\/12\/RV-8.jpg 336w, https:\/\/capitaliafamiliar.es\/informes\/wp-content\/uploads\/2021\/12\/RV-8-244x300.jpg 244w\" sizes=\"(max-width: 336px) 100vw, 336px\" \/><img loading=\"lazy\" decoding=\"async\" data-attachment-id=\"7367\" data-permalink=\"https:\/\/capitaliafamiliar.es\/informes\/2021\/12\/16\/los-principales-bancos-centrales-fed-bce-y-boe-endurecen-su-politica-monetaria\/rf-870\/\" data-orig-file=\"https:\/\/capitaliafamiliar.es\/informes\/wp-content\/uploads\/2021\/12\/RF-8.jpg\" data-orig-size=\"299,353\" data-comments-opened=\"0\" data-image-meta=\"{&quot;aperture&quot;:&quot;0&quot;,&quot;credit&quot;:&quot;&quot;,&quot;camera&quot;:&quot;&quot;,&quot;caption&quot;:&quot;&quot;,&quot;created_timestamp&quot;:&quot;0&quot;,&quot;copyright&quot;:&quot;&quot;,&quot;focal_length&quot;:&quot;0&quot;,&quot;iso&quot;:&quot;0&quot;,&quot;shutter_speed&quot;:&quot;0&quot;,&quot;title&quot;:&quot;&quot;,&quot;orientation&quot;:&quot;0&quot;}\" data-image-title=\"RF\" data-image-description=\"\" data-image-caption=\"\" data-large-file=\"https:\/\/capitaliafamiliar.es\/informes\/wp-content\/uploads\/2021\/12\/RF-8.jpg\" class=\"alignnone size-full wp-image-7367\" src=\"https:\/\/capitaliafamiliar.es\/informes\/wp-content\/uploads\/2021\/12\/RF-8.jpg\" alt=\"\" width=\"299\" height=\"353\" srcset=\"https:\/\/capitaliafamiliar.es\/informes\/wp-content\/uploads\/2021\/12\/RF-8.jpg 299w, https:\/\/capitaliafamiliar.es\/informes\/wp-content\/uploads\/2021\/12\/RF-8-254x300.jpg 254w\" sizes=\"(max-width: 299px) 100vw, 299px\" \/><\/p>\n<p>&nbsp;<\/p>\n<p><strong>| Agenda para ma\u00f1ana |<\/strong><\/p>\n<p><img loading=\"lazy\" decoding=\"async\" data-attachment-id=\"7365\" data-permalink=\"https:\/\/capitaliafamiliar.es\/informes\/2021\/12\/16\/los-principales-bancos-centrales-fed-bce-y-boe-endurecen-su-politica-monetaria\/ag-593\/\" data-orig-file=\"https:\/\/capitaliafamiliar.es\/informes\/wp-content\/uploads\/2021\/12\/AG-6.jpg\" data-orig-size=\"687,131\" data-comments-opened=\"0\" data-image-meta=\"{&quot;aperture&quot;:&quot;0&quot;,&quot;credit&quot;:&quot;&quot;,&quot;camera&quot;:&quot;&quot;,&quot;caption&quot;:&quot;&quot;,&quot;created_timestamp&quot;:&quot;0&quot;,&quot;copyright&quot;:&quot;&quot;,&quot;focal_length&quot;:&quot;0&quot;,&quot;iso&quot;:&quot;0&quot;,&quot;shutter_speed&quot;:&quot;0&quot;,&quot;title&quot;:&quot;&quot;,&quot;orientation&quot;:&quot;0&quot;}\" data-image-title=\"AG\" data-image-description=\"\" data-image-caption=\"\" data-large-file=\"https:\/\/capitaliafamiliar.es\/informes\/wp-content\/uploads\/2021\/12\/AG-6.jpg\" class=\"alignnone size-full wp-image-7365\" src=\"https:\/\/capitaliafamiliar.es\/informes\/wp-content\/uploads\/2021\/12\/AG-6.jpg\" alt=\"\" width=\"687\" height=\"131\" srcset=\"https:\/\/capitaliafamiliar.es\/informes\/wp-content\/uploads\/2021\/12\/AG-6.jpg 687w, https:\/\/capitaliafamiliar.es\/informes\/wp-content\/uploads\/2021\/12\/AG-6-300x57.jpg 300w\" sizes=\"(max-width: 687px) 100vw, 687px\" \/><\/p>\n<p>&nbsp;<\/p>\n<p>&nbsp;<\/p>\n<p style=\"text-align: center;\"><strong>Solicite informaci\u00f3n sobre nuestros servicios de asesoramiento financiero<\/strong><\/p>\n<p style=\"text-align: center;\">Si necesita ayuda para el cuidado de su patrimonio, no dude en ponerse en contacto con nosotros,<\/p>\n<p style=\"text-align: center;\">sin compromiso.<\/p>\n<p style=\"text-align: center;\">Tel\u00e9fono:\u00a0\u00a0 91 770\u00a0 22 84<\/p>\n<p style=\"text-align: center;\">Correo electr\u00f3nico:\u00a0\u00a0 capitaliafamiliar@capitaliafamiliar.es<\/p>\n","protected":false},"excerpt":{"rendered":"<p>Informe diario del jueves, 16 de diciembre de 2021 Los principales bancos centrales (Fed, BCE y BoE) endurecen su pol&iacute;tica monetaria. Los principales bancos centrales del planeta han confirmado, tras la celebraci&oacute;n de sus respectivas reuniones, el giro hacia una pol&iacute;tica monetaria m&aacute;s restrictiva como consecuencia de la subida de la inflaci&oacute;n y sus potenciales [&hellip;]<\/p>\n","protected":false},"author":2,"featured_media":2525,"comment_status":"closed","ping_status":"closed","sticky":false,"template":"","format":"standard","meta":{"_et_pb_use_builder":"","_et_pb_old_content":"","_et_gb_content_width":"","jetpack_post_was_ever_published":false,"_jetpack_newsletter_access":"","_jetpack_dont_email_post_to_subs":false,"_jetpack_newsletter_tier_id":0,"_jetpack_memberships_contains_paywalled_content":false,"_jetpack_memberships_contains_paid_content":false,"footnotes":""},"categories":[1],"tags":[],"class_list":["post-7364","post","type-post","status-publish","format-standard","has-post-thumbnail","hentry","category-informediario"],"jetpack_featured_media_url":"https:\/\/capitaliafamiliar.es\/informes\/wp-content\/uploads\/2019\/08\/informediario2.png","jetpack_shortlink":"https:\/\/wp.me\/pa2IGq-1UM","jetpack-related-posts":[{"id":6775,"url":"https:\/\/capitaliafamiliar.es\/informes\/2021\/08\/31\/informe-diario-martes-31-de-agosto-de-2021\/","url_meta":{"origin":7364,"position":0},"title":"Informe Diario  Martes, 31 de agosto de 2021","author":"Capitalia Familiar","date":"31 de agosto de 2021","format":false,"excerpt":"Las crecientes presiones inflacionistas condicionar\u00e1n la agenda de los principales bancos centrales al comienzo de este nuevo curso... Las crecientes presiones inflacionistas condicionar\u00e1n la agenda de los principales bancos centrales al comienzo de este nuevo curso.\u00a0La inflaci\u00f3n de la Eurozona aument\u00f3 m\u00e1s de lo previsto en el mes de agosto,\u2026","rel":"","context":"En \u00abInforme Diario\u00bb","block_context":{"text":"Informe Diario","link":"https:\/\/capitaliafamiliar.es\/informes\/category\/informediario\/"},"img":{"alt_text":"","src":"https:\/\/i0.wp.com\/capitaliafamiliar.es\/informes\/wp-content\/uploads\/2019\/08\/informediario2.png?resize=350%2C200&ssl=1","width":350,"height":200,"srcset":"https:\/\/i0.wp.com\/capitaliafamiliar.es\/informes\/wp-content\/uploads\/2019\/08\/informediario2.png?resize=350%2C200&ssl=1 1x, https:\/\/i0.wp.com\/capitaliafamiliar.es\/informes\/wp-content\/uploads\/2019\/08\/informediario2.png?resize=525%2C300&ssl=1 1.5x, https:\/\/i0.wp.com\/capitaliafamiliar.es\/informes\/wp-content\/uploads\/2019\/08\/informediario2.png?resize=700%2C400&ssl=1 2x"},"classes":[]},{"id":7681,"url":"https:\/\/capitaliafamiliar.es\/informes\/2022\/04\/11\/podran-los-bancos-centrales-frenar-la-inflacion-sin-causar-una-recesion\/","url_meta":{"origin":7364,"position":1},"title":"\u00bfPodr\u00e1n los bancos centrales frenar la inflaci\u00f3n sin causar una recesi\u00f3n?","author":"Capitalia Familiar","date":"11 de abril de 2022","format":false,"excerpt":"Informe diario del lunes, 11 de abril de 2022 \u00a0 Sinopsis Hoy en los mercados\u2026 La Fed no va a frenar en sus intenciones por normalizar su pol\u00edtica monetaria. An\u00e1lisis de situaci\u00f3n y perspectivas \u00bfPodr\u00e1n los bancos centrales frenar la inflaci\u00f3n sin causar una recesi\u00f3n? \u00a0 Acceda al documento a\u2026","rel":"","context":"En \u00abInforme Diario\u00bb","block_context":{"text":"Informe Diario","link":"https:\/\/capitaliafamiliar.es\/informes\/category\/informediario\/"},"img":{"alt_text":"","src":"https:\/\/i0.wp.com\/capitaliafamiliar.es\/informes\/wp-content\/uploads\/2019\/08\/informediario2.png?resize=350%2C200&ssl=1","width":350,"height":200,"srcset":"https:\/\/i0.wp.com\/capitaliafamiliar.es\/informes\/wp-content\/uploads\/2019\/08\/informediario2.png?resize=350%2C200&ssl=1 1x, https:\/\/i0.wp.com\/capitaliafamiliar.es\/informes\/wp-content\/uploads\/2019\/08\/informediario2.png?resize=525%2C300&ssl=1 1.5x, https:\/\/i0.wp.com\/capitaliafamiliar.es\/informes\/wp-content\/uploads\/2019\/08\/informediario2.png?resize=700%2C400&ssl=1 2x"},"classes":[]},{"id":7811,"url":"https:\/\/capitaliafamiliar.es\/informes\/2022\/06\/09\/los-mercados-deben-asumir-que-si-la-inflacion-se-mantiene-elevada-los-bancos-centrales-no-frenaran-su-proceso-de-normalizacion-monetaria\/","url_meta":{"origin":7364,"position":2},"title":"Los mercados deben asumir que si la inflaci\u00f3n se mantiene elevada los bancos centrales no frenar\u00e1n su proceso de normalizaci\u00f3n monetaria","author":"Capitalia Familiar","date":"9 de junio de 2022","format":false,"excerpt":"Informe diario del jueves, 9 de junio de 2022 \u00a0 Sinopsis Hoy en los mercados\u2026 El Banco Central Europeo devolvi\u00f3 a la realidad a los mercados. Inicia un proceso de subida de tipos de inter\u00e9s para combatir la elevad\u00edsima inflaci\u00f3n. An\u00e1lisis de situaci\u00f3n y perspectivas Los mercados deben asumir que\u2026","rel":"","context":"En \u00abInforme Diario\u00bb","block_context":{"text":"Informe Diario","link":"https:\/\/capitaliafamiliar.es\/informes\/category\/informediario\/"},"img":{"alt_text":"","src":"https:\/\/i0.wp.com\/capitaliafamiliar.es\/informes\/wp-content\/uploads\/2019\/08\/informediario2.png?resize=350%2C200&ssl=1","width":350,"height":200,"srcset":"https:\/\/i0.wp.com\/capitaliafamiliar.es\/informes\/wp-content\/uploads\/2019\/08\/informediario2.png?resize=350%2C200&ssl=1 1x, https:\/\/i0.wp.com\/capitaliafamiliar.es\/informes\/wp-content\/uploads\/2019\/08\/informediario2.png?resize=525%2C300&ssl=1 1.5x, https:\/\/i0.wp.com\/capitaliafamiliar.es\/informes\/wp-content\/uploads\/2019\/08\/informediario2.png?resize=700%2C400&ssl=1 2x"},"classes":[]},{"id":1781,"url":"https:\/\/capitaliafamiliar.es\/informes\/2019\/03\/21\/informe-diario-jueves-21-de-marzo-de-2019\/","url_meta":{"origin":7364,"position":3},"title":"Informe Diario  Jueves, 21 de marzo de 2019","author":"Capitalia Familiar","date":"21 de marzo de 2019","format":false,"excerpt":"La Fed satisface a los mercados, y los mercados lo celebran. La autoridad monetaria estadounidense le dio anoche a los mercados lo que los mercados ped\u00edan: no m\u00e1s subidas de tipos y el anuncio de terminaci\u00f3n temprana del proceso de normalizaci\u00f3n (reducci\u00f3n) del tama\u00f1o de su balance. Salvo que en\u2026","rel":"","context":"En \u00abInforme Diario\u00bb","block_context":{"text":"Informe Diario","link":"https:\/\/capitaliafamiliar.es\/informes\/category\/informediario\/"},"img":{"alt_text":"","src":"https:\/\/i0.wp.com\/capitaliafamiliar.es\/informes\/wp-content\/uploads\/2018\/07\/informediario2.png?resize=350%2C200&ssl=1","width":350,"height":200,"srcset":"https:\/\/i0.wp.com\/capitaliafamiliar.es\/informes\/wp-content\/uploads\/2018\/07\/informediario2.png?resize=350%2C200&ssl=1 1x, https:\/\/i0.wp.com\/capitaliafamiliar.es\/informes\/wp-content\/uploads\/2018\/07\/informediario2.png?resize=525%2C300&ssl=1 1.5x, https:\/\/i0.wp.com\/capitaliafamiliar.es\/informes\/wp-content\/uploads\/2018\/07\/informediario2.png?resize=700%2C400&ssl=1 2x"},"classes":[]},{"id":3191,"url":"https:\/\/capitaliafamiliar.es\/informes\/2019\/12\/12\/informe-diario-jueves-12-de-diciembre-de-2019\/","url_meta":{"origin":7364,"position":4},"title":"Informe Diario  Jueves, 12 de diciembre de 2019","author":"Capitalia Familiar","date":"12 de diciembre de 2019","format":false,"excerpt":"Trump vuelve a sacar a los mercados de la aton\u00eda y de la desorientaci\u00f3n que emana de los bancos centrales... Trump reaviva la esperanza de un acuerdo comercial con China. Cuando los mercados empezaban a mostrarse inquietos ante la ausencia de avances en las negociaciones comerciales entre Estados Unidos y\u2026","rel":"","context":"En \u00abInforme Diario\u00bb","block_context":{"text":"Informe Diario","link":"https:\/\/capitaliafamiliar.es\/informes\/category\/informediario\/"},"img":{"alt_text":"","src":"https:\/\/i0.wp.com\/capitaliafamiliar.es\/informes\/wp-content\/uploads\/2019\/08\/informediario2.png?resize=350%2C200&ssl=1","width":350,"height":200,"srcset":"https:\/\/i0.wp.com\/capitaliafamiliar.es\/informes\/wp-content\/uploads\/2019\/08\/informediario2.png?resize=350%2C200&ssl=1 1x, https:\/\/i0.wp.com\/capitaliafamiliar.es\/informes\/wp-content\/uploads\/2019\/08\/informediario2.png?resize=525%2C300&ssl=1 1.5x, https:\/\/i0.wp.com\/capitaliafamiliar.es\/informes\/wp-content\/uploads\/2019\/08\/informediario2.png?resize=700%2C400&ssl=1 2x"},"classes":[]},{"id":10560,"url":"https:\/\/capitaliafamiliar.es\/informes\/2023\/12\/12\/los-mercados-se-mantienen-a-la-espera-de-la-decision-de-los-bancos-centrales-2\/","url_meta":{"origin":7364,"position":5},"title":"Los mercados se mantienen a la espera de la decisi\u00f3n de los bancos centrales","author":"Capitalia Familiar","date":"12 de diciembre de 2023","format":false,"excerpt":"Informe diario del martes, 12 de diciembre de 2023 \u00a0 Sinopsis Hoy en los mercados El dato de inflaci\u00f3n estadounidense del mes de noviembre marc\u00f3 el devenir de una jornada que finalmente no registr\u00f3 variaciones a resaltar. An\u00e1lisis de situaci\u00f3n La inflaci\u00f3n estadounidense frena por ahora la euforia del mercado,\u2026","rel":"","context":"En \u00abInforme Diario\u00bb","block_context":{"text":"Informe Diario","link":"https:\/\/capitaliafamiliar.es\/informes\/category\/informediario\/"},"img":{"alt_text":"","src":"https:\/\/i0.wp.com\/capitaliafamiliar.es\/informes\/wp-content\/uploads\/2019\/08\/informediario2.png?resize=350%2C200&ssl=1","width":350,"height":200,"srcset":"https:\/\/i0.wp.com\/capitaliafamiliar.es\/informes\/wp-content\/uploads\/2019\/08\/informediario2.png?resize=350%2C200&ssl=1 1x, https:\/\/i0.wp.com\/capitaliafamiliar.es\/informes\/wp-content\/uploads\/2019\/08\/informediario2.png?resize=525%2C300&ssl=1 1.5x, https:\/\/i0.wp.com\/capitaliafamiliar.es\/informes\/wp-content\/uploads\/2019\/08\/informediario2.png?resize=700%2C400&ssl=1 2x"},"classes":[]}],"jetpack_sharing_enabled":true,"_links":{"self":[{"href":"https:\/\/capitaliafamiliar.es\/informes\/wp-json\/wp\/v2\/posts\/7364","targetHints":{"allow":["GET"]}}],"collection":[{"href":"https:\/\/capitaliafamiliar.es\/informes\/wp-json\/wp\/v2\/posts"}],"about":[{"href":"https:\/\/capitaliafamiliar.es\/informes\/wp-json\/wp\/v2\/types\/post"}],"author":[{"embeddable":true,"href":"https:\/\/capitaliafamiliar.es\/informes\/wp-json\/wp\/v2\/users\/2"}],"replies":[{"embeddable":true,"href":"https:\/\/capitaliafamiliar.es\/informes\/wp-json\/wp\/v2\/comments?post=7364"}],"version-history":[{"count":2,"href":"https:\/\/capitaliafamiliar.es\/informes\/wp-json\/wp\/v2\/posts\/7364\/revisions"}],"predecessor-version":[{"id":7369,"href":"https:\/\/capitaliafamiliar.es\/informes\/wp-json\/wp\/v2\/posts\/7364\/revisions\/7369"}],"wp:featuredmedia":[{"embeddable":true,"href":"https:\/\/capitaliafamiliar.es\/informes\/wp-json\/wp\/v2\/media\/2525"}],"wp:attachment":[{"href":"https:\/\/capitaliafamiliar.es\/informes\/wp-json\/wp\/v2\/media?parent=7364"}],"wp:term":[{"taxonomy":"category","embeddable":true,"href":"https:\/\/capitaliafamiliar.es\/informes\/wp-json\/wp\/v2\/categories?post=7364"},{"taxonomy":"post_tag","embeddable":true,"href":"https:\/\/capitaliafamiliar.es\/informes\/wp-json\/wp\/v2\/tags?post=7364"}],"curies":[{"name":"wp","href":"https:\/\/api.w.org\/{rel}","templated":true}]}}