{"id":7380,"date":"2021-12-20T16:52:39","date_gmt":"2021-12-20T16:52:39","guid":{"rendered":"https:\/\/capitaliafamiliar.es\/informes\/?p=7380"},"modified":"2021-12-20T16:52:39","modified_gmt":"2021-12-20T16:52:39","slug":"los-temores-a-que-el-avance-de-omicron-termine-frenando-la-recuperacion-economica-congela-a-los-mercados","status":"publish","type":"post","link":"https:\/\/capitaliafamiliar.es\/informes\/2021\/12\/20\/los-temores-a-que-el-avance-de-omicron-termine-frenando-la-recuperacion-economica-congela-a-los-mercados\/","title":{"rendered":"Los temores a que el avance de Omicron termine frenando la recuperaci\u00f3n econ\u00f3mica congela a los mercados"},"content":{"rendered":"<blockquote>\n<p style=\"text-align: justify;\"><span style=\"font-size: 16px;\"><strong>Informe diario del lunes, 20 de diciembre de 2021<\/strong><\/span><\/p>\n<\/blockquote>\n<p style=\"text-align: justify;\"><span style=\"font-size: 16px;\"><strong>Los temores a que el avance de Omicron termine frenando la recuperaci\u00f3n econ\u00f3mica congela a los mercados.<\/strong> El Covid-19 contin\u00faa preocupando a los mercados como consecuencia del avance imparable de los contagios en todo el mundo, aunque de forma m\u00e1s destacable en Europa. A los cierres parciales o restricciones a la movilidad impuestos en algunos pa\u00edses de Centroeuropa, se suman ahora las limitaciones de Francia a los festejos navide\u00f1os y, sobre todo, el confinamiento total de Pa\u00edses Bajos. Organismos y autoridades monetarias del Viejo Continente advierten del freno, o incluso contracci\u00f3n, que registrar\u00e1n las econom\u00edas en el \u00faltimo trimestre del a\u00f1o y, muy probablemente, en el primero de 2022. Todo ello, ha debilitado a\u00fan m\u00e1s a unas bolsas que, <a href=\"https:\/\/capitaliafamiliar.es\/informes\/2021\/12\/18\/analisis-del-fin-de-semana-18-y-19-de-diciembre-de-2021\/\">tal y como dec\u00edamos en el informe del fin de semana<\/a>, volv\u00edan a situarse en torno a sus soportes de medio plazo. Ca\u00eddas muy significativas tambi\u00e9n para las materias primas y el crudo (el WTI se deja m\u00e1s de un -6%), y contin\u00faa la deriva bajista en las criptomonedas (el Bitcoin ha perdido un tercio de su valor desde m\u00e1ximos y el Ether un -20%). Si no se frena la din\u00e1mica correctiva, ser\u00e1 necesario activar nuevas medidas defensivas en los pr\u00f3ximos d\u00edas.<\/span><\/p>\n<p style=\"text-align: justify;\"><span style=\"font-size: 16px;\"><strong>China rebaja el tipo de referencia para los cr\u00e9ditos bancarios a corto plano.<\/strong> El gigante asi\u00e1tico decidi\u00f3 bajar ligeramente, del 3.85% al 3.80% el tipo de inter\u00e9s de referencia a un a\u00f1o para los cr\u00e9ditos bancarios. Este tipo se usa para los pr\u00e9stamos a familias y empresas, por lo que el objetivo podr\u00eda estar en ofrecer cierto alivio al sector inmobiliario, perjudicado por la crisis de Evergrande, y a las familias para potenciar el consumo y revitalizar la econom\u00eda.<\/span><\/p>\n<p>&nbsp;<\/p>\n<p><img loading=\"lazy\" decoding=\"async\" data-attachment-id=\"7382\" data-permalink=\"https:\/\/capitaliafamiliar.es\/informes\/2021\/12\/20\/los-temores-a-que-el-avance-de-omicron-termine-frenando-la-recuperacion-economica-congela-a-los-mercados\/rv-875\/\" data-orig-file=\"https:\/\/capitaliafamiliar.es\/informes\/wp-content\/uploads\/2021\/12\/RV-9.jpg\" data-orig-size=\"336,413\" data-comments-opened=\"0\" data-image-meta=\"{&quot;aperture&quot;:&quot;0&quot;,&quot;credit&quot;:&quot;&quot;,&quot;camera&quot;:&quot;&quot;,&quot;caption&quot;:&quot;&quot;,&quot;created_timestamp&quot;:&quot;0&quot;,&quot;copyright&quot;:&quot;&quot;,&quot;focal_length&quot;:&quot;0&quot;,&quot;iso&quot;:&quot;0&quot;,&quot;shutter_speed&quot;:&quot;0&quot;,&quot;title&quot;:&quot;&quot;,&quot;orientation&quot;:&quot;0&quot;}\" data-image-title=\"RV\" data-image-description=\"\" data-image-caption=\"\" data-large-file=\"https:\/\/capitaliafamiliar.es\/informes\/wp-content\/uploads\/2021\/12\/RV-9.jpg\" class=\"alignnone size-full wp-image-7382\" src=\"https:\/\/capitaliafamiliar.es\/informes\/wp-content\/uploads\/2021\/12\/RV-9.jpg\" alt=\"\" width=\"336\" height=\"413\" srcset=\"https:\/\/capitaliafamiliar.es\/informes\/wp-content\/uploads\/2021\/12\/RV-9.jpg 336w, https:\/\/capitaliafamiliar.es\/informes\/wp-content\/uploads\/2021\/12\/RV-9-244x300.jpg 244w\" sizes=\"(max-width: 336px) 100vw, 336px\" \/><img loading=\"lazy\" decoding=\"async\" data-attachment-id=\"7383\" data-permalink=\"https:\/\/capitaliafamiliar.es\/informes\/2021\/12\/20\/los-temores-a-que-el-avance-de-omicron-termine-frenando-la-recuperacion-economica-congela-a-los-mercados\/rf-872\/\" data-orig-file=\"https:\/\/capitaliafamiliar.es\/informes\/wp-content\/uploads\/2021\/12\/RF-10.jpg\" data-orig-size=\"299,353\" data-comments-opened=\"0\" data-image-meta=\"{&quot;aperture&quot;:&quot;0&quot;,&quot;credit&quot;:&quot;&quot;,&quot;camera&quot;:&quot;&quot;,&quot;caption&quot;:&quot;&quot;,&quot;created_timestamp&quot;:&quot;0&quot;,&quot;copyright&quot;:&quot;&quot;,&quot;focal_length&quot;:&quot;0&quot;,&quot;iso&quot;:&quot;0&quot;,&quot;shutter_speed&quot;:&quot;0&quot;,&quot;title&quot;:&quot;&quot;,&quot;orientation&quot;:&quot;0&quot;}\" data-image-title=\"RF\" data-image-description=\"\" data-image-caption=\"\" data-large-file=\"https:\/\/capitaliafamiliar.es\/informes\/wp-content\/uploads\/2021\/12\/RF-10.jpg\" class=\"alignnone size-full wp-image-7383\" src=\"https:\/\/capitaliafamiliar.es\/informes\/wp-content\/uploads\/2021\/12\/RF-10.jpg\" alt=\"\" width=\"299\" height=\"353\" srcset=\"https:\/\/capitaliafamiliar.es\/informes\/wp-content\/uploads\/2021\/12\/RF-10.jpg 299w, https:\/\/capitaliafamiliar.es\/informes\/wp-content\/uploads\/2021\/12\/RF-10-254x300.jpg 254w\" sizes=\"(max-width: 299px) 100vw, 299px\" \/><\/p>\n<p>&nbsp;<\/p>\n<p><strong>| Agenda para ma\u00f1ana |<\/strong><\/p>\n<p><img loading=\"lazy\" decoding=\"async\" data-attachment-id=\"7381\" data-permalink=\"https:\/\/capitaliafamiliar.es\/informes\/2021\/12\/20\/los-temores-a-que-el-avance-de-omicron-termine-frenando-la-recuperacion-economica-congela-a-los-mercados\/ag-594\/\" data-orig-file=\"https:\/\/capitaliafamiliar.es\/informes\/wp-content\/uploads\/2021\/12\/AG-7.jpg\" data-orig-size=\"687,79\" data-comments-opened=\"0\" data-image-meta=\"{&quot;aperture&quot;:&quot;0&quot;,&quot;credit&quot;:&quot;&quot;,&quot;camera&quot;:&quot;&quot;,&quot;caption&quot;:&quot;&quot;,&quot;created_timestamp&quot;:&quot;0&quot;,&quot;copyright&quot;:&quot;&quot;,&quot;focal_length&quot;:&quot;0&quot;,&quot;iso&quot;:&quot;0&quot;,&quot;shutter_speed&quot;:&quot;0&quot;,&quot;title&quot;:&quot;&quot;,&quot;orientation&quot;:&quot;0&quot;}\" data-image-title=\"AG\" data-image-description=\"\" data-image-caption=\"\" data-large-file=\"https:\/\/capitaliafamiliar.es\/informes\/wp-content\/uploads\/2021\/12\/AG-7.jpg\" class=\"alignnone size-full wp-image-7381\" src=\"https:\/\/capitaliafamiliar.es\/informes\/wp-content\/uploads\/2021\/12\/AG-7.jpg\" alt=\"\" width=\"687\" height=\"79\" srcset=\"https:\/\/capitaliafamiliar.es\/informes\/wp-content\/uploads\/2021\/12\/AG-7.jpg 687w, https:\/\/capitaliafamiliar.es\/informes\/wp-content\/uploads\/2021\/12\/AG-7-300x34.jpg 300w\" sizes=\"(max-width: 687px) 100vw, 687px\" \/><\/p>\n<p>&nbsp;<\/p>\n<p>&nbsp;<\/p>\n<p style=\"text-align: center;\"><strong>Solicite informaci\u00f3n sobre nuestros servicios de asesoramiento financiero<\/strong><\/p>\n<p style=\"text-align: center;\">Si necesita ayuda para el cuidado de su patrimonio, no dude en ponerse en contacto con nosotros,<\/p>\n<p style=\"text-align: center;\">sin compromiso.<\/p>\n<p style=\"text-align: center;\">Tel\u00e9fono:\u00a0\u00a0 91 770\u00a0 22 84<\/p>\n<p style=\"text-align: center;\">Correo electr\u00f3nico:\u00a0\u00a0 capitaliafamiliar@capitaliafamiliar.es<\/p>\n","protected":false},"excerpt":{"rendered":"<p>Informe diario del lunes, 20 de diciembre de 2021 Los temores a que el avance de Omicron termine frenando la recuperaci&oacute;n econ&oacute;mica congela a los mercados. El Covid-19 contin&uacute;a preocupando a los mercados como consecuencia del avance imparable de los contagios en todo el mundo, aunque de forma m&aacute;s destacable en Europa. A los cierres [&hellip;]<\/p>\n","protected":false},"author":2,"featured_media":2525,"comment_status":"closed","ping_status":"closed","sticky":false,"template":"","format":"standard","meta":{"_et_pb_use_builder":"","_et_pb_old_content":"","_et_gb_content_width":"","jetpack_post_was_ever_published":false,"_jetpack_newsletter_access":"","_jetpack_dont_email_post_to_subs":false,"_jetpack_newsletter_tier_id":0,"_jetpack_memberships_contains_paywalled_content":false,"_jetpack_memberships_contains_paid_content":false,"footnotes":""},"categories":[1],"tags":[],"class_list":["post-7380","post","type-post","status-publish","format-standard","has-post-thumbnail","hentry","category-informediario"],"jetpack_featured_media_url":"https:\/\/capitaliafamiliar.es\/informes\/wp-content\/uploads\/2019\/08\/informediario2.png","jetpack_shortlink":"https:\/\/wp.me\/pa2IGq-1V2","jetpack-related-posts":[{"id":5871,"url":"https:\/\/capitaliafamiliar.es\/informes\/2021\/03\/23\/informe-diario-martes-23-de-marzo-de-2021\/","url_meta":{"origin":7380,"position":0},"title":"Informe Diario  Martes, 23 de marzo de 2021","author":"Capitalia Familiar","date":"23 de marzo de 2021","format":false,"excerpt":"El temor a nuevos confinamientos en Europa por el avance de la pandemia frena una vez m\u00e1s a los mercados... El temor a nuevos confinamientos en Europa por el avance de la pandemia frena una vez m\u00e1s a los mercados. Pese a que los efectos de la vacunaci\u00f3n empiezan a\u2026","rel":"","context":"En \u00abInforme Diario\u00bb","block_context":{"text":"Informe Diario","link":"https:\/\/capitaliafamiliar.es\/informes\/category\/informediario\/"},"img":{"alt_text":"","src":"https:\/\/i0.wp.com\/capitaliafamiliar.es\/informes\/wp-content\/uploads\/2019\/08\/informediario2.png?resize=350%2C200&ssl=1","width":350,"height":200,"srcset":"https:\/\/i0.wp.com\/capitaliafamiliar.es\/informes\/wp-content\/uploads\/2019\/08\/informediario2.png?resize=350%2C200&ssl=1 1x, https:\/\/i0.wp.com\/capitaliafamiliar.es\/informes\/wp-content\/uploads\/2019\/08\/informediario2.png?resize=525%2C300&ssl=1 1.5x, https:\/\/i0.wp.com\/capitaliafamiliar.es\/informes\/wp-content\/uploads\/2019\/08\/informediario2.png?resize=700%2C400&ssl=1 2x"},"classes":[]},{"id":5884,"url":"https:\/\/capitaliafamiliar.es\/informes\/2021\/03\/25\/informe-diario-jueves-25-de-marzo-de-2021\/","url_meta":{"origin":7380,"position":1},"title":"Informe Diario  Jueves, 25 de marzo de 2021","author":"Capitalia Familiar","date":"25 de marzo de 2021","format":false,"excerpt":"Los mercados no quieren ni o\u00edr hablar de retirada de est\u00edmulos... Los mercados no quieren ni o\u00edr hablar de retirada de est\u00edmulos. La din\u00e1mica de los mercados contin\u00faa deterior\u00e1ndose y el nerviosismo aumentando, en parte por la imposibilidad de superar resistencias y en parte por el temor creciente a que\u2026","rel":"","context":"En \u00abInforme Diario\u00bb","block_context":{"text":"Informe Diario","link":"https:\/\/capitaliafamiliar.es\/informes\/category\/informediario\/"},"img":{"alt_text":"","src":"https:\/\/i0.wp.com\/capitaliafamiliar.es\/informes\/wp-content\/uploads\/2019\/08\/informediario2.png?resize=350%2C200&ssl=1","width":350,"height":200,"srcset":"https:\/\/i0.wp.com\/capitaliafamiliar.es\/informes\/wp-content\/uploads\/2019\/08\/informediario2.png?resize=350%2C200&ssl=1 1x, https:\/\/i0.wp.com\/capitaliafamiliar.es\/informes\/wp-content\/uploads\/2019\/08\/informediario2.png?resize=525%2C300&ssl=1 1.5x, https:\/\/i0.wp.com\/capitaliafamiliar.es\/informes\/wp-content\/uploads\/2019\/08\/informediario2.png?resize=700%2C400&ssl=1 2x"},"classes":[]},{"id":10463,"url":"https:\/\/capitaliafamiliar.es\/informes\/2023\/11\/23\/la-celebracion-del-dia-de-accion-de-gracias-congela-los-mercados-financieros\/","url_meta":{"origin":7380,"position":2},"title":"La celebraci\u00f3n del D\u00eda de Acci\u00f3n de Gracias congela los mercados financieros","author":"Capitalia Familiar","date":"23 de noviembre de 2023","format":false,"excerpt":"Informe diario del jueves, 23 de noviembre de 2023 \u00a0 Sinopsis Hoy en los mercados La celebraci\u00f3n del D\u00eda de Acci\u00f3n de Gracias en Estados Unidos nos dej\u00f3 una sesi\u00f3n completamente intrascendente y de movimientos imperceptibles en los mercados. An\u00e1lisis de situaci\u00f3n Tras los recientes excesos, la hip\u00f3tesis m\u00e1s probable\u2026","rel":"","context":"En \u00abInforme Diario Privado\u00bb","block_context":{"text":"Informe Diario Privado","link":"https:\/\/capitaliafamiliar.es\/informes\/category\/informe-diario-privado\/"},"img":{"alt_text":"","src":"https:\/\/i0.wp.com\/capitaliafamiliar.es\/informes\/wp-content\/uploads\/2019\/08\/informediario2.png?resize=350%2C200&ssl=1","width":350,"height":200,"srcset":"https:\/\/i0.wp.com\/capitaliafamiliar.es\/informes\/wp-content\/uploads\/2019\/08\/informediario2.png?resize=350%2C200&ssl=1 1x, https:\/\/i0.wp.com\/capitaliafamiliar.es\/informes\/wp-content\/uploads\/2019\/08\/informediario2.png?resize=525%2C300&ssl=1 1.5x, https:\/\/i0.wp.com\/capitaliafamiliar.es\/informes\/wp-content\/uploads\/2019\/08\/informediario2.png?resize=700%2C400&ssl=1 2x"},"classes":[]},{"id":4891,"url":"https:\/\/capitaliafamiliar.es\/informes\/2020\/09\/23\/informe-diario-miercoles-23-de-septiembre-de-2020\/","url_meta":{"origin":7380,"position":3},"title":"Informe Diario  Mi\u00e9rcoles, 23 de septiembre de 2020","author":"Capitalia Familiar","date":"23 de septiembre de 2020","format":false,"excerpt":"El avance del Covid-19 contin\u00faa preocupando a los mercados, que mantienen la debilidad de fondo... El avance del Covid-19 contin\u00faa preocupando a los mercados, que mantienen la debilidad de fondo. M\u00e1s all\u00e1 de rebotes puntuales, los mercados contin\u00faan inmersos en una din\u00e1mica correctiva que podr\u00eda agudizarse si el avance del\u2026","rel":"","context":"En \u00abInforme Diario\u00bb","block_context":{"text":"Informe Diario","link":"https:\/\/capitaliafamiliar.es\/informes\/category\/informediario\/"},"img":{"alt_text":"","src":"https:\/\/i0.wp.com\/capitaliafamiliar.es\/informes\/wp-content\/uploads\/2019\/08\/informediario2.png?resize=350%2C200&ssl=1","width":350,"height":200,"srcset":"https:\/\/i0.wp.com\/capitaliafamiliar.es\/informes\/wp-content\/uploads\/2019\/08\/informediario2.png?resize=350%2C200&ssl=1 1x, https:\/\/i0.wp.com\/capitaliafamiliar.es\/informes\/wp-content\/uploads\/2019\/08\/informediario2.png?resize=525%2C300&ssl=1 1.5x, https:\/\/i0.wp.com\/capitaliafamiliar.es\/informes\/wp-content\/uploads\/2019\/08\/informediario2.png?resize=700%2C400&ssl=1 2x"},"classes":[]},{"id":10467,"url":"https:\/\/capitaliafamiliar.es\/informes\/2023\/11\/23\/la-celebracion-del-dia-de-accion-de-gracias-congela-los-mercados-financieros-2\/","url_meta":{"origin":7380,"position":4},"title":"La celebraci\u00f3n del D\u00eda de Acci\u00f3n de Gracias congela los mercados financieros","author":"Capitalia Familiar","date":"23 de noviembre de 2023","format":false,"excerpt":"Informe diario del jueves, 23 de noviembre de 2023 \u00a0 Sinopsis Hoy en los mercados La celebraci\u00f3n del D\u00eda de Acci\u00f3n de Gracias en Estados Unidos nos dej\u00f3 una sesi\u00f3n completamente intrascendente y de movimientos imperceptibles en los mercados. An\u00e1lisis de situaci\u00f3n Tras los recientes excesos, la hip\u00f3tesis m\u00e1s probable\u2026","rel":"","context":"En \u00abInforme Diario\u00bb","block_context":{"text":"Informe Diario","link":"https:\/\/capitaliafamiliar.es\/informes\/category\/informediario\/"},"img":{"alt_text":"","src":"https:\/\/i0.wp.com\/capitaliafamiliar.es\/informes\/wp-content\/uploads\/2019\/08\/informediario2.png?resize=350%2C200&ssl=1","width":350,"height":200,"srcset":"https:\/\/i0.wp.com\/capitaliafamiliar.es\/informes\/wp-content\/uploads\/2019\/08\/informediario2.png?resize=350%2C200&ssl=1 1x, https:\/\/i0.wp.com\/capitaliafamiliar.es\/informes\/wp-content\/uploads\/2019\/08\/informediario2.png?resize=525%2C300&ssl=1 1.5x, https:\/\/i0.wp.com\/capitaliafamiliar.es\/informes\/wp-content\/uploads\/2019\/08\/informediario2.png?resize=700%2C400&ssl=1 2x"},"classes":[]},{"id":7243,"url":"https:\/\/capitaliafamiliar.es\/informes\/2021\/11\/23\/el-temor-a-nuevos-confinamientos-en-europa-y-la-subida-de-los-tipos-de-interes\/","url_meta":{"origin":7380,"position":5},"title":"El temor a nuevos confinamientos en Europa y la subida de los tipos de inter\u00e9s de mercado penalizan a las bolsas","author":"Capitalia Familiar","date":"23 de noviembre de 2021","format":false,"excerpt":"Informe diario del martes, 23 de noviembre de 2021 \u00a0 El temor a nuevos confinamientos en Europa y la subida de los tipos de inter\u00e9s de mercado penalizan a las bolsas. El avance del virus en pa\u00edses como Rep\u00fablica Checa, Pa\u00edses Bajos y, sobre todo, Alemania devuelve el temor a\u2026","rel":"","context":"En \u00abInforme Diario\u00bb","block_context":{"text":"Informe Diario","link":"https:\/\/capitaliafamiliar.es\/informes\/category\/informediario\/"},"img":{"alt_text":"","src":"https:\/\/i0.wp.com\/capitaliafamiliar.es\/informes\/wp-content\/uploads\/2019\/08\/informediario2.png?resize=350%2C200&ssl=1","width":350,"height":200,"srcset":"https:\/\/i0.wp.com\/capitaliafamiliar.es\/informes\/wp-content\/uploads\/2019\/08\/informediario2.png?resize=350%2C200&ssl=1 1x, https:\/\/i0.wp.com\/capitaliafamiliar.es\/informes\/wp-content\/uploads\/2019\/08\/informediario2.png?resize=525%2C300&ssl=1 1.5x, https:\/\/i0.wp.com\/capitaliafamiliar.es\/informes\/wp-content\/uploads\/2019\/08\/informediario2.png?resize=700%2C400&ssl=1 2x"},"classes":[]}],"jetpack_sharing_enabled":true,"_links":{"self":[{"href":"https:\/\/capitaliafamiliar.es\/informes\/wp-json\/wp\/v2\/posts\/7380","targetHints":{"allow":["GET"]}}],"collection":[{"href":"https:\/\/capitaliafamiliar.es\/informes\/wp-json\/wp\/v2\/posts"}],"about":[{"href":"https:\/\/capitaliafamiliar.es\/informes\/wp-json\/wp\/v2\/types\/post"}],"author":[{"embeddable":true,"href":"https:\/\/capitaliafamiliar.es\/informes\/wp-json\/wp\/v2\/users\/2"}],"replies":[{"embeddable":true,"href":"https:\/\/capitaliafamiliar.es\/informes\/wp-json\/wp\/v2\/comments?post=7380"}],"version-history":[{"count":1,"href":"https:\/\/capitaliafamiliar.es\/informes\/wp-json\/wp\/v2\/posts\/7380\/revisions"}],"predecessor-version":[{"id":7384,"href":"https:\/\/capitaliafamiliar.es\/informes\/wp-json\/wp\/v2\/posts\/7380\/revisions\/7384"}],"wp:featuredmedia":[{"embeddable":true,"href":"https:\/\/capitaliafamiliar.es\/informes\/wp-json\/wp\/v2\/media\/2525"}],"wp:attachment":[{"href":"https:\/\/capitaliafamiliar.es\/informes\/wp-json\/wp\/v2\/media?parent=7380"}],"wp:term":[{"taxonomy":"category","embeddable":true,"href":"https:\/\/capitaliafamiliar.es\/informes\/wp-json\/wp\/v2\/categories?post=7380"},{"taxonomy":"post_tag","embeddable":true,"href":"https:\/\/capitaliafamiliar.es\/informes\/wp-json\/wp\/v2\/tags?post=7380"}],"curies":[{"name":"wp","href":"https:\/\/api.w.org\/{rel}","templated":true}]}}