{"id":7586,"date":"2022-03-02T17:16:06","date_gmt":"2022-03-02T17:16:06","guid":{"rendered":"https:\/\/capitaliafamiliar.es\/informes\/?p=7586"},"modified":"2022-03-02T17:16:06","modified_gmt":"2022-03-02T17:16:06","slug":"que-nos-indica-la-compresion-de-la-volatilidad-en-la-bolsa-estadounidense-los-proximos-dias-podrian-ser-determinantes-para-los-mercados","status":"publish","type":"post","link":"https:\/\/capitaliafamiliar.es\/informes\/2022\/03\/02\/que-nos-indica-la-compresion-de-la-volatilidad-en-la-bolsa-estadounidense-los-proximos-dias-podrian-ser-determinantes-para-los-mercados\/","title":{"rendered":"\u00bfQu\u00e9 nos indica la compresi\u00f3n de la volatilidad en la bolsa estadounidense? Los pr\u00f3ximos d\u00edas podr\u00edan ser determinantes para los mercados"},"content":{"rendered":"<blockquote>\n<p style=\"text-align: justify;\"><span style=\"font-size: 20px;\"><strong>Informe diario del mi\u00e9rcoles, 2 de marzo de 2022<\/strong><\/span><\/p>\n<\/blockquote>\n<p>&nbsp;<\/p>\n<p><span style=\"font-size: 24px; color: #000080;\"><b>Sinopsis<\/b><\/span><\/p>\n<p style=\"text-align: justify;\"><span style=\"font-size: 20px;\"><b><i>Hoy en los mercados\u2026 <\/i><\/b><\/span><\/p>\n<p><span style=\"font-size: 20px;\"><i>Powell y Ucrania dan un respiro a los mercados.<\/i><\/span><\/p>\n<p style=\"text-align: justify;\"><span style=\"font-size: 20px;\"><b><i>An\u00e1lisis de situaci\u00f3n y perspectivas<\/i><\/b><\/span><\/p>\n<p style=\"text-align: justify;\"><span style=\"font-size: 20px;\"><i>\u00bfQu\u00e9 nos indica la compresi\u00f3n de la volatilidad en la bolsa estadounidense? Los pr\u00f3ximos d\u00edas podr\u00edan ser determinantes para los mercados.<\/i><\/span><\/p>\n<p>&nbsp;<\/p>\n<p><strong><span style=\"font-size: 24px;\"><span style=\"font-size: 20px;\">Acceda al documento a trav\u00e9s de este v\u00ednculo: <a href=\"https:\/\/capitaliafamiliar.es\/informes\/wp-content\/uploads\/2022\/03\/Informe-Diario-02.03.2022-version-parcialmente-restringida.pdf\">Informe Diario 02.03.2022 (versi\u00f3n parcialmente restringida)<\/a><\/span><\/span><\/strong><\/p>\n<p>&nbsp;<\/p>\n<p>&nbsp;<\/p>\n<p style=\"text-align: center;\"><strong>Solicite informaci\u00f3n sobre nuestros servicios de asesoramiento financiero<\/strong><\/p>\n<p style=\"text-align: center;\">Si necesita ayuda para el cuidado de su patrimonio, no dude en ponerse en contacto con nosotros, sin compromiso.<\/p>\n<p style=\"text-align: center;\">Tel\u00e9fono:\u00a0\u00a0 91 770\u00a0 22 84<\/p>\n<p style=\"text-align: center;\">Correo electr\u00f3nico:\u00a0\u00a0 capitaliafamiliar@capitaliafamiliar.es<\/p>\n","protected":false},"excerpt":{"rendered":"<p>Informe diario del mi&eacute;rcoles, 2 de marzo de 2022 &nbsp; Sinopsis Hoy en los mercados&hellip; Powell y Ucrania dan un respiro a los mercados. An&aacute;lisis de situaci&oacute;n y perspectivas &iquest;Qu&eacute; nos indica la compresi&oacute;n de la volatilidad en la bolsa estadounidense? Los pr&oacute;ximos d&iacute;as podr&iacute;an ser determinantes para los mercados. &nbsp; Acceda al documento a [&hellip;]<\/p>\n","protected":false},"author":2,"featured_media":2525,"comment_status":"closed","ping_status":"closed","sticky":false,"template":"","format":"standard","meta":{"_et_pb_use_builder":"","_et_pb_old_content":"","_et_gb_content_width":"","jetpack_post_was_ever_published":false,"_jetpack_newsletter_access":"","_jetpack_dont_email_post_to_subs":false,"_jetpack_newsletter_tier_id":0,"_jetpack_memberships_contains_paywalled_content":false,"_jetpack_memberships_contains_paid_content":false,"footnotes":""},"categories":[1],"tags":[],"class_list":["post-7586","post","type-post","status-publish","format-standard","has-post-thumbnail","hentry","category-informediario"],"jetpack_featured_media_url":"https:\/\/capitaliafamiliar.es\/informes\/wp-content\/uploads\/2019\/08\/informediario2.png","jetpack_shortlink":"https:\/\/wp.me\/pa2IGq-1Ym","jetpack-related-posts":[{"id":10860,"url":"https:\/\/capitaliafamiliar.es\/informes\/2024\/02\/15\/algunas-de-las-principales-economias-han-entrado-en-recesion-pero-el-mercado-descarta-que-esta-vaya-a-ser-profunda-2\/","url_meta":{"origin":7586,"position":0},"title":"Algunas de las principales econom\u00edas han entrado en recesi\u00f3n, pero el mercado descarta que esta vaya a ser profunda","author":"Capitalia Familiar","date":"15 de febrero de 2024","format":false,"excerpt":"Informe diario del jueves, 15 de febrero de 2024 \u00a0 Sinopsis Hoy en los mercados Los mercados consiguen recuperarse del golpe de la inflaci\u00f3n estadounidense, pero siguen muy excedidos. An\u00e1lisis de situaci\u00f3n Alemania, Reino Unido y Jap\u00f3n ya est\u00e1n en recesi\u00f3n. Por ahora no hay s\u00edntomas de que vaya a\u2026","rel":"","context":"En \u00abInforme Diario\u00bb","block_context":{"text":"Informe Diario","link":"https:\/\/capitaliafamiliar.es\/informes\/category\/informediario\/"},"img":{"alt_text":"","src":"https:\/\/i0.wp.com\/capitaliafamiliar.es\/informes\/wp-content\/uploads\/2019\/08\/informediario2.png?resize=350%2C200&ssl=1","width":350,"height":200,"srcset":"https:\/\/i0.wp.com\/capitaliafamiliar.es\/informes\/wp-content\/uploads\/2019\/08\/informediario2.png?resize=350%2C200&ssl=1 1x, https:\/\/i0.wp.com\/capitaliafamiliar.es\/informes\/wp-content\/uploads\/2019\/08\/informediario2.png?resize=525%2C300&ssl=1 1.5x, https:\/\/i0.wp.com\/capitaliafamiliar.es\/informes\/wp-content\/uploads\/2019\/08\/informediario2.png?resize=700%2C400&ssl=1 2x"},"classes":[]},{"id":10288,"url":"https:\/\/capitaliafamiliar.es\/informes\/2023\/10\/23\/podemos-esperar-un-giro-alcista-de-los-mercados-en-los-proximos-dias-2\/","url_meta":{"origin":7586,"position":1},"title":"\u00bfPodemos esperar un giro alcista de los mercados en los pr\u00f3ximos d\u00edas?","author":"Capitalia Familiar","date":"23 de octubre de 2023","format":false,"excerpt":"Informe diario del lunes, 23 de octubre de 2023 \u00a0 Sinopsis Hoy en los mercados Sesi\u00f3n de ida y vuelta en los mercados, que logran cerrar en positivo y sientan las bases de un posible suelo a las ca\u00eddas. An\u00e1lisis de situaci\u00f3n El giro alcista en los mercados podr\u00eda estar\u2026","rel":"","context":"En \u00abInforme Diario\u00bb","block_context":{"text":"Informe Diario","link":"https:\/\/capitaliafamiliar.es\/informes\/category\/informediario\/"},"img":{"alt_text":"","src":"https:\/\/i0.wp.com\/capitaliafamiliar.es\/informes\/wp-content\/uploads\/2019\/08\/informediario2.png?resize=350%2C200&ssl=1","width":350,"height":200,"srcset":"https:\/\/i0.wp.com\/capitaliafamiliar.es\/informes\/wp-content\/uploads\/2019\/08\/informediario2.png?resize=350%2C200&ssl=1 1x, https:\/\/i0.wp.com\/capitaliafamiliar.es\/informes\/wp-content\/uploads\/2019\/08\/informediario2.png?resize=525%2C300&ssl=1 1.5x, https:\/\/i0.wp.com\/capitaliafamiliar.es\/informes\/wp-content\/uploads\/2019\/08\/informediario2.png?resize=700%2C400&ssl=1 2x"},"classes":[]},{"id":9915,"url":"https:\/\/capitaliafamiliar.es\/informes\/2023\/08\/16\/se-acaba-el-tiempo-para-las-bolsas-rebote-o-perdida-de-soportes-de-medio-y-largo-plazo-los-proximos-dias-seran-determinantes-2\/","url_meta":{"origin":7586,"position":2},"title":"Se acaba el tiempo para las bolsas: rebote o p\u00e9rdida de soportes de medio y largo plazo. Los pr\u00f3ximos d\u00edas ser\u00e1n determinantes","author":"Capitalia Familiar","date":"16 de agosto de 2023","format":false,"excerpt":"Informe diario del mi\u00e9rcoles, 16 de agosto de 2023 \u00a0 Sinopsis Hoy en los mercados Nueva jornada de dudas y debilidad para las bolsas, incapaces de rebotar y al borde del abismo. An\u00e1lisis de situaci\u00f3n Hora de la verdad para las bolsas: deber\u00edan rebotar en los niveles actuales, ya que\u2026","rel":"","context":"En \u00abInforme Diario\u00bb","block_context":{"text":"Informe Diario","link":"https:\/\/capitaliafamiliar.es\/informes\/category\/informediario\/"},"img":{"alt_text":"","src":"https:\/\/i0.wp.com\/capitaliafamiliar.es\/informes\/wp-content\/uploads\/2019\/08\/informediario2.png?resize=350%2C200&ssl=1","width":350,"height":200,"srcset":"https:\/\/i0.wp.com\/capitaliafamiliar.es\/informes\/wp-content\/uploads\/2019\/08\/informediario2.png?resize=350%2C200&ssl=1 1x, https:\/\/i0.wp.com\/capitaliafamiliar.es\/informes\/wp-content\/uploads\/2019\/08\/informediario2.png?resize=525%2C300&ssl=1 1.5x, https:\/\/i0.wp.com\/capitaliafamiliar.es\/informes\/wp-content\/uploads\/2019\/08\/informediario2.png?resize=700%2C400&ssl=1 2x"},"classes":[]},{"id":10329,"url":"https:\/\/capitaliafamiliar.es\/informes\/2023\/10\/30\/la-intensa-sobreventa-acumulada-en-las-bolsas-favorecera-un-rebote-del-mercado-en-los-proximos-dias-2\/","url_meta":{"origin":7586,"position":3},"title":"La intensa sobreventa acumulada en las bolsas favorecer\u00e1 un rebote del mercado en los pr\u00f3ximos d\u00edas","author":"Capitalia Familiar","date":"30 de octubre de 2023","format":false,"excerpt":"Informe diario del lunes, 30 de octubre de 2023 \u00a0 Sinopsis Hoy en los mercados Sesi\u00f3n de suave recuperaci\u00f3n para unos mercados que estaban ya muy castigados y excesivamente sobrevendidos. An\u00e1lisis de situaci\u00f3n Nuestra visi\u00f3n de mercado contin\u00faa siendo bajista a medio plazo, pero esperamos que se produzca una reacci\u00f3n\u2026","rel":"","context":"En \u00abInforme Diario\u00bb","block_context":{"text":"Informe Diario","link":"https:\/\/capitaliafamiliar.es\/informes\/category\/informediario\/"},"img":{"alt_text":"","src":"https:\/\/i0.wp.com\/capitaliafamiliar.es\/informes\/wp-content\/uploads\/2019\/08\/informediario2.png?resize=350%2C200&ssl=1","width":350,"height":200,"srcset":"https:\/\/i0.wp.com\/capitaliafamiliar.es\/informes\/wp-content\/uploads\/2019\/08\/informediario2.png?resize=350%2C200&ssl=1 1x, https:\/\/i0.wp.com\/capitaliafamiliar.es\/informes\/wp-content\/uploads\/2019\/08\/informediario2.png?resize=525%2C300&ssl=1 1.5x, https:\/\/i0.wp.com\/capitaliafamiliar.es\/informes\/wp-content\/uploads\/2019\/08\/informediario2.png?resize=700%2C400&ssl=1 2x"},"classes":[]},{"id":3115,"url":"https:\/\/capitaliafamiliar.es\/informes\/2019\/11\/27\/informe-diario-miercoles-27-de-noviembre-de-2019\/","url_meta":{"origin":7586,"position":4},"title":"Informe Diario  Mi\u00e9rcoles, 27 de noviembre de 2019","author":"Capitalia Familiar","date":"27 de noviembre de 2019","format":false,"excerpt":"La festividad de Acci\u00f3n de Gracias en Estados Unidos condicionar\u00e1 la actividad de los mercados en estos pr\u00f3ximos d\u00edas... La festividad de Acci\u00f3n de Gracias en Estados Unidos condicionar\u00e1 la actividad de los mercados en estos pr\u00f3ximos d\u00edas. Los mercados estadounidenses permanecer\u00e1n cerrados ma\u00f1ana, y tendr\u00e1n una sesi\u00f3n reducida (hasta\u2026","rel":"","context":"En \u00abInforme Diario\u00bb","block_context":{"text":"Informe Diario","link":"https:\/\/capitaliafamiliar.es\/informes\/category\/informediario\/"},"img":{"alt_text":"","src":"https:\/\/i0.wp.com\/capitaliafamiliar.es\/informes\/wp-content\/uploads\/2019\/08\/informediario2.png?resize=350%2C200&ssl=1","width":350,"height":200,"srcset":"https:\/\/i0.wp.com\/capitaliafamiliar.es\/informes\/wp-content\/uploads\/2019\/08\/informediario2.png?resize=350%2C200&ssl=1 1x, https:\/\/i0.wp.com\/capitaliafamiliar.es\/informes\/wp-content\/uploads\/2019\/08\/informediario2.png?resize=525%2C300&ssl=1 1.5x, https:\/\/i0.wp.com\/capitaliafamiliar.es\/informes\/wp-content\/uploads\/2019\/08\/informediario2.png?resize=700%2C400&ssl=1 2x"},"classes":[]},{"id":10537,"url":"https:\/\/capitaliafamiliar.es\/informes\/2023\/12\/07\/si-la-realidad-economica-no-converge-hacia-las-expectativas-del-mercado-volveremos-a-ver-volatilidad-en-los-mercados-2\/","url_meta":{"origin":7586,"position":5},"title":"Si la realidad econ\u00f3mica no converge hacia las expectativas del mercado volveremos a ver volatilidad en los mercados","author":"Capitalia Familiar","date":"7 de diciembre de 2023","format":false,"excerpt":"Informe diario del jueves, 7 de diciembre de 2023 \u00a0 Sinopsis Hoy en los mercados El rebote del sector tecnol\u00f3gico permite a los \u00edndices americanos recuperarse tras varios d\u00edas de consolidaci\u00f3n. Europa y la renta fija retroceden ligeramente. An\u00e1lisis de situaci\u00f3n El choque entre la realidad econ\u00f3mica y la \u201crealidad\u201d\u2026","rel":"","context":"En \u00abInforme Diario\u00bb","block_context":{"text":"Informe Diario","link":"https:\/\/capitaliafamiliar.es\/informes\/category\/informediario\/"},"img":{"alt_text":"","src":"https:\/\/i0.wp.com\/capitaliafamiliar.es\/informes\/wp-content\/uploads\/2019\/08\/informediario2.png?resize=350%2C200&ssl=1","width":350,"height":200,"srcset":"https:\/\/i0.wp.com\/capitaliafamiliar.es\/informes\/wp-content\/uploads\/2019\/08\/informediario2.png?resize=350%2C200&ssl=1 1x, https:\/\/i0.wp.com\/capitaliafamiliar.es\/informes\/wp-content\/uploads\/2019\/08\/informediario2.png?resize=525%2C300&ssl=1 1.5x, https:\/\/i0.wp.com\/capitaliafamiliar.es\/informes\/wp-content\/uploads\/2019\/08\/informediario2.png?resize=700%2C400&ssl=1 2x"},"classes":[]}],"jetpack_sharing_enabled":true,"_links":{"self":[{"href":"https:\/\/capitaliafamiliar.es\/informes\/wp-json\/wp\/v2\/posts\/7586","targetHints":{"allow":["GET"]}}],"collection":[{"href":"https:\/\/capitaliafamiliar.es\/informes\/wp-json\/wp\/v2\/posts"}],"about":[{"href":"https:\/\/capitaliafamiliar.es\/informes\/wp-json\/wp\/v2\/types\/post"}],"author":[{"embeddable":true,"href":"https:\/\/capitaliafamiliar.es\/informes\/wp-json\/wp\/v2\/users\/2"}],"replies":[{"embeddable":true,"href":"https:\/\/capitaliafamiliar.es\/informes\/wp-json\/wp\/v2\/comments?post=7586"}],"version-history":[{"count":1,"href":"https:\/\/capitaliafamiliar.es\/informes\/wp-json\/wp\/v2\/posts\/7586\/revisions"}],"predecessor-version":[{"id":7588,"href":"https:\/\/capitaliafamiliar.es\/informes\/wp-json\/wp\/v2\/posts\/7586\/revisions\/7588"}],"wp:featuredmedia":[{"embeddable":true,"href":"https:\/\/capitaliafamiliar.es\/informes\/wp-json\/wp\/v2\/media\/2525"}],"wp:attachment":[{"href":"https:\/\/capitaliafamiliar.es\/informes\/wp-json\/wp\/v2\/media?parent=7586"}],"wp:term":[{"taxonomy":"category","embeddable":true,"href":"https:\/\/capitaliafamiliar.es\/informes\/wp-json\/wp\/v2\/categories?post=7586"},{"taxonomy":"post_tag","embeddable":true,"href":"https:\/\/capitaliafamiliar.es\/informes\/wp-json\/wp\/v2\/tags?post=7586"}],"curies":[{"name":"wp","href":"https:\/\/api.w.org\/{rel}","templated":true}]}}