{"id":7662,"date":"2022-04-01T15:55:40","date_gmt":"2022-04-01T15:55:40","guid":{"rendered":"https:\/\/capitaliafamiliar.es\/informes\/?p=7662"},"modified":"2022-04-01T15:55:40","modified_gmt":"2022-04-01T15:55:40","slug":"la-fuerza-del-mercado-no-es-suficiente-para-rebotar-con-contundencia-y-aumenta-la-probabilidad-de-que-las-bolsas-retomen-la-tendencia-bajista","status":"publish","type":"post","link":"https:\/\/capitaliafamiliar.es\/informes\/2022\/04\/01\/la-fuerza-del-mercado-no-es-suficiente-para-rebotar-con-contundencia-y-aumenta-la-probabilidad-de-que-las-bolsas-retomen-la-tendencia-bajista\/","title":{"rendered":"La fuerza del mercado no es suficiente para rebotar con contundencia y aumenta la probabilidad de que las bolsas retomen la tendencia bajista"},"content":{"rendered":"<blockquote>\n<p style=\"text-align: justify;\"><span style=\"font-size: 20px;\"><strong>Informe diario del viernes, 1 de abril de 2022<\/strong><\/span><\/p>\n<\/blockquote>\n<p>&nbsp;<\/p>\n<p><span style=\"font-size: 24px; color: #000080;\"><b>Sinopsis<\/b><\/span><\/p>\n<p style=\"text-align: justify;\"><span style=\"font-size: 20px;\"><b><i>Hoy en los mercados\u2026 <\/i><\/b><\/span><\/p>\n<p><span style=\"font-size: 20px;\"><i>Los datos macroecon\u00f3micos contin\u00faan elevando el temor a una recesi\u00f3n, especialmente en Europa.<\/i><\/span><\/p>\n<p style=\"text-align: justify;\"><span style=\"font-size: 20px;\"><b><i>An\u00e1lisis de situaci\u00f3n y perspectivas<\/i><\/b><\/span><\/p>\n<p style=\"text-align: justify;\"><span style=\"font-size: 20px;\"><i>La fuerza del mercado no es suficiente para rebotar con contundencia y aumenta la probabilidad de que las bolsas retomen la tendencia bajista.<\/i><\/span><\/p>\n<p>&nbsp;<\/p>\n<p><strong><span style=\"font-size: 24px;\"><span style=\"font-size: 20px;\">Acceda al documento a trav\u00e9s de este v\u00ednculo: <a href=\"https:\/\/capitaliafamiliar.es\/informes\/wp-content\/uploads\/2022\/04\/Informe-Diario-01.04.2022-version-parcialmente-restringida.pdf\">Informe Diario 01.04.2022 (versi\u00f3n parcialmente restringida)<\/a><\/span><\/span><\/strong><\/p>\n<p>&nbsp;<\/p>\n<p>&nbsp;<\/p>\n<p>&nbsp;<\/p>\n<p style=\"text-align: center;\"><strong>Solicite informaci\u00f3n sobre nuestros servicios de asesoramiento financiero<\/strong><\/p>\n<p style=\"text-align: center;\">Si necesita ayuda para el cuidado de su patrimonio, no dude en ponerse en contacto con nosotros, sin compromiso.<\/p>\n<p style=\"text-align: center;\">Tel\u00e9fono:\u00a0\u00a0 91 770\u00a0 22 84<\/p>\n<p style=\"text-align: center;\">Correo electr\u00f3nico:\u00a0\u00a0 capitaliafamiliar@capitaliafamiliar.es<\/p>\n","protected":false},"excerpt":{"rendered":"<p>Informe diario del viernes, 1 de abril de 2022 &nbsp; Sinopsis Hoy en los mercados&hellip; Los datos macroecon&oacute;micos contin&uacute;an elevando el temor a una recesi&oacute;n, especialmente en Europa. An&aacute;lisis de situaci&oacute;n y perspectivas La fuerza del mercado no es suficiente para rebotar con contundencia y aumenta la probabilidad de que las bolsas retomen la tendencia [&hellip;]<\/p>\n","protected":false},"author":2,"featured_media":2525,"comment_status":"closed","ping_status":"closed","sticky":false,"template":"","format":"standard","meta":{"_et_pb_use_builder":"","_et_pb_old_content":"","_et_gb_content_width":"","jetpack_post_was_ever_published":false,"_jetpack_newsletter_access":"","_jetpack_dont_email_post_to_subs":false,"_jetpack_newsletter_tier_id":0,"_jetpack_memberships_contains_paywalled_content":false,"_jetpack_memberships_contains_paid_content":false,"footnotes":""},"categories":[1],"tags":[],"class_list":["post-7662","post","type-post","status-publish","format-standard","has-post-thumbnail","hentry","category-informediario"],"jetpack_featured_media_url":"https:\/\/capitaliafamiliar.es\/informes\/wp-content\/uploads\/2019\/08\/informediario2.png","jetpack_shortlink":"https:\/\/wp.me\/pa2IGq-1ZA","jetpack-related-posts":[{"id":7634,"url":"https:\/\/capitaliafamiliar.es\/informes\/2022\/03\/21\/el-rebote-de-las-bolsas-pierde-fuerza-y-aumenta-el-riesgo-de-que-retomen-la-tendencia-bajista\/","url_meta":{"origin":7662,"position":0},"title":"El rebote de las bolsas pierde fuerza y aumenta el riesgo de que retomen la tendencia bajista","author":"Capitalia Familiar","date":"21 de marzo de 2022","format":false,"excerpt":"Informe diario del lunes, 21 de marzo de 2022 \u00a0 Sinopsis Hoy en los mercados\u2026 Nueva jornada de transici\u00f3n para los mercados. An\u00e1lisis de situaci\u00f3n y perspectivas El rebote de las bolsas pierde fuerza y aumenta el riesgo de que retomen la tendencia bajista. \u00a0 Acceda al documento a trav\u00e9s\u2026","rel":"","context":"En \u00abInforme Diario\u00bb","block_context":{"text":"Informe Diario","link":"https:\/\/capitaliafamiliar.es\/informes\/category\/informediario\/"},"img":{"alt_text":"","src":"https:\/\/i0.wp.com\/capitaliafamiliar.es\/informes\/wp-content\/uploads\/2019\/08\/informediario2.png?resize=350%2C200&ssl=1","width":350,"height":200,"srcset":"https:\/\/i0.wp.com\/capitaliafamiliar.es\/informes\/wp-content\/uploads\/2019\/08\/informediario2.png?resize=350%2C200&ssl=1 1x, https:\/\/i0.wp.com\/capitaliafamiliar.es\/informes\/wp-content\/uploads\/2019\/08\/informediario2.png?resize=525%2C300&ssl=1 1.5x, https:\/\/i0.wp.com\/capitaliafamiliar.es\/informes\/wp-content\/uploads\/2019\/08\/informediario2.png?resize=700%2C400&ssl=1 2x"},"classes":[]},{"id":10143,"url":"https:\/\/capitaliafamiliar.es\/informes\/2023\/09\/27\/el-movimiento-bajista-pierde-fuerza-y-aumenta-la-probabilidad-de-que-se-produzca-un-rebote-en-las-bolsas-2\/","url_meta":{"origin":7662,"position":1},"title":"El movimiento bajista pierde fuerza y aumenta la probabilidad de que se produzca un rebote en las bolsas","author":"Capitalia Familiar","date":"27 de septiembre de 2023","format":false,"excerpt":"Informe diario del mi\u00e9rcoles, 27 de septiembre de 2023 \u00a0 Sinopsis Hoy en los mercados Sesi\u00f3n de rangos estrechos en las bolsas. Los \u00edndices no profundizaron las ca\u00eddas pese a perder los soportes de medio y largo plazo. An\u00e1lisis de situaci\u00f3n A corto plazo la p\u00e9rdida de fuerza del movimiento\u2026","rel":"","context":"En \u00abInforme Diario\u00bb","block_context":{"text":"Informe Diario","link":"https:\/\/capitaliafamiliar.es\/informes\/category\/informediario\/"},"img":{"alt_text":"","src":"https:\/\/i0.wp.com\/capitaliafamiliar.es\/informes\/wp-content\/uploads\/2019\/08\/informediario2.png?resize=350%2C200&ssl=1","width":350,"height":200,"srcset":"https:\/\/i0.wp.com\/capitaliafamiliar.es\/informes\/wp-content\/uploads\/2019\/08\/informediario2.png?resize=350%2C200&ssl=1 1x, https:\/\/i0.wp.com\/capitaliafamiliar.es\/informes\/wp-content\/uploads\/2019\/08\/informediario2.png?resize=525%2C300&ssl=1 1.5x, https:\/\/i0.wp.com\/capitaliafamiliar.es\/informes\/wp-content\/uploads\/2019\/08\/informediario2.png?resize=700%2C400&ssl=1 2x"},"classes":[]},{"id":10139,"url":"https:\/\/capitaliafamiliar.es\/informes\/2023\/09\/27\/el-movimiento-bajista-pierde-fuerza-y-aumenta-la-probabilidad-de-que-se-produzca-un-rebote-en-las-bolsas\/","url_meta":{"origin":7662,"position":2},"title":"El movimiento bajista pierde fuerza y aumenta la probabilidad de que se produzca un rebote en las bolsas","author":"Capitalia Familiar","date":"27 de septiembre de 2023","format":false,"excerpt":"Informe diario del mi\u00e9rcoles, 27 de septiembre de 2023 \u00a0 Sinopsis Hoy en los mercados Sesi\u00f3n de rangos estrechos en las bolsas. Los \u00edndices no profundizaron las ca\u00eddas pese a perder los soportes de medio y largo plazo. An\u00e1lisis de situaci\u00f3n A corto plazo la p\u00e9rdida de fuerza del movimiento\u2026","rel":"","context":"En \u00abInforme Diario Privado\u00bb","block_context":{"text":"Informe Diario Privado","link":"https:\/\/capitaliafamiliar.es\/informes\/category\/informe-diario-privado\/"},"img":{"alt_text":"","src":"https:\/\/i0.wp.com\/capitaliafamiliar.es\/informes\/wp-content\/uploads\/2019\/08\/informediario2.png?resize=350%2C200&ssl=1","width":350,"height":200,"srcset":"https:\/\/i0.wp.com\/capitaliafamiliar.es\/informes\/wp-content\/uploads\/2019\/08\/informediario2.png?resize=350%2C200&ssl=1 1x, https:\/\/i0.wp.com\/capitaliafamiliar.es\/informes\/wp-content\/uploads\/2019\/08\/informediario2.png?resize=525%2C300&ssl=1 1.5x, https:\/\/i0.wp.com\/capitaliafamiliar.es\/informes\/wp-content\/uploads\/2019\/08\/informediario2.png?resize=700%2C400&ssl=1 2x"},"classes":[]},{"id":8214,"url":"https:\/\/capitaliafamiliar.es\/informes\/2022\/11\/29\/el-sentimiento-de-mercado-continua-empeorando-y-la-probabilidad-de-que-se-produzca-una-correccion-en-las-bolsas-aumenta\/","url_meta":{"origin":7662,"position":3},"title":"El sentimiento de mercado contin\u00faa empeorando y la probabilidad de que se produzca una correcci\u00f3n en las bolsas aumenta","author":"Capitalia Familiar","date":"29 de noviembre de 2022","format":false,"excerpt":"Informe diario del martes, 29 de noviembre de 2022 \u00a0 Sinopsis Hoy en los mercados\u2026 Las bolsas no logran retomar la tendencia alcista. An\u00e1lisis de situaci\u00f3n y perspectivas El sentimiento de mercado contin\u00faa empeorando y la probabilidad de que se produzca una correcci\u00f3n en las bolsas aumenta. \u00a0 Acceda al\u2026","rel":"","context":"En \u00abInforme Diario\u00bb","block_context":{"text":"Informe Diario","link":"https:\/\/capitaliafamiliar.es\/informes\/category\/informediario\/"},"img":{"alt_text":"","src":"https:\/\/i0.wp.com\/capitaliafamiliar.es\/informes\/wp-content\/uploads\/2019\/08\/informediario2.png?resize=350%2C200&ssl=1","width":350,"height":200,"srcset":"https:\/\/i0.wp.com\/capitaliafamiliar.es\/informes\/wp-content\/uploads\/2019\/08\/informediario2.png?resize=350%2C200&ssl=1 1x, https:\/\/i0.wp.com\/capitaliafamiliar.es\/informes\/wp-content\/uploads\/2019\/08\/informediario2.png?resize=525%2C300&ssl=1 1.5x, https:\/\/i0.wp.com\/capitaliafamiliar.es\/informes\/wp-content\/uploads\/2019\/08\/informediario2.png?resize=700%2C400&ssl=1 2x"},"classes":[]},{"id":9596,"url":"https:\/\/capitaliafamiliar.es\/informes\/2023\/06\/20\/el-movimiento-alcista-pierde-fuerza-y-aumenta-la-probabilidad-de-que-se-produzca-una-correccion-en-las-bolsas\/","url_meta":{"origin":7662,"position":4},"title":"El movimiento alcista pierde fuerza y aumenta la probabilidad de que se produzca una correcci\u00f3n en las bolsas","author":"Capitalia Familiar","date":"20 de junio de 2023","format":false,"excerpt":"Informe diario del martes, 20 de junio de 2023 \u00a0 Sinopsis Hoy en los mercados La vuelta a la negociaci\u00f3n en Wall Street mantiene en rojo a las bolsas y el sentimiento de mercado comienza a deteriorarse. An\u00e1lisis de situaci\u00f3n El movimiento alcista pierde fuerza y aumenta la probabilidad de\u2026","rel":"","context":"En \u00abInforme Diario Privado\u00bb","block_context":{"text":"Informe Diario Privado","link":"https:\/\/capitaliafamiliar.es\/informes\/category\/informe-diario-privado\/"},"img":{"alt_text":"","src":"https:\/\/i0.wp.com\/capitaliafamiliar.es\/informes\/wp-content\/uploads\/2019\/08\/informediario2.png?resize=350%2C200&ssl=1","width":350,"height":200,"srcset":"https:\/\/i0.wp.com\/capitaliafamiliar.es\/informes\/wp-content\/uploads\/2019\/08\/informediario2.png?resize=350%2C200&ssl=1 1x, https:\/\/i0.wp.com\/capitaliafamiliar.es\/informes\/wp-content\/uploads\/2019\/08\/informediario2.png?resize=525%2C300&ssl=1 1.5x, https:\/\/i0.wp.com\/capitaliafamiliar.es\/informes\/wp-content\/uploads\/2019\/08\/informediario2.png?resize=700%2C400&ssl=1 2x"},"classes":[]},{"id":9600,"url":"https:\/\/capitaliafamiliar.es\/informes\/2023\/06\/20\/el-movimiento-alcista-pierde-fuerza-y-aumenta-la-probabilidad-de-que-se-produzca-una-correccion-en-las-bolsas-2\/","url_meta":{"origin":7662,"position":5},"title":"El movimiento alcista pierde fuerza y aumenta la probabilidad de que se produzca una correcci\u00f3n en las bolsas","author":"Capitalia Familiar","date":"20 de junio de 2023","format":false,"excerpt":"Informe diario del martes, 20 de junio de 2023 \u00a0 Sinopsis Hoy en los mercados La vuelta a la negociaci\u00f3n en Wall Street mantiene en rojo a las bolsas y el sentimiento de mercado comienza a deteriorarse. An\u00e1lisis de situaci\u00f3n El movimiento alcista pierde fuerza y aumenta la probabilidad de\u2026","rel":"","context":"En \u00abInforme Diario\u00bb","block_context":{"text":"Informe Diario","link":"https:\/\/capitaliafamiliar.es\/informes\/category\/informediario\/"},"img":{"alt_text":"","src":"https:\/\/i0.wp.com\/capitaliafamiliar.es\/informes\/wp-content\/uploads\/2019\/08\/informediario2.png?resize=350%2C200&ssl=1","width":350,"height":200,"srcset":"https:\/\/i0.wp.com\/capitaliafamiliar.es\/informes\/wp-content\/uploads\/2019\/08\/informediario2.png?resize=350%2C200&ssl=1 1x, https:\/\/i0.wp.com\/capitaliafamiliar.es\/informes\/wp-content\/uploads\/2019\/08\/informediario2.png?resize=525%2C300&ssl=1 1.5x, https:\/\/i0.wp.com\/capitaliafamiliar.es\/informes\/wp-content\/uploads\/2019\/08\/informediario2.png?resize=700%2C400&ssl=1 2x"},"classes":[]}],"jetpack_sharing_enabled":true,"_links":{"self":[{"href":"https:\/\/capitaliafamiliar.es\/informes\/wp-json\/wp\/v2\/posts\/7662","targetHints":{"allow":["GET"]}}],"collection":[{"href":"https:\/\/capitaliafamiliar.es\/informes\/wp-json\/wp\/v2\/posts"}],"about":[{"href":"https:\/\/capitaliafamiliar.es\/informes\/wp-json\/wp\/v2\/types\/post"}],"author":[{"embeddable":true,"href":"https:\/\/capitaliafamiliar.es\/informes\/wp-json\/wp\/v2\/users\/2"}],"replies":[{"embeddable":true,"href":"https:\/\/capitaliafamiliar.es\/informes\/wp-json\/wp\/v2\/comments?post=7662"}],"version-history":[{"count":1,"href":"https:\/\/capitaliafamiliar.es\/informes\/wp-json\/wp\/v2\/posts\/7662\/revisions"}],"predecessor-version":[{"id":7664,"href":"https:\/\/capitaliafamiliar.es\/informes\/wp-json\/wp\/v2\/posts\/7662\/revisions\/7664"}],"wp:featuredmedia":[{"embeddable":true,"href":"https:\/\/capitaliafamiliar.es\/informes\/wp-json\/wp\/v2\/media\/2525"}],"wp:attachment":[{"href":"https:\/\/capitaliafamiliar.es\/informes\/wp-json\/wp\/v2\/media?parent=7662"}],"wp:term":[{"taxonomy":"category","embeddable":true,"href":"https:\/\/capitaliafamiliar.es\/informes\/wp-json\/wp\/v2\/categories?post=7662"},{"taxonomy":"post_tag","embeddable":true,"href":"https:\/\/capitaliafamiliar.es\/informes\/wp-json\/wp\/v2\/tags?post=7662"}],"curies":[{"name":"wp","href":"https:\/\/api.w.org\/{rel}","templated":true}]}}