{"id":7774,"date":"2022-05-25T15:37:58","date_gmt":"2022-05-25T15:37:58","guid":{"rendered":"https:\/\/capitaliafamiliar.es\/informes\/?p=7774"},"modified":"2022-05-25T15:37:58","modified_gmt":"2022-05-25T15:37:58","slug":"las-actas-de-la-fed-podrian-precipitar-el-movimiento-de-las-bolsas-a-corto-plazo","status":"publish","type":"post","link":"https:\/\/capitaliafamiliar.es\/informes\/2022\/05\/25\/las-actas-de-la-fed-podrian-precipitar-el-movimiento-de-las-bolsas-a-corto-plazo\/","title":{"rendered":"Las actas de la Fed podr\u00edan precipitar el movimiento de las bolsas a corto plazo"},"content":{"rendered":"<blockquote>\n<p style=\"text-align: justify;\"><span style=\"font-size: 20px;\"><strong>Informe diario del mi\u00e9rcoles, 25 de mayo de 2022<\/strong><\/span><\/p>\n<\/blockquote>\n<p>&nbsp;<\/p>\n<p><span style=\"font-size: 24px; color: #000080;\"><b>Sinopsis<\/b><\/span><\/p>\n<p style=\"text-align: justify;\"><span style=\"font-size: 20px;\"><b><i>Hoy en los mercados\u2026 <\/i><\/b><\/span><\/p>\n<p><span style=\"font-size: 20px;\"><i>Sesi\u00f3n de muchas dudas para las bolsas, que finalmente se decantaron por el rebote.<\/i><\/span><\/p>\n<p style=\"text-align: justify;\"><span style=\"font-size: 20px;\"><b><i>An\u00e1lisis de situaci\u00f3n y perspectivas<\/i><\/b><\/span><\/p>\n<p style=\"text-align: justify;\"><span style=\"font-size: 20px;\"><i>Las actas de la Fed podr\u00edan precipitar el movimiento de las bolsas a corto plazo.<\/i><\/span><\/p>\n<p>&nbsp;<\/p>\n<p><strong><span style=\"font-size: 24px;\"><span style=\"font-size: 20px;\">Acceda al documento a trav\u00e9s de este v\u00ednculo: <a href=\"https:\/\/capitaliafamiliar.es\/informes\/wp-content\/uploads\/2022\/05\/Informe-Diario-25.05.2022-version-parcialmente-restringida.pdf\">Informe Diario 25.05.2022 (versi\u00f3n parcialmente restringida)<\/a><\/span><\/span><\/strong><\/p>\n<p>&nbsp;<\/p>\n<p>&nbsp;<\/p>\n<p>&nbsp;<\/p>\n<p style=\"text-align: center;\"><strong>Solicite informaci\u00f3n sobre nuestros servicios de asesoramiento financiero<\/strong><\/p>\n<p style=\"text-align: center;\">Si necesita ayuda para el cuidado de su patrimonio, no dude en ponerse en contacto con nosotros, sin compromiso.<\/p>\n<p style=\"text-align: center;\">Tel\u00e9fono:\u00a0\u00a0 91 770\u00a0 22 84<\/p>\n<p style=\"text-align: center;\">Correo electr\u00f3nico:\u00a0\u00a0 capitaliafamiliar@capitaliafamiliar.es<\/p>\n","protected":false},"excerpt":{"rendered":"<p>Informe diario del mi&eacute;rcoles, 25 de mayo de 2022 &nbsp; Sinopsis Hoy en los mercados&hellip; Sesi&oacute;n de muchas dudas para las bolsas, que finalmente se decantaron por el rebote. An&aacute;lisis de situaci&oacute;n y perspectivas Las actas de la Fed podr&iacute;an precipitar el movimiento de las bolsas a corto plazo. &nbsp; Acceda al documento a trav&eacute;s [&hellip;]<\/p>\n","protected":false},"author":2,"featured_media":2525,"comment_status":"closed","ping_status":"closed","sticky":false,"template":"","format":"standard","meta":{"_et_pb_use_builder":"","_et_pb_old_content":"","_et_gb_content_width":"","jetpack_post_was_ever_published":false,"_jetpack_newsletter_access":"","_jetpack_dont_email_post_to_subs":false,"_jetpack_newsletter_tier_id":0,"_jetpack_memberships_contains_paywalled_content":false,"_jetpack_memberships_contains_paid_content":false,"footnotes":""},"categories":[1],"tags":[],"class_list":["post-7774","post","type-post","status-publish","format-standard","has-post-thumbnail","hentry","category-informediario"],"jetpack_featured_media_url":"https:\/\/capitaliafamiliar.es\/informes\/wp-content\/uploads\/2019\/08\/informediario2.png","jetpack_shortlink":"https:\/\/wp.me\/pa2IGq-21o","jetpack-related-posts":[{"id":11339,"url":"https:\/\/capitaliafamiliar.es\/informes\/2024\/05\/22\/las-actas-de-la-fed-y-los-resultados-de-nvidia-que-conoceremos-esta-tarde-noche-podrian-determinar-la-direccionalidad-de-los-mercados-a-corto-plazo-2\/","url_meta":{"origin":7774,"position":0},"title":"Las Actas de la Fed y los resultados de NVIDIA que conoceremos esta tarde-noche podr\u00edan determinar la direccionalidad de los mercados a corto plazo","author":"Capitalia Familiar","date":"22 de mayo de 2024","format":false,"excerpt":"Informe diario del mi\u00e9rcoles, 22 de mayo de 2024 \u00a0 Sinopsis Hoy en los mercados Las bolsas americanas contin\u00faan atascadas en zona de m\u00e1ximos y las europeas incluso han empezado a girar a la baja. An\u00e1lisis de situaci\u00f3n Todo pendiente de las Actas de la \u00faltima reuni\u00f3n de la Reserva\u2026","rel":"","context":"En \u00abInforme Diario\u00bb","block_context":{"text":"Informe Diario","link":"https:\/\/capitaliafamiliar.es\/informes\/category\/informediario\/"},"img":{"alt_text":"","src":"https:\/\/i0.wp.com\/capitaliafamiliar.es\/informes\/wp-content\/uploads\/2019\/08\/informediario2.png?resize=350%2C200&ssl=1","width":350,"height":200,"srcset":"https:\/\/i0.wp.com\/capitaliafamiliar.es\/informes\/wp-content\/uploads\/2019\/08\/informediario2.png?resize=350%2C200&ssl=1 1x, https:\/\/i0.wp.com\/capitaliafamiliar.es\/informes\/wp-content\/uploads\/2019\/08\/informediario2.png?resize=525%2C300&ssl=1 1.5x, https:\/\/i0.wp.com\/capitaliafamiliar.es\/informes\/wp-content\/uploads\/2019\/08\/informediario2.png?resize=700%2C400&ssl=1 2x"},"classes":[]},{"id":11335,"url":"https:\/\/capitaliafamiliar.es\/informes\/2024\/05\/22\/las-actas-de-la-fed-y-los-resultados-de-nvidia-que-conoceremos-esta-tarde-noche-podrian-determinar-la-direccionalidad-de-los-mercados-a-corto-plazo\/","url_meta":{"origin":7774,"position":1},"title":"Las Actas de la Fed y los resultados de NVIDIA que conoceremos esta tarde-noche podr\u00edan determinar la direccionalidad de los mercados a corto plazo","author":"Capitalia Familiar","date":"22 de mayo de 2024","format":false,"excerpt":"Informe diario del mi\u00e9rcoles, 22 de mayo de 2024 \u00a0 Sinopsis Hoy en los mercados Las bolsas americanas contin\u00faan atascadas en zona de m\u00e1ximos y las europeas incluso han empezado a girar a la baja. An\u00e1lisis de situaci\u00f3n Todo pendiente de las Actas de la \u00faltima reuni\u00f3n de la Reserva\u2026","rel":"","context":"En \u00abInforme Diario Privado\u00bb","block_context":{"text":"Informe Diario Privado","link":"https:\/\/capitaliafamiliar.es\/informes\/category\/informe-diario-privado\/"},"img":{"alt_text":"","src":"https:\/\/i0.wp.com\/capitaliafamiliar.es\/informes\/wp-content\/uploads\/2019\/08\/informediario2.png?resize=350%2C200&ssl=1","width":350,"height":200,"srcset":"https:\/\/i0.wp.com\/capitaliafamiliar.es\/informes\/wp-content\/uploads\/2019\/08\/informediario2.png?resize=350%2C200&ssl=1 1x, https:\/\/i0.wp.com\/capitaliafamiliar.es\/informes\/wp-content\/uploads\/2019\/08\/informediario2.png?resize=525%2C300&ssl=1 1.5x, https:\/\/i0.wp.com\/capitaliafamiliar.es\/informes\/wp-content\/uploads\/2019\/08\/informediario2.png?resize=700%2C400&ssl=1 2x"},"classes":[]},{"id":10384,"url":"https:\/\/capitaliafamiliar.es\/informes\/2023\/11\/08\/las-bolsas-deberian-retomar-la-tendencia-alcista-de-corto-plazo-una-vez-superada-la-fase-consolidativa\/","url_meta":{"origin":7774,"position":2},"title":"Las bolsas deber\u00edan retomar la tendencia alcista de corto plazo una vez superada la fase consolidativa","author":"Capitalia Familiar","date":"8 de noviembre de 2023","format":false,"excerpt":"Informe diario del mi\u00e9rcoles, 08 de noviembre de 2023 \u00a0 Sinopsis Hoy en los mercados Buen tono en Europa, que recupera terreno perdido en el inicio de semana gracias a los resultados empresariales, y agotamiento del movimiento alcista en Estados Unidos. An\u00e1lisis de situaci\u00f3n En el corto plazo las bolsas\u2026","rel":"","context":"En \u00abInforme Diario Privado\u00bb","block_context":{"text":"Informe Diario Privado","link":"https:\/\/capitaliafamiliar.es\/informes\/category\/informe-diario-privado\/"},"img":{"alt_text":"","src":"https:\/\/i0.wp.com\/capitaliafamiliar.es\/informes\/wp-content\/uploads\/2019\/08\/informediario2.png?resize=350%2C200&ssl=1","width":350,"height":200,"srcset":"https:\/\/i0.wp.com\/capitaliafamiliar.es\/informes\/wp-content\/uploads\/2019\/08\/informediario2.png?resize=350%2C200&ssl=1 1x, https:\/\/i0.wp.com\/capitaliafamiliar.es\/informes\/wp-content\/uploads\/2019\/08\/informediario2.png?resize=525%2C300&ssl=1 1.5x, https:\/\/i0.wp.com\/capitaliafamiliar.es\/informes\/wp-content\/uploads\/2019\/08\/informediario2.png?resize=700%2C400&ssl=1 2x"},"classes":[]},{"id":10388,"url":"https:\/\/capitaliafamiliar.es\/informes\/2023\/11\/08\/las-bolsas-deberian-retomar-la-tendencia-alcista-de-corto-plazo-una-vez-superada-la-fase-consolidativa-2\/","url_meta":{"origin":7774,"position":3},"title":"Las bolsas deber\u00edan retomar la tendencia alcista de corto plazo una vez superada la fase consolidativa","author":"Capitalia Familiar","date":"8 de noviembre de 2023","format":false,"excerpt":"Informe diario del mi\u00e9rcoles, 08 de noviembre de 2023 \u00a0 Sinopsis Hoy en los mercados Buen tono en Europa, que recupera terreno perdido en el inicio de semana gracias a los resultados empresariales, y agotamiento del movimiento alcista en Estados Unidos. An\u00e1lisis de situaci\u00f3n En el corto plazo las bolsas\u2026","rel":"","context":"En \u00abInforme Diario\u00bb","block_context":{"text":"Informe Diario","link":"https:\/\/capitaliafamiliar.es\/informes\/category\/informediario\/"},"img":{"alt_text":"","src":"https:\/\/i0.wp.com\/capitaliafamiliar.es\/informes\/wp-content\/uploads\/2019\/08\/informediario2.png?resize=350%2C200&ssl=1","width":350,"height":200,"srcset":"https:\/\/i0.wp.com\/capitaliafamiliar.es\/informes\/wp-content\/uploads\/2019\/08\/informediario2.png?resize=350%2C200&ssl=1 1x, https:\/\/i0.wp.com\/capitaliafamiliar.es\/informes\/wp-content\/uploads\/2019\/08\/informediario2.png?resize=525%2C300&ssl=1 1.5x, https:\/\/i0.wp.com\/capitaliafamiliar.es\/informes\/wp-content\/uploads\/2019\/08\/informediario2.png?resize=700%2C400&ssl=1 2x"},"classes":[]},{"id":7480,"url":"https:\/\/capitaliafamiliar.es\/informes\/2022\/01\/21\/la-fed-podria-determinar-la-evolucion-a-corto-plazo-de-las-bolsas\/","url_meta":{"origin":7774,"position":4},"title":"La Fed podr\u00eda determinar la evoluci\u00f3n a corto plazo de las bolsas.","author":"Capitalia Familiar","date":"21 de enero de 2022","format":false,"excerpt":"Informe diario del viernes, 21 de enero de 2022 \u00a0 Sinopsis Hoy en los mercados\u2026 Termina una semana muy complicada para los mercados. An\u00e1lisis de situaci\u00f3n y perspectivas La Fed podr\u00eda determinar la evoluci\u00f3n a corto plazo de las bolsas. \u00a0 Acceda al documento a trav\u00e9s de este v\u00ednculo: Informe\u2026","rel":"","context":"En \u00abInforme Diario\u00bb","block_context":{"text":"Informe Diario","link":"https:\/\/capitaliafamiliar.es\/informes\/category\/informediario\/"},"img":{"alt_text":"","src":"https:\/\/i0.wp.com\/capitaliafamiliar.es\/informes\/wp-content\/uploads\/2019\/08\/informediario2.png?resize=350%2C200&ssl=1","width":350,"height":200,"srcset":"https:\/\/i0.wp.com\/capitaliafamiliar.es\/informes\/wp-content\/uploads\/2019\/08\/informediario2.png?resize=350%2C200&ssl=1 1x, https:\/\/i0.wp.com\/capitaliafamiliar.es\/informes\/wp-content\/uploads\/2019\/08\/informediario2.png?resize=525%2C300&ssl=1 1.5x, https:\/\/i0.wp.com\/capitaliafamiliar.es\/informes\/wp-content\/uploads\/2019\/08\/informediario2.png?resize=700%2C400&ssl=1 2x"},"classes":[]},{"id":9294,"url":"https:\/\/capitaliafamiliar.es\/informes\/2023\/04\/26\/si-el-flujo-de-noticias-no-mejora-podria-producirse-un-movimiento-correctivo-de-corto-plazo-en-las-bolsas\/","url_meta":{"origin":7774,"position":5},"title":"Si el flujo de noticias no mejora podr\u00eda producirse un movimiento correctivo de corto plazo en las bolsas.","author":"Capitalia Familiar","date":"26 de abril de 2023","format":false,"excerpt":"Informe diario del mi\u00e9rcoles, 26 de abril de 2023 \u00a0 Sinopsis Hoy en los mercados Microsoft despunta tras presentar buenos resultados, pero su impulso no es suficiente para reavivar el optimismo del mercado. An\u00e1lisis de situaci\u00f3n Las dudas en el sector bancario y el temor a la recesi\u00f3n amenazan al\u2026","rel":"","context":"En \u00abInforme Diario Privado\u00bb","block_context":{"text":"Informe Diario Privado","link":"https:\/\/capitaliafamiliar.es\/informes\/category\/informe-diario-privado\/"},"img":{"alt_text":"","src":"https:\/\/i0.wp.com\/capitaliafamiliar.es\/informes\/wp-content\/uploads\/2019\/08\/informediario2.png?resize=350%2C200&ssl=1","width":350,"height":200,"srcset":"https:\/\/i0.wp.com\/capitaliafamiliar.es\/informes\/wp-content\/uploads\/2019\/08\/informediario2.png?resize=350%2C200&ssl=1 1x, https:\/\/i0.wp.com\/capitaliafamiliar.es\/informes\/wp-content\/uploads\/2019\/08\/informediario2.png?resize=525%2C300&ssl=1 1.5x, https:\/\/i0.wp.com\/capitaliafamiliar.es\/informes\/wp-content\/uploads\/2019\/08\/informediario2.png?resize=700%2C400&ssl=1 2x"},"classes":[]}],"jetpack_sharing_enabled":true,"_links":{"self":[{"href":"https:\/\/capitaliafamiliar.es\/informes\/wp-json\/wp\/v2\/posts\/7774","targetHints":{"allow":["GET"]}}],"collection":[{"href":"https:\/\/capitaliafamiliar.es\/informes\/wp-json\/wp\/v2\/posts"}],"about":[{"href":"https:\/\/capitaliafamiliar.es\/informes\/wp-json\/wp\/v2\/types\/post"}],"author":[{"embeddable":true,"href":"https:\/\/capitaliafamiliar.es\/informes\/wp-json\/wp\/v2\/users\/2"}],"replies":[{"embeddable":true,"href":"https:\/\/capitaliafamiliar.es\/informes\/wp-json\/wp\/v2\/comments?post=7774"}],"version-history":[{"count":1,"href":"https:\/\/capitaliafamiliar.es\/informes\/wp-json\/wp\/v2\/posts\/7774\/revisions"}],"predecessor-version":[{"id":7776,"href":"https:\/\/capitaliafamiliar.es\/informes\/wp-json\/wp\/v2\/posts\/7774\/revisions\/7776"}],"wp:featuredmedia":[{"embeddable":true,"href":"https:\/\/capitaliafamiliar.es\/informes\/wp-json\/wp\/v2\/media\/2525"}],"wp:attachment":[{"href":"https:\/\/capitaliafamiliar.es\/informes\/wp-json\/wp\/v2\/media?parent=7774"}],"wp:term":[{"taxonomy":"category","embeddable":true,"href":"https:\/\/capitaliafamiliar.es\/informes\/wp-json\/wp\/v2\/categories?post=7774"},{"taxonomy":"post_tag","embeddable":true,"href":"https:\/\/capitaliafamiliar.es\/informes\/wp-json\/wp\/v2\/tags?post=7774"}],"curies":[{"name":"wp","href":"https:\/\/api.w.org\/{rel}","templated":true}]}}