{"id":7811,"date":"2022-06-09T15:59:22","date_gmt":"2022-06-09T15:59:22","guid":{"rendered":"https:\/\/capitaliafamiliar.es\/informes\/?p=7811"},"modified":"2022-06-09T15:59:22","modified_gmt":"2022-06-09T15:59:22","slug":"los-mercados-deben-asumir-que-si-la-inflacion-se-mantiene-elevada-los-bancos-centrales-no-frenaran-su-proceso-de-normalizacion-monetaria","status":"publish","type":"post","link":"https:\/\/capitaliafamiliar.es\/informes\/2022\/06\/09\/los-mercados-deben-asumir-que-si-la-inflacion-se-mantiene-elevada-los-bancos-centrales-no-frenaran-su-proceso-de-normalizacion-monetaria\/","title":{"rendered":"Los mercados deben asumir que si la inflaci\u00f3n se mantiene elevada los bancos centrales no frenar\u00e1n su proceso de normalizaci\u00f3n monetaria"},"content":{"rendered":"<blockquote>\n<p style=\"text-align: justify;\"><span style=\"font-size: 20px;\"><strong>Informe diario del jueves, 9 de junio de 2022<\/strong><\/span><\/p>\n<\/blockquote>\n<p>&nbsp;<\/p>\n<p><span style=\"font-size: 24px; color: #000080;\"><b>Sinopsis<\/b><\/span><\/p>\n<p style=\"text-align: justify;\"><span style=\"font-size: 20px;\"><b><i>Hoy en los mercados\u2026 <\/i><\/b><\/span><\/p>\n<p><span style=\"font-size: 20px;\"><i>El Banco Central Europeo devolvi\u00f3 a la realidad a los mercados. Inicia un proceso de subida de tipos de inter\u00e9s para combatir la elevad\u00edsima inflaci\u00f3n.<\/i><\/span><\/p>\n<p style=\"text-align: justify;\"><span style=\"font-size: 20px;\"><b><i>An\u00e1lisis de situaci\u00f3n y perspectivas<\/i><\/b><\/span><\/p>\n<p style=\"text-align: justify;\"><span style=\"font-size: 20px;\"><i>Los mercados deben asumir que si la inflaci\u00f3n se mantiene elevada los bancos centrales no frenar\u00e1n su proceso de normalizaci\u00f3n monetaria.<\/i><\/span><\/p>\n<p>&nbsp;<\/p>\n<p><strong><span style=\"font-size: 24px;\"><span style=\"font-size: 20px;\">Acceda al documento a trav\u00e9s de este v\u00ednculo: <a href=\"https:\/\/capitaliafamiliar.es\/informes\/wp-content\/uploads\/2022\/06\/Informe-Diario-09.06.2022-version-parcialmente-restringida.pdf\">Informe Diario 09.06.2022 (versi\u00f3n parcialmente restringida)<\/a><\/span><\/span><\/strong><\/p>\n<p>&nbsp;<\/p>\n<p>&nbsp;<\/p>\n<p>&nbsp;<\/p>\n<p style=\"text-align: center;\"><strong>Solicite informaci\u00f3n sobre nuestros servicios de asesoramiento financiero<\/strong><\/p>\n<p style=\"text-align: center;\">Si necesita ayuda para el cuidado de su patrimonio, no dude en ponerse en contacto con nosotros, sin compromiso.<\/p>\n<p style=\"text-align: center;\">Tel\u00e9fono:\u00a0\u00a0 91 770\u00a0 22 84<\/p>\n<p style=\"text-align: center;\">Correo electr\u00f3nico:\u00a0\u00a0 capitaliafamiliar@capitaliafamiliar.es<\/p>\n","protected":false},"excerpt":{"rendered":"<p>Informe diario del jueves, 9 de junio de 2022 &nbsp; Sinopsis Hoy en los mercados&hellip; El Banco Central Europeo devolvi&oacute; a la realidad a los mercados. Inicia un proceso de subida de tipos de inter&eacute;s para combatir la elevad&iacute;sima inflaci&oacute;n. An&aacute;lisis de situaci&oacute;n y perspectivas Los mercados deben asumir que si la inflaci&oacute;n se mantiene [&hellip;]<\/p>\n","protected":false},"author":2,"featured_media":2525,"comment_status":"closed","ping_status":"closed","sticky":false,"template":"","format":"standard","meta":{"_et_pb_use_builder":"","_et_pb_old_content":"","_et_gb_content_width":"","jetpack_post_was_ever_published":false,"_jetpack_newsletter_access":"","_jetpack_dont_email_post_to_subs":false,"_jetpack_newsletter_tier_id":0,"_jetpack_memberships_contains_paywalled_content":false,"_jetpack_memberships_contains_paid_content":false,"footnotes":""},"categories":[1],"tags":[],"class_list":["post-7811","post","type-post","status-publish","format-standard","has-post-thumbnail","hentry","category-informediario"],"jetpack_featured_media_url":"https:\/\/capitaliafamiliar.es\/informes\/wp-content\/uploads\/2019\/08\/informediario2.png","jetpack_shortlink":"https:\/\/wp.me\/pa2IGq-21Z","jetpack-related-posts":[{"id":7537,"url":"https:\/\/capitaliafamiliar.es\/informes\/2022\/02\/11\/la-subida-de-la-inflacion-podria-acelerar-aun-mas-la-normalizacion-monetaria\/","url_meta":{"origin":7811,"position":0},"title":"La subida de la inflaci\u00f3n podr\u00eda acelerar a\u00fan m\u00e1s la normalizaci\u00f3n monetaria","author":"Capitalia Familiar","date":"11 de febrero de 2022","format":false,"excerpt":"Informe diario del viernes, 11 de febrero de 2022 \u00a0 Sinopsis Hoy en los mercados\u2026 Incertidumbre creciente en los mercados por el aumento de la inflaci\u00f3n y la respuesta de los bancos centrales. An\u00e1lisis de situaci\u00f3n y perspectivas La subida de la inflaci\u00f3n podr\u00eda acelerar a\u00fan m\u00e1s la normalizaci\u00f3n monetaria.\u2026","rel":"","context":"En \u00abInforme Diario\u00bb","block_context":{"text":"Informe Diario","link":"https:\/\/capitaliafamiliar.es\/informes\/category\/informediario\/"},"img":{"alt_text":"","src":"https:\/\/i0.wp.com\/capitaliafamiliar.es\/informes\/wp-content\/uploads\/2019\/08\/informediario2.png?resize=350%2C200&ssl=1","width":350,"height":200,"srcset":"https:\/\/i0.wp.com\/capitaliafamiliar.es\/informes\/wp-content\/uploads\/2019\/08\/informediario2.png?resize=350%2C200&ssl=1 1x, https:\/\/i0.wp.com\/capitaliafamiliar.es\/informes\/wp-content\/uploads\/2019\/08\/informediario2.png?resize=525%2C300&ssl=1 1.5x, https:\/\/i0.wp.com\/capitaliafamiliar.es\/informes\/wp-content\/uploads\/2019\/08\/informediario2.png?resize=700%2C400&ssl=1 2x"},"classes":[]},{"id":1781,"url":"https:\/\/capitaliafamiliar.es\/informes\/2019\/03\/21\/informe-diario-jueves-21-de-marzo-de-2019\/","url_meta":{"origin":7811,"position":1},"title":"Informe Diario  Jueves, 21 de marzo de 2019","author":"Capitalia Familiar","date":"21 de marzo de 2019","format":false,"excerpt":"La Fed satisface a los mercados, y los mercados lo celebran. La autoridad monetaria estadounidense le dio anoche a los mercados lo que los mercados ped\u00edan: no m\u00e1s subidas de tipos y el anuncio de terminaci\u00f3n temprana del proceso de normalizaci\u00f3n (reducci\u00f3n) del tama\u00f1o de su balance. Salvo que en\u2026","rel":"","context":"En \u00abInforme Diario\u00bb","block_context":{"text":"Informe Diario","link":"https:\/\/capitaliafamiliar.es\/informes\/category\/informediario\/"},"img":{"alt_text":"","src":"https:\/\/i0.wp.com\/capitaliafamiliar.es\/informes\/wp-content\/uploads\/2018\/07\/informediario2.png?resize=350%2C200&ssl=1","width":350,"height":200,"srcset":"https:\/\/i0.wp.com\/capitaliafamiliar.es\/informes\/wp-content\/uploads\/2018\/07\/informediario2.png?resize=350%2C200&ssl=1 1x, https:\/\/i0.wp.com\/capitaliafamiliar.es\/informes\/wp-content\/uploads\/2018\/07\/informediario2.png?resize=525%2C300&ssl=1 1.5x, https:\/\/i0.wp.com\/capitaliafamiliar.es\/informes\/wp-content\/uploads\/2018\/07\/informediario2.png?resize=700%2C400&ssl=1 2x"},"classes":[]},{"id":6599,"url":"https:\/\/capitaliafamiliar.es\/informes\/2021\/07\/28\/informe-diario-miercoles-28-de-julio-de-2021\/","url_meta":{"origin":7811,"position":2},"title":"Informe Diario  Mi\u00e9rcoles, 28 de julio de 2021","author":"Capitalia Familiar","date":"28 de julio de 2021","format":false,"excerpt":"Tranquilidad antes de la decisi\u00f3n de la Reserva Federal... Tranquilidad antes de la decisi\u00f3n de la Reserva Federal. Los mercados se mantienen a la expectativa de la reuni\u00f3n de la Reserva Federal, cuyo resultado se conocer\u00e1 a las 20:00 horas en Espa\u00f1a, y tras la cual comparecer\u00e1 Powell a partir\u2026","rel":"","context":"En \u00abInforme Diario\u00bb","block_context":{"text":"Informe Diario","link":"https:\/\/capitaliafamiliar.es\/informes\/category\/informediario\/"},"img":{"alt_text":"","src":"https:\/\/i0.wp.com\/capitaliafamiliar.es\/informes\/wp-content\/uploads\/2019\/08\/informediario2.png?resize=350%2C200&ssl=1","width":350,"height":200,"srcset":"https:\/\/i0.wp.com\/capitaliafamiliar.es\/informes\/wp-content\/uploads\/2019\/08\/informediario2.png?resize=350%2C200&ssl=1 1x, https:\/\/i0.wp.com\/capitaliafamiliar.es\/informes\/wp-content\/uploads\/2019\/08\/informediario2.png?resize=525%2C300&ssl=1 1.5x, https:\/\/i0.wp.com\/capitaliafamiliar.es\/informes\/wp-content\/uploads\/2019\/08\/informediario2.png?resize=700%2C400&ssl=1 2x"},"classes":[]},{"id":6825,"url":"https:\/\/capitaliafamiliar.es\/informes\/2021\/09\/08\/informe-diario-miercoles-8-de-septiembre-de-2021\/","url_meta":{"origin":7811,"position":3},"title":"Informe Diario  Mi\u00e9rcoles, 8 de septiembre de 2021","author":"Capitalia Familiar","date":"8 de septiembre de 2021","format":false,"excerpt":"Los bancos centrales contin\u00faan siendo el mayor foco de incertidumbre para los mercados... \u00a0 Los bancos centrales contin\u00faan siendo el mayor foco de incertidumbre para los mercados. La Reserva Federal no es el \u00fanico banco central que empieza a planear la normalizaci\u00f3n monetaria. Ma\u00f1ana, el Banco Central Europeo celebra su\u2026","rel":"","context":"En \u00abInforme Diario\u00bb","block_context":{"text":"Informe Diario","link":"https:\/\/capitaliafamiliar.es\/informes\/category\/informediario\/"},"img":{"alt_text":"","src":"https:\/\/i0.wp.com\/capitaliafamiliar.es\/informes\/wp-content\/uploads\/2019\/08\/informediario2.png?resize=350%2C200&ssl=1","width":350,"height":200,"srcset":"https:\/\/i0.wp.com\/capitaliafamiliar.es\/informes\/wp-content\/uploads\/2019\/08\/informediario2.png?resize=350%2C200&ssl=1 1x, https:\/\/i0.wp.com\/capitaliafamiliar.es\/informes\/wp-content\/uploads\/2019\/08\/informediario2.png?resize=525%2C300&ssl=1 1.5x, https:\/\/i0.wp.com\/capitaliafamiliar.es\/informes\/wp-content\/uploads\/2019\/08\/informediario2.png?resize=700%2C400&ssl=1 2x"},"classes":[]},{"id":7346,"url":"https:\/\/capitaliafamiliar.es\/informes\/2021\/12\/13\/cautela-en-los-mercados-a-la-espera-de-la-fed\/","url_meta":{"origin":7811,"position":4},"title":"Cautela en los mercados a la espera de la Fed&#8230;","author":"Capitalia Familiar","date":"13 de diciembre de 2021","format":false,"excerpt":"Informe diario del lunes, 13 de diciembre de 2021 Cautela en los mercados a la espera de la Fed. La prudencia se impone en los mercados a la espera de que se produzca la reuni\u00f3n de dos d\u00edas de la Reserva Federal que comenzar\u00e1 ma\u00f1ana. El mercado acogi\u00f3 con dudas\u2026","rel":"","context":"En \u00abInforme Diario\u00bb","block_context":{"text":"Informe Diario","link":"https:\/\/capitaliafamiliar.es\/informes\/category\/informediario\/"},"img":{"alt_text":"","src":"https:\/\/i0.wp.com\/capitaliafamiliar.es\/informes\/wp-content\/uploads\/2019\/08\/informediario2.png?resize=350%2C200&ssl=1","width":350,"height":200,"srcset":"https:\/\/i0.wp.com\/capitaliafamiliar.es\/informes\/wp-content\/uploads\/2019\/08\/informediario2.png?resize=350%2C200&ssl=1 1x, https:\/\/i0.wp.com\/capitaliafamiliar.es\/informes\/wp-content\/uploads\/2019\/08\/informediario2.png?resize=525%2C300&ssl=1 1.5x, https:\/\/i0.wp.com\/capitaliafamiliar.es\/informes\/wp-content\/uploads\/2019\/08\/informediario2.png?resize=700%2C400&ssl=1 2x"},"classes":[]},{"id":9518,"url":"https:\/\/capitaliafamiliar.es\/informes\/2023\/06\/06\/los-mercados-miran-de-reojo-a-la-inflacion-y-a-los-bancos-centrales\/","url_meta":{"origin":7811,"position":5},"title":"Los mercados miran de reojo a la inflaci\u00f3n y a los bancos centrales","author":"Capitalia Familiar","date":"6 de junio de 2023","format":false,"excerpt":"Informe diario del martes, 6 de junio de 2023 \u00a0 Sinopsis Hoy en los mercados Sesi\u00f3n de consolidaci\u00f3n que no cambia la situaci\u00f3n t\u00e9cnica de los mercados. An\u00e1lisis de situaci\u00f3n Los mercados se mantienen en zona de resistencias de medio y largo plazo a la espera de que entren en\u2026","rel":"","context":"En \u00abInforme Diario Privado\u00bb","block_context":{"text":"Informe Diario Privado","link":"https:\/\/capitaliafamiliar.es\/informes\/category\/informe-diario-privado\/"},"img":{"alt_text":"","src":"https:\/\/i0.wp.com\/capitaliafamiliar.es\/informes\/wp-content\/uploads\/2019\/08\/informediario2.png?resize=350%2C200&ssl=1","width":350,"height":200,"srcset":"https:\/\/i0.wp.com\/capitaliafamiliar.es\/informes\/wp-content\/uploads\/2019\/08\/informediario2.png?resize=350%2C200&ssl=1 1x, https:\/\/i0.wp.com\/capitaliafamiliar.es\/informes\/wp-content\/uploads\/2019\/08\/informediario2.png?resize=525%2C300&ssl=1 1.5x, https:\/\/i0.wp.com\/capitaliafamiliar.es\/informes\/wp-content\/uploads\/2019\/08\/informediario2.png?resize=700%2C400&ssl=1 2x"},"classes":[]}],"jetpack_sharing_enabled":true,"_links":{"self":[{"href":"https:\/\/capitaliafamiliar.es\/informes\/wp-json\/wp\/v2\/posts\/7811","targetHints":{"allow":["GET"]}}],"collection":[{"href":"https:\/\/capitaliafamiliar.es\/informes\/wp-json\/wp\/v2\/posts"}],"about":[{"href":"https:\/\/capitaliafamiliar.es\/informes\/wp-json\/wp\/v2\/types\/post"}],"author":[{"embeddable":true,"href":"https:\/\/capitaliafamiliar.es\/informes\/wp-json\/wp\/v2\/users\/2"}],"replies":[{"embeddable":true,"href":"https:\/\/capitaliafamiliar.es\/informes\/wp-json\/wp\/v2\/comments?post=7811"}],"version-history":[{"count":1,"href":"https:\/\/capitaliafamiliar.es\/informes\/wp-json\/wp\/v2\/posts\/7811\/revisions"}],"predecessor-version":[{"id":7813,"href":"https:\/\/capitaliafamiliar.es\/informes\/wp-json\/wp\/v2\/posts\/7811\/revisions\/7813"}],"wp:featuredmedia":[{"embeddable":true,"href":"https:\/\/capitaliafamiliar.es\/informes\/wp-json\/wp\/v2\/media\/2525"}],"wp:attachment":[{"href":"https:\/\/capitaliafamiliar.es\/informes\/wp-json\/wp\/v2\/media?parent=7811"}],"wp:term":[{"taxonomy":"category","embeddable":true,"href":"https:\/\/capitaliafamiliar.es\/informes\/wp-json\/wp\/v2\/categories?post=7811"},{"taxonomy":"post_tag","embeddable":true,"href":"https:\/\/capitaliafamiliar.es\/informes\/wp-json\/wp\/v2\/tags?post=7811"}],"curies":[{"name":"wp","href":"https:\/\/api.w.org\/{rel}","templated":true}]}}