{"id":7871,"date":"2022-07-05T16:13:38","date_gmt":"2022-07-05T16:13:38","guid":{"rendered":"https:\/\/capitaliafamiliar.es\/informes\/?p=7871"},"modified":"2022-07-05T16:13:38","modified_gmt":"2022-07-05T16:13:38","slug":"el-mercado-asume-la-realidad-economica-y-las-bolsas-vuelven-a-minimos-anuales","status":"publish","type":"post","link":"https:\/\/capitaliafamiliar.es\/informes\/2022\/07\/05\/el-mercado-asume-la-realidad-economica-y-las-bolsas-vuelven-a-minimos-anuales\/","title":{"rendered":"El mercado asume la realidad econ\u00f3mica y las bolsas vuelven a m\u00ednimos anuales"},"content":{"rendered":"<blockquote>\n<p style=\"text-align: justify;\"><span style=\"font-size: 20px;\"><strong>Informe diario del martes, 5 de julio de 2022<\/strong><\/span><\/p>\n<\/blockquote>\n<p>&nbsp;<\/p>\n<p><span style=\"font-size: 24px; color: #000080;\"><b>Sinopsis<\/b><\/span><\/p>\n<p style=\"text-align: justify;\"><span style=\"font-size: 20px;\"><b><i>Hoy en los mercados\u2026 <\/i><\/b><\/span><\/p>\n<p><span style=\"font-size: 20px;\"><i>Sesi\u00f3n de p\u00e9rdidas generalizadas en los mercados por el temor a la recesi\u00f3n.<\/i><\/span><\/p>\n<p style=\"text-align: justify;\"><span style=\"font-size: 20px;\"><b><i>An\u00e1lisis de situaci\u00f3n y perspectivas<\/i><\/b><\/span><\/p>\n<p style=\"text-align: justify;\"><span style=\"font-size: 20px;\"><i>El mercado asume la realidad econ\u00f3mica y las bolsas vuelven a m\u00ednimos anuales.<\/i><\/span><\/p>\n<p>&nbsp;<\/p>\n<p><strong><span style=\"font-size: 24px;\"><span style=\"font-size: 20px;\">Acceda al documento a trav\u00e9s de este v\u00ednculo: <a href=\"https:\/\/capitaliafamiliar.es\/informes\/wp-content\/uploads\/2022\/07\/Informe-Diario-05.07.2022-version-parcialmente-restringida.pdf\">Informe Diario 05.07.2022 (versi\u00f3n parcialmente restringida)<\/a><\/span><\/span><\/strong><\/p>\n<p>&nbsp;<\/p>\n<p>&nbsp;<\/p>\n<p>&nbsp;<\/p>\n<p style=\"text-align: center;\"><strong>Solicite informaci\u00f3n sobre nuestros servicios de asesoramiento financiero<\/strong><\/p>\n<p style=\"text-align: center;\">Si necesita ayuda para el cuidado de su patrimonio, no dude en ponerse en contacto con nosotros, sin compromiso.<\/p>\n<p style=\"text-align: center;\">Tel\u00e9fono:\u00a0\u00a0 91 770\u00a0 22 84<\/p>\n<p style=\"text-align: center;\">Correo electr\u00f3nico:\u00a0\u00a0 capitaliafamiliar@capitaliafamiliar.es<\/p>\n","protected":false},"excerpt":{"rendered":"<p>Informe diario del martes, 5 de julio de 2022 &nbsp; Sinopsis Hoy en los mercados&hellip; Sesi&oacute;n de p&eacute;rdidas generalizadas en los mercados por el temor a la recesi&oacute;n. An&aacute;lisis de situaci&oacute;n y perspectivas El mercado asume la realidad econ&oacute;mica y las bolsas vuelven a m&iacute;nimos anuales. &nbsp; Acceda al documento a trav&eacute;s de este v&iacute;nculo: [&hellip;]<\/p>\n","protected":false},"author":2,"featured_media":2525,"comment_status":"closed","ping_status":"closed","sticky":false,"template":"","format":"standard","meta":{"_et_pb_use_builder":"","_et_pb_old_content":"","_et_gb_content_width":"","jetpack_post_was_ever_published":false,"_jetpack_newsletter_access":"","_jetpack_dont_email_post_to_subs":false,"_jetpack_newsletter_tier_id":0,"_jetpack_memberships_contains_paywalled_content":false,"_jetpack_memberships_contains_paid_content":false,"footnotes":""},"categories":[1],"tags":[],"class_list":["post-7871","post","type-post","status-publish","format-standard","has-post-thumbnail","hentry","category-informediario"],"jetpack_featured_media_url":"https:\/\/capitaliafamiliar.es\/informes\/wp-content\/uploads\/2019\/08\/informediario2.png","jetpack_shortlink":"https:\/\/wp.me\/pa2IGq-22X","jetpack-related-posts":[{"id":8111,"url":"https:\/\/capitaliafamiliar.es\/informes\/2022\/10\/11\/las-bolsas-vuelven-a-testar-los-minimos-anuales-la-campana-de-resultados-empresariales-y-el-dato-de-inflacion-del-jueves-definiran-el-proximo-movimiento\/","url_meta":{"origin":7871,"position":0},"title":"Las bolsas vuelven a testar los m\u00ednimos anuales. La campa\u00f1a de resultados empresariales y el dato de inflaci\u00f3n del jueves definir\u00e1n el pr\u00f3ximo movimiento","author":"Capitalia Familiar","date":"11 de octubre de 2022","format":false,"excerpt":"Informe diario del martes, 11 de octubre de 2022 \u00a0 Sinopsis Hoy en los mercados\u2026 Los mercados y la macroeconom\u00eda contin\u00faan deterior\u00e1ndose. An\u00e1lisis de situaci\u00f3n y perspectivas Las bolsas vuelven a testar los m\u00ednimos anuales. La campa\u00f1a de resultados empresariales y el dato de inflaci\u00f3n del jueves definir\u00e1n el pr\u00f3ximo\u2026","rel":"","context":"En \u00abInforme Diario\u00bb","block_context":{"text":"Informe Diario","link":"https:\/\/capitaliafamiliar.es\/informes\/category\/informediario\/"},"img":{"alt_text":"","src":"https:\/\/i0.wp.com\/capitaliafamiliar.es\/informes\/wp-content\/uploads\/2019\/08\/informediario2.png?resize=350%2C200&ssl=1","width":350,"height":200,"srcset":"https:\/\/i0.wp.com\/capitaliafamiliar.es\/informes\/wp-content\/uploads\/2019\/08\/informediario2.png?resize=350%2C200&ssl=1 1x, https:\/\/i0.wp.com\/capitaliafamiliar.es\/informes\/wp-content\/uploads\/2019\/08\/informediario2.png?resize=525%2C300&ssl=1 1.5x, https:\/\/i0.wp.com\/capitaliafamiliar.es\/informes\/wp-content\/uploads\/2019\/08\/informediario2.png?resize=700%2C400&ssl=1 2x"},"classes":[]},{"id":8050,"url":"https:\/\/capitaliafamiliar.es\/informes\/2022\/09\/16\/las-bolsas-se-acercan-a-minimos-anuales-a-la-espera-de-la-reunion-de-fed-y-con-el-debate-sobre-el-crecimiento-economico-otra-vez-sobre-la-mesa\/","url_meta":{"origin":7871,"position":1},"title":"Las bolsas se acercan a m\u00ednimos anuales a la espera de la reuni\u00f3n de Fed y con el debate sobre el crecimiento econ\u00f3mico otra vez sobre la mesa","author":"Capitalia Familiar","date":"16 de septiembre de 2022","format":false,"excerpt":"Informe diario del viernes, 16 de septiembre de 2022 \u00a0 Sinopsis Hoy en los mercados\u2026 Los mercados vuelven a ceder terreno y borran todo lo ganado en el \u00faltimo rebote. An\u00e1lisis de situaci\u00f3n y perspectivas Las bolsas se acercan a m\u00ednimos anuales a la espera de la reuni\u00f3n de Fed\u2026","rel":"","context":"En \u00abInforme Diario\u00bb","block_context":{"text":"Informe Diario","link":"https:\/\/capitaliafamiliar.es\/informes\/category\/informediario\/"},"img":{"alt_text":"","src":"https:\/\/i0.wp.com\/capitaliafamiliar.es\/informes\/wp-content\/uploads\/2019\/08\/informediario2.png?resize=350%2C200&ssl=1","width":350,"height":200,"srcset":"https:\/\/i0.wp.com\/capitaliafamiliar.es\/informes\/wp-content\/uploads\/2019\/08\/informediario2.png?resize=350%2C200&ssl=1 1x, https:\/\/i0.wp.com\/capitaliafamiliar.es\/informes\/wp-content\/uploads\/2019\/08\/informediario2.png?resize=525%2C300&ssl=1 1.5x, https:\/\/i0.wp.com\/capitaliafamiliar.es\/informes\/wp-content\/uploads\/2019\/08\/informediario2.png?resize=700%2C400&ssl=1 2x"},"classes":[]},{"id":10181,"url":"https:\/\/capitaliafamiliar.es\/informes\/2023\/10\/03\/aumenta-la-volatilidad-de-mercado-mientras-se-intensifica-la-batalla-en-la-zona-de-soporte-de-las-bolsas\/","url_meta":{"origin":7871,"position":2},"title":"Aumenta la volatilidad de mercado mientras se intensifica la batalla en la zona de soporte de las bolsas","author":"Capitalia Familiar","date":"3 de octubre de 2023","format":false,"excerpt":"Informe diario del martes, 3 de octubre de 2023 \u00a0 Sinopsis Hoy en los mercados Los nervios reaparecen en el mercado y las bolsas vuelven a testar los m\u00ednimos registrados la semana pasada, con la renta fija marcando d\u00eda tras d\u00eda m\u00ednimos anuales. An\u00e1lisis de situaci\u00f3n Momento clave para la\u2026","rel":"","context":"En \u00abInforme Diario Privado\u00bb","block_context":{"text":"Informe Diario Privado","link":"https:\/\/capitaliafamiliar.es\/informes\/category\/informe-diario-privado\/"},"img":{"alt_text":"","src":"https:\/\/i0.wp.com\/capitaliafamiliar.es\/informes\/wp-content\/uploads\/2019\/08\/informediario2.png?resize=350%2C200&ssl=1","width":350,"height":200,"srcset":"https:\/\/i0.wp.com\/capitaliafamiliar.es\/informes\/wp-content\/uploads\/2019\/08\/informediario2.png?resize=350%2C200&ssl=1 1x, https:\/\/i0.wp.com\/capitaliafamiliar.es\/informes\/wp-content\/uploads\/2019\/08\/informediario2.png?resize=525%2C300&ssl=1 1.5x, https:\/\/i0.wp.com\/capitaliafamiliar.es\/informes\/wp-content\/uploads\/2019\/08\/informediario2.png?resize=700%2C400&ssl=1 2x"},"classes":[]},{"id":10185,"url":"https:\/\/capitaliafamiliar.es\/informes\/2023\/10\/03\/aumenta-la-volatilidad-de-mercado-mientras-se-intensifica-la-batalla-en-la-zona-de-soporte-de-las-bolsas-2\/","url_meta":{"origin":7871,"position":3},"title":"Aumenta la volatilidad de mercado mientras se intensifica la batalla en la zona de soporte de las bolsas","author":"Capitalia Familiar","date":"3 de octubre de 2023","format":false,"excerpt":"Informe diario del martes, 3 de octubre de 2023 \u00a0 Sinopsis Hoy en los mercados Los nervios reaparecen en el mercado y las bolsas vuelven a testar los m\u00ednimos registrados la semana pasada, con la renta fija marcando d\u00eda tras d\u00eda m\u00ednimos anuales. An\u00e1lisis de situaci\u00f3n Momento clave para la\u2026","rel":"","context":"En \u00abInforme Diario\u00bb","block_context":{"text":"Informe Diario","link":"https:\/\/capitaliafamiliar.es\/informes\/category\/informediario\/"},"img":{"alt_text":"","src":"https:\/\/i0.wp.com\/capitaliafamiliar.es\/informes\/wp-content\/uploads\/2019\/08\/informediario2.png?resize=350%2C200&ssl=1","width":350,"height":200,"srcset":"https:\/\/i0.wp.com\/capitaliafamiliar.es\/informes\/wp-content\/uploads\/2019\/08\/informediario2.png?resize=350%2C200&ssl=1 1x, https:\/\/i0.wp.com\/capitaliafamiliar.es\/informes\/wp-content\/uploads\/2019\/08\/informediario2.png?resize=525%2C300&ssl=1 1.5x, https:\/\/i0.wp.com\/capitaliafamiliar.es\/informes\/wp-content\/uploads\/2019\/08\/informediario2.png?resize=700%2C400&ssl=1 2x"},"classes":[]},{"id":8064,"url":"https:\/\/capitaliafamiliar.es\/informes\/2022\/09\/22\/cual-es-el-futuro-a-corto-plazo-para-las-bolsas-aumenta-la-probabilidad-de-que-los-indices-bursatiles-terminen-perforando-a-la-baja-sus-minimos-anuales\/","url_meta":{"origin":7871,"position":4},"title":"\u00bfCu\u00e1l es el futuro a corto plazo para las bolsas? Aumenta la probabilidad de que los \u00edndices burs\u00e1tiles terminen perforando a la baja sus m\u00ednimos anuales&#8230;","author":"Capitalia Familiar","date":"22 de septiembre de 2022","format":false,"excerpt":"Informe diario del jueves, 22 de septiembre de 2022 \u00a0 Sinopsis Hoy en los mercados\u2026 La Fed trunca el sue\u00f1o del mercado y las bolsas prolongan las ca\u00eddas. An\u00e1lisis de situaci\u00f3n y perspectivas \u00bfCu\u00e1l es el futuro a corto plazo para las bolsas? Aumenta la probabilidad de que los \u00edndices\u2026","rel":"","context":"En \u00abInforme Diario\u00bb","block_context":{"text":"Informe Diario","link":"https:\/\/capitaliafamiliar.es\/informes\/category\/informediario\/"},"img":{"alt_text":"","src":"https:\/\/i0.wp.com\/capitaliafamiliar.es\/informes\/wp-content\/uploads\/2019\/08\/informediario2.png?resize=350%2C200&ssl=1","width":350,"height":200,"srcset":"https:\/\/i0.wp.com\/capitaliafamiliar.es\/informes\/wp-content\/uploads\/2019\/08\/informediario2.png?resize=350%2C200&ssl=1 1x, https:\/\/i0.wp.com\/capitaliafamiliar.es\/informes\/wp-content\/uploads\/2019\/08\/informediario2.png?resize=525%2C300&ssl=1 1.5x, https:\/\/i0.wp.com\/capitaliafamiliar.es\/informes\/wp-content\/uploads\/2019\/08\/informediario2.png?resize=700%2C400&ssl=1 2x"},"classes":[]},{"id":10481,"url":"https:\/\/capitaliafamiliar.es\/informes\/2023\/11\/27\/lograran-las-bolsas-mantenerse-en-zona-de-maximos-anuales-si-vuelven-las-tensiones-a-los-mercados-de-renta-fija-2\/","url_meta":{"origin":7871,"position":5},"title":"\u00bfLograr\u00e1n las bolsas mantenerse en zona de m\u00e1ximos anuales si vuelven las tensiones a los mercados de renta fija?","author":"Capitalia Familiar","date":"27 de noviembre de 2023","format":false,"excerpt":"Informe diario del lunes, 27 de noviembre de 2023 \u00a0 Sinopsis Hoy en los mercados Descensos muy ligeros para los mercados de renta variable, pero regresan las dudas a los mercados de renta fija. An\u00e1lisis de situaci\u00f3n Las bolsas mantienen el pulso en zona de resistencia sin que por ahora\u2026","rel":"","context":"En \u00abInforme Diario\u00bb","block_context":{"text":"Informe Diario","link":"https:\/\/capitaliafamiliar.es\/informes\/category\/informediario\/"},"img":{"alt_text":"","src":"https:\/\/i0.wp.com\/capitaliafamiliar.es\/informes\/wp-content\/uploads\/2019\/08\/informediario2.png?resize=350%2C200&ssl=1","width":350,"height":200,"srcset":"https:\/\/i0.wp.com\/capitaliafamiliar.es\/informes\/wp-content\/uploads\/2019\/08\/informediario2.png?resize=350%2C200&ssl=1 1x, https:\/\/i0.wp.com\/capitaliafamiliar.es\/informes\/wp-content\/uploads\/2019\/08\/informediario2.png?resize=525%2C300&ssl=1 1.5x, https:\/\/i0.wp.com\/capitaliafamiliar.es\/informes\/wp-content\/uploads\/2019\/08\/informediario2.png?resize=700%2C400&ssl=1 2x"},"classes":[]}],"jetpack_sharing_enabled":true,"_links":{"self":[{"href":"https:\/\/capitaliafamiliar.es\/informes\/wp-json\/wp\/v2\/posts\/7871","targetHints":{"allow":["GET"]}}],"collection":[{"href":"https:\/\/capitaliafamiliar.es\/informes\/wp-json\/wp\/v2\/posts"}],"about":[{"href":"https:\/\/capitaliafamiliar.es\/informes\/wp-json\/wp\/v2\/types\/post"}],"author":[{"embeddable":true,"href":"https:\/\/capitaliafamiliar.es\/informes\/wp-json\/wp\/v2\/users\/2"}],"replies":[{"embeddable":true,"href":"https:\/\/capitaliafamiliar.es\/informes\/wp-json\/wp\/v2\/comments?post=7871"}],"version-history":[{"count":1,"href":"https:\/\/capitaliafamiliar.es\/informes\/wp-json\/wp\/v2\/posts\/7871\/revisions"}],"predecessor-version":[{"id":7873,"href":"https:\/\/capitaliafamiliar.es\/informes\/wp-json\/wp\/v2\/posts\/7871\/revisions\/7873"}],"wp:featuredmedia":[{"embeddable":true,"href":"https:\/\/capitaliafamiliar.es\/informes\/wp-json\/wp\/v2\/media\/2525"}],"wp:attachment":[{"href":"https:\/\/capitaliafamiliar.es\/informes\/wp-json\/wp\/v2\/media?parent=7871"}],"wp:term":[{"taxonomy":"category","embeddable":true,"href":"https:\/\/capitaliafamiliar.es\/informes\/wp-json\/wp\/v2\/categories?post=7871"},{"taxonomy":"post_tag","embeddable":true,"href":"https:\/\/capitaliafamiliar.es\/informes\/wp-json\/wp\/v2\/tags?post=7871"}],"curies":[{"name":"wp","href":"https:\/\/api.w.org\/{rel}","templated":true}]}}