{"id":8047,"date":"2022-09-15T16:06:23","date_gmt":"2022-09-15T16:06:23","guid":{"rendered":"https:\/\/capitaliafamiliar.es\/informes\/?p=8047"},"modified":"2022-09-15T16:06:23","modified_gmt":"2022-09-15T16:06:23","slug":"las-bolsas-siguen-camino-de-los-minimos-anuales","status":"publish","type":"post","link":"https:\/\/capitaliafamiliar.es\/informes\/2022\/09\/15\/las-bolsas-siguen-camino-de-los-minimos-anuales\/","title":{"rendered":"Las bolsas siguen camino de los m\u00ednimos anuales&#8230;"},"content":{"rendered":"<blockquote>\n<p style=\"text-align: justify;\"><span style=\"font-size: 20px;\"><strong>Informe diario del jueves, 15 de septiembre de 2022<\/strong><\/span><\/p>\n<\/blockquote>\n<p>&nbsp;<\/p>\n<p><span style=\"font-size: 24px; color: #000080;\"><b>Sinopsis<\/b><\/span><\/p>\n<p style=\"text-align: justify;\"><span style=\"font-size: 20px;\"><b><i>Hoy en los mercados\u2026 <\/i><\/b><\/span><\/p>\n<p><span style=\"font-size: 20px;\"><i>Descensos generalizados en los mercados financieros.<\/i><\/span><i><\/i><\/p>\n<p><span style=\"font-size: 20px;\"><b><i>An\u00e1lisis de situaci\u00f3n y perspectivas<\/i><\/b><\/span><\/p>\n<p><span style=\"font-size: 20px;\"><i>Las bolsas siguen camino de los m\u00ednimos anuales&#8230;<\/i><\/span><i><\/i><\/p>\n<p>&nbsp;<\/p>\n<p><strong><span style=\"font-size: 24px;\"><span style=\"font-size: 20px;\">Acceda al documento a trav\u00e9s de este v\u00ednculo: <a href=\"https:\/\/capitaliafamiliar.es\/informes\/wp-content\/uploads\/2022\/09\/Informe-Diario-15.09.2022-version-parcialmente-restringida.pdf\">Informe Diario 15.09.2022 (versi\u00f3n parcialmente restringida)<\/a><\/span><\/span><\/strong><\/p>\n<p>&nbsp;<\/p>\n<p>&nbsp;<\/p>\n<p>&nbsp;<\/p>\n<p style=\"text-align: center;\"><strong>Solicite informaci\u00f3n sobre nuestros servicios de asesoramiento financiero<\/strong><\/p>\n<p style=\"text-align: center;\">Si necesita ayuda para el cuidado de su patrimonio, no dude en ponerse en contacto con nosotros, sin compromiso.<\/p>\n<p style=\"text-align: center;\">Tel\u00e9fono:\u00a0\u00a0 91 770\u00a0 22 84<\/p>\n<p style=\"text-align: center;\">Correo electr\u00f3nico:\u00a0\u00a0 capitaliafamiliar@capitaliafamiliar.es<\/p>\n","protected":false},"excerpt":{"rendered":"<p>Informe diario del jueves, 15 de septiembre de 2022 &nbsp; Sinopsis Hoy en los mercados&hellip; Descensos generalizados en los mercados financieros. An&aacute;lisis de situaci&oacute;n y perspectivas Las bolsas siguen camino de los m&iacute;nimos anuales&hellip; &nbsp; Acceda al documento a trav&eacute;s de este v&iacute;nculo: Informe Diario 15.09.2022 (versi&oacute;n parcialmente restringida) &nbsp; &nbsp; &nbsp; Solicite informaci&oacute;n sobre [&hellip;]<\/p>\n","protected":false},"author":2,"featured_media":2525,"comment_status":"closed","ping_status":"closed","sticky":false,"template":"","format":"standard","meta":{"_et_pb_use_builder":"","_et_pb_old_content":"","_et_gb_content_width":"","jetpack_post_was_ever_published":false,"_jetpack_newsletter_access":"","_jetpack_dont_email_post_to_subs":false,"_jetpack_newsletter_tier_id":0,"_jetpack_memberships_contains_paywalled_content":false,"_jetpack_memberships_contains_paid_content":false,"footnotes":""},"categories":[1],"tags":[],"class_list":["post-8047","post","type-post","status-publish","format-standard","has-post-thumbnail","hentry","category-informediario"],"jetpack_featured_media_url":"https:\/\/capitaliafamiliar.es\/informes\/wp-content\/uploads\/2019\/08\/informediario2.png","jetpack_shortlink":"https:\/\/wp.me\/pa2IGq-25N","jetpack-related-posts":[{"id":8067,"url":"https:\/\/capitaliafamiliar.es\/informes\/2022\/09\/23\/la-proxima-semana-podria-ser-clave-para-los-mercados-ante-el-aumento-del-sentimiento-negativo-perforaran-las-bolsas-los-minimos-anuales\/","url_meta":{"origin":8047,"position":0},"title":"La pr\u00f3xima semana podr\u00eda ser clave para los mercados ante el aumento del sentimiento negativo. \u00bfPerforar\u00e1n las bolsas los m\u00ednimos anuales?","author":"Capitalia Familiar","date":"23 de septiembre de 2022","format":false,"excerpt":"Informe diario del viernes, 23 de septiembre de 2022 \u00a0 Sinopsis Hoy en los mercados\u2026 Nueva sesi\u00f3n de ca\u00eddas generalizadas en los mercados. An\u00e1lisis de situaci\u00f3n y perspectivas La pr\u00f3xima semana podr\u00eda ser clave para los mercados ante el aumento del sentimiento negativo. \u00bfPerforar\u00e1n las bolsas los m\u00ednimos anuales? \u00a0\u2026","rel":"","context":"En \u00abInforme Diario\u00bb","block_context":{"text":"Informe Diario","link":"https:\/\/capitaliafamiliar.es\/informes\/category\/informediario\/"},"img":{"alt_text":"","src":"https:\/\/i0.wp.com\/capitaliafamiliar.es\/informes\/wp-content\/uploads\/2019\/08\/informediario2.png?resize=350%2C200&ssl=1","width":350,"height":200,"srcset":"https:\/\/i0.wp.com\/capitaliafamiliar.es\/informes\/wp-content\/uploads\/2019\/08\/informediario2.png?resize=350%2C200&ssl=1 1x, https:\/\/i0.wp.com\/capitaliafamiliar.es\/informes\/wp-content\/uploads\/2019\/08\/informediario2.png?resize=525%2C300&ssl=1 1.5x, https:\/\/i0.wp.com\/capitaliafamiliar.es\/informes\/wp-content\/uploads\/2019\/08\/informediario2.png?resize=700%2C400&ssl=1 2x"},"classes":[]},{"id":7871,"url":"https:\/\/capitaliafamiliar.es\/informes\/2022\/07\/05\/el-mercado-asume-la-realidad-economica-y-las-bolsas-vuelven-a-minimos-anuales\/","url_meta":{"origin":8047,"position":1},"title":"El mercado asume la realidad econ\u00f3mica y las bolsas vuelven a m\u00ednimos anuales","author":"Capitalia Familiar","date":"5 de julio de 2022","format":false,"excerpt":"Informe diario del martes, 5 de julio de 2022 \u00a0 Sinopsis Hoy en los mercados\u2026 Sesi\u00f3n de p\u00e9rdidas generalizadas en los mercados por el temor a la recesi\u00f3n. An\u00e1lisis de situaci\u00f3n y perspectivas El mercado asume la realidad econ\u00f3mica y las bolsas vuelven a m\u00ednimos anuales. \u00a0 Acceda al documento\u2026","rel":"","context":"En \u00abInforme Diario\u00bb","block_context":{"text":"Informe Diario","link":"https:\/\/capitaliafamiliar.es\/informes\/category\/informediario\/"},"img":{"alt_text":"","src":"https:\/\/i0.wp.com\/capitaliafamiliar.es\/informes\/wp-content\/uploads\/2019\/08\/informediario2.png?resize=350%2C200&ssl=1","width":350,"height":200,"srcset":"https:\/\/i0.wp.com\/capitaliafamiliar.es\/informes\/wp-content\/uploads\/2019\/08\/informediario2.png?resize=350%2C200&ssl=1 1x, https:\/\/i0.wp.com\/capitaliafamiliar.es\/informes\/wp-content\/uploads\/2019\/08\/informediario2.png?resize=525%2C300&ssl=1 1.5x, https:\/\/i0.wp.com\/capitaliafamiliar.es\/informes\/wp-content\/uploads\/2019\/08\/informediario2.png?resize=700%2C400&ssl=1 2x"},"classes":[]},{"id":8111,"url":"https:\/\/capitaliafamiliar.es\/informes\/2022\/10\/11\/las-bolsas-vuelven-a-testar-los-minimos-anuales-la-campana-de-resultados-empresariales-y-el-dato-de-inflacion-del-jueves-definiran-el-proximo-movimiento\/","url_meta":{"origin":8047,"position":2},"title":"Las bolsas vuelven a testar los m\u00ednimos anuales. La campa\u00f1a de resultados empresariales y el dato de inflaci\u00f3n del jueves definir\u00e1n el pr\u00f3ximo movimiento","author":"Capitalia Familiar","date":"11 de octubre de 2022","format":false,"excerpt":"Informe diario del martes, 11 de octubre de 2022 \u00a0 Sinopsis Hoy en los mercados\u2026 Los mercados y la macroeconom\u00eda contin\u00faan deterior\u00e1ndose. An\u00e1lisis de situaci\u00f3n y perspectivas Las bolsas vuelven a testar los m\u00ednimos anuales. La campa\u00f1a de resultados empresariales y el dato de inflaci\u00f3n del jueves definir\u00e1n el pr\u00f3ximo\u2026","rel":"","context":"En \u00abInforme Diario\u00bb","block_context":{"text":"Informe Diario","link":"https:\/\/capitaliafamiliar.es\/informes\/category\/informediario\/"},"img":{"alt_text":"","src":"https:\/\/i0.wp.com\/capitaliafamiliar.es\/informes\/wp-content\/uploads\/2019\/08\/informediario2.png?resize=350%2C200&ssl=1","width":350,"height":200,"srcset":"https:\/\/i0.wp.com\/capitaliafamiliar.es\/informes\/wp-content\/uploads\/2019\/08\/informediario2.png?resize=350%2C200&ssl=1 1x, https:\/\/i0.wp.com\/capitaliafamiliar.es\/informes\/wp-content\/uploads\/2019\/08\/informediario2.png?resize=525%2C300&ssl=1 1.5x, https:\/\/i0.wp.com\/capitaliafamiliar.es\/informes\/wp-content\/uploads\/2019\/08\/informediario2.png?resize=700%2C400&ssl=1 2x"},"classes":[]},{"id":8114,"url":"https:\/\/capitaliafamiliar.es\/informes\/2022\/10\/13\/las-bolsas-logran-salvar-los-minimos-anuales-pese-al-mal-dato-de-inflacion-estadounidense-tendra-continuidad-el-rebote\/","url_meta":{"origin":8047,"position":3},"title":"Las bolsas logran salvar los m\u00ednimos anuales pese al mal dato de inflaci\u00f3n estadounidense. \u00bfTendr\u00e1 continuidad el rebote?","author":"Capitalia Familiar","date":"13 de octubre de 2022","format":false,"excerpt":"Informe diario del jueves, 13 de octubre de 2022 \u00a0 Sinopsis Hoy en los mercados\u2026 La inflaci\u00f3n estadounidense fue protagonista en una sesi\u00f3n de m\u00e1xima volatilidad. An\u00e1lisis de situaci\u00f3n y perspectivas Las bolsas logran salvar los m\u00ednimos anuales pese al mal dato de inflaci\u00f3n estadounidense. \u00bfTendr\u00e1 continuidad el rebote? \u00a0\u2026","rel":"","context":"En \u00abInforme Diario\u00bb","block_context":{"text":"Informe Diario","link":"https:\/\/capitaliafamiliar.es\/informes\/category\/informediario\/"},"img":{"alt_text":"","src":"https:\/\/i0.wp.com\/capitaliafamiliar.es\/informes\/wp-content\/uploads\/2019\/08\/informediario2.png?resize=350%2C200&ssl=1","width":350,"height":200,"srcset":"https:\/\/i0.wp.com\/capitaliafamiliar.es\/informes\/wp-content\/uploads\/2019\/08\/informediario2.png?resize=350%2C200&ssl=1 1x, https:\/\/i0.wp.com\/capitaliafamiliar.es\/informes\/wp-content\/uploads\/2019\/08\/informediario2.png?resize=525%2C300&ssl=1 1.5x, https:\/\/i0.wp.com\/capitaliafamiliar.es\/informes\/wp-content\/uploads\/2019\/08\/informediario2.png?resize=700%2C400&ssl=1 2x"},"classes":[]},{"id":8022,"url":"https:\/\/capitaliafamiliar.es\/informes\/2022\/09\/05\/se-mantiene-de-la-dinamica-bajista-en-las-bolsas-y-lo-mas-probable-es-que-vuelvan-a-testar-los-minimos-anuales\/","url_meta":{"origin":8047,"position":4},"title":"Se mantiene de la din\u00e1mica bajista en las bolsas y lo m\u00e1s probable es que vuelvan a testar los m\u00ednimos anuales","author":"Capitalia Familiar","date":"5 de septiembre de 2022","format":false,"excerpt":"Informe diario del lunes, 5 de septiembre de 2022 \u00a0 Sinopsis Hoy en los mercados\u2026 Ca\u00eddas generalizadas en las bolsas europeas, que recogen el mal cierre del viernes en Estados Unidos. An\u00e1lisis de situaci\u00f3n y perspectivas Se mantiene de la din\u00e1mica bajista en las bolsas y lo m\u00e1s probable es\u2026","rel":"","context":"En \u00abInforme Diario\u00bb","block_context":{"text":"Informe Diario","link":"https:\/\/capitaliafamiliar.es\/informes\/category\/informediario\/"},"img":{"alt_text":"","src":"https:\/\/i0.wp.com\/capitaliafamiliar.es\/informes\/wp-content\/uploads\/2019\/08\/informediario2.png?resize=350%2C200&ssl=1","width":350,"height":200,"srcset":"https:\/\/i0.wp.com\/capitaliafamiliar.es\/informes\/wp-content\/uploads\/2019\/08\/informediario2.png?resize=350%2C200&ssl=1 1x, https:\/\/i0.wp.com\/capitaliafamiliar.es\/informes\/wp-content\/uploads\/2019\/08\/informediario2.png?resize=525%2C300&ssl=1 1.5x, https:\/\/i0.wp.com\/capitaliafamiliar.es\/informes\/wp-content\/uploads\/2019\/08\/informediario2.png?resize=700%2C400&ssl=1 2x"},"classes":[]},{"id":8064,"url":"https:\/\/capitaliafamiliar.es\/informes\/2022\/09\/22\/cual-es-el-futuro-a-corto-plazo-para-las-bolsas-aumenta-la-probabilidad-de-que-los-indices-bursatiles-terminen-perforando-a-la-baja-sus-minimos-anuales\/","url_meta":{"origin":8047,"position":5},"title":"\u00bfCu\u00e1l es el futuro a corto plazo para las bolsas? Aumenta la probabilidad de que los \u00edndices burs\u00e1tiles terminen perforando a la baja sus m\u00ednimos anuales&#8230;","author":"Capitalia Familiar","date":"22 de septiembre de 2022","format":false,"excerpt":"Informe diario del jueves, 22 de septiembre de 2022 \u00a0 Sinopsis Hoy en los mercados\u2026 La Fed trunca el sue\u00f1o del mercado y las bolsas prolongan las ca\u00eddas. An\u00e1lisis de situaci\u00f3n y perspectivas \u00bfCu\u00e1l es el futuro a corto plazo para las bolsas? Aumenta la probabilidad de que los \u00edndices\u2026","rel":"","context":"En \u00abInforme Diario\u00bb","block_context":{"text":"Informe Diario","link":"https:\/\/capitaliafamiliar.es\/informes\/category\/informediario\/"},"img":{"alt_text":"","src":"https:\/\/i0.wp.com\/capitaliafamiliar.es\/informes\/wp-content\/uploads\/2019\/08\/informediario2.png?resize=350%2C200&ssl=1","width":350,"height":200,"srcset":"https:\/\/i0.wp.com\/capitaliafamiliar.es\/informes\/wp-content\/uploads\/2019\/08\/informediario2.png?resize=350%2C200&ssl=1 1x, https:\/\/i0.wp.com\/capitaliafamiliar.es\/informes\/wp-content\/uploads\/2019\/08\/informediario2.png?resize=525%2C300&ssl=1 1.5x, https:\/\/i0.wp.com\/capitaliafamiliar.es\/informes\/wp-content\/uploads\/2019\/08\/informediario2.png?resize=700%2C400&ssl=1 2x"},"classes":[]}],"jetpack_sharing_enabled":true,"_links":{"self":[{"href":"https:\/\/capitaliafamiliar.es\/informes\/wp-json\/wp\/v2\/posts\/8047","targetHints":{"allow":["GET"]}}],"collection":[{"href":"https:\/\/capitaliafamiliar.es\/informes\/wp-json\/wp\/v2\/posts"}],"about":[{"href":"https:\/\/capitaliafamiliar.es\/informes\/wp-json\/wp\/v2\/types\/post"}],"author":[{"embeddable":true,"href":"https:\/\/capitaliafamiliar.es\/informes\/wp-json\/wp\/v2\/users\/2"}],"replies":[{"embeddable":true,"href":"https:\/\/capitaliafamiliar.es\/informes\/wp-json\/wp\/v2\/comments?post=8047"}],"version-history":[{"count":1,"href":"https:\/\/capitaliafamiliar.es\/informes\/wp-json\/wp\/v2\/posts\/8047\/revisions"}],"predecessor-version":[{"id":8049,"href":"https:\/\/capitaliafamiliar.es\/informes\/wp-json\/wp\/v2\/posts\/8047\/revisions\/8049"}],"wp:featuredmedia":[{"embeddable":true,"href":"https:\/\/capitaliafamiliar.es\/informes\/wp-json\/wp\/v2\/media\/2525"}],"wp:attachment":[{"href":"https:\/\/capitaliafamiliar.es\/informes\/wp-json\/wp\/v2\/media?parent=8047"}],"wp:term":[{"taxonomy":"category","embeddable":true,"href":"https:\/\/capitaliafamiliar.es\/informes\/wp-json\/wp\/v2\/categories?post=8047"},{"taxonomy":"post_tag","embeddable":true,"href":"https:\/\/capitaliafamiliar.es\/informes\/wp-json\/wp\/v2\/tags?post=8047"}],"curies":[{"name":"wp","href":"https:\/\/api.w.org\/{rel}","templated":true}]}}