{"id":8060,"date":"2022-09-21T16:04:08","date_gmt":"2022-09-21T16:04:08","guid":{"rendered":"https:\/\/capitaliafamiliar.es\/informes\/?p=8060"},"modified":"2022-09-21T16:04:08","modified_gmt":"2022-09-21T16:04:08","slug":"los-mercados-esperan-cualquier-detalle-positivo-de-la-fed-que-justifique-poner-freno-a-las-caidas-de-no-ser-asi-la-vuelta-a-minimos-anuales-sera-una-realidad","status":"publish","type":"post","link":"https:\/\/capitaliafamiliar.es\/informes\/2022\/09\/21\/los-mercados-esperan-cualquier-detalle-positivo-de-la-fed-que-justifique-poner-freno-a-las-caidas-de-no-ser-asi-la-vuelta-a-minimos-anuales-sera-una-realidad\/","title":{"rendered":"Los mercados esperan cualquier detalle positivo de la Fed que justifique poner freno a las ca\u00eddas. De no ser as\u00ed, la vuelta a m\u00ednimos anuales ser\u00e1 una realidad"},"content":{"rendered":"<blockquote>\n<p style=\"text-align: justify;\"><span style=\"font-size: 20px;\"><strong>Informe diario del mi\u00e9rcoles, 21 de septiembre de 2022<\/strong><\/span><\/p>\n<\/blockquote>\n<p>&nbsp;<\/p>\n<p><span style=\"font-size: 24px; color: #000080;\"><b>Sinopsis<\/b><\/span><\/p>\n<p style=\"text-align: justify;\"><span style=\"font-size: 20px;\"><b><i>Hoy en los mercados\u2026 <\/i><\/b><\/span><\/p>\n<p><span style=\"font-size: 20px;\"><i>Cautela antes de la decisi\u00f3n de la Reserva Federal.<\/i><\/span><i><\/i><\/p>\n<p><span style=\"font-size: 20px;\"><b><i>An\u00e1lisis de situaci\u00f3n y perspectivas<\/i><\/b><\/span><\/p>\n<p><span style=\"font-size: 20px;\"><i>Los mercados esperan cualquier detalle positivo de la Fed que justifique poner freno a las ca\u00eddas. De no ser as\u00ed, la vuelta a m\u00ednimos anuales ser\u00e1 una realidad.<\/i><\/span><i><\/i><\/p>\n<p>&nbsp;<\/p>\n<p><strong><span style=\"font-size: 24px;\"><span style=\"font-size: 20px;\">Acceda al documento a trav\u00e9s de este v\u00ednculo: <a href=\"https:\/\/capitaliafamiliar.es\/informes\/wp-content\/uploads\/2022\/09\/Informe-Diario-21.09.2022-version-parcialmente-restringida.pdf\">Informe Diario 21.09.2022 (versi\u00f3n parcialmente restringida)<\/a><\/span><\/span><\/strong><\/p>\n<p>&nbsp;<\/p>\n<p>&nbsp;<\/p>\n<p>&nbsp;<\/p>\n<p style=\"text-align: center;\"><strong>Solicite informaci\u00f3n sobre nuestros servicios de asesoramiento financiero<\/strong><\/p>\n<p style=\"text-align: center;\">Si necesita ayuda para el cuidado de su patrimonio, no dude en ponerse en contacto con nosotros, sin compromiso.<\/p>\n<p style=\"text-align: center;\">Tel\u00e9fono:\u00a0\u00a0 91 770\u00a0 22 84<\/p>\n<p style=\"text-align: center;\">Correo electr\u00f3nico:\u00a0\u00a0 capitaliafamiliar@capitaliafamiliar.es<\/p>\n","protected":false},"excerpt":{"rendered":"<p>Informe diario del mi&eacute;rcoles, 21 de septiembre de 2022 &nbsp; Sinopsis Hoy en los mercados&hellip; Cautela antes de la decisi&oacute;n de la Reserva Federal. An&aacute;lisis de situaci&oacute;n y perspectivas Los mercados esperan cualquier detalle positivo de la Fed que justifique poner freno a las ca&iacute;das. De no ser as&iacute;, la vuelta a m&iacute;nimos anuales ser&aacute; [&hellip;]<\/p>\n","protected":false},"author":2,"featured_media":2525,"comment_status":"closed","ping_status":"closed","sticky":false,"template":"","format":"standard","meta":{"_et_pb_use_builder":"","_et_pb_old_content":"","_et_gb_content_width":"","jetpack_post_was_ever_published":false,"_jetpack_newsletter_access":"","_jetpack_dont_email_post_to_subs":false,"_jetpack_newsletter_tier_id":0,"_jetpack_memberships_contains_paywalled_content":false,"_jetpack_memberships_contains_paid_content":false,"footnotes":""},"categories":[1],"tags":[],"class_list":["post-8060","post","type-post","status-publish","format-standard","has-post-thumbnail","hentry","category-informediario"],"jetpack_featured_media_url":"https:\/\/capitaliafamiliar.es\/informes\/wp-content\/uploads\/2019\/08\/informediario2.png","jetpack_shortlink":"https:\/\/wp.me\/pa2IGq-260","jetpack-related-posts":[{"id":8041,"url":"https:\/\/capitaliafamiliar.es\/informes\/2022\/09\/13\/los-mercados-ponen-rumbo-a-los-minimos-anuales-tras-el-bano-de-realidad-que-ha-supuesto-el-mal-dato-de-inflacion-estadounidense\/","url_meta":{"origin":8060,"position":0},"title":"Los mercados ponen rumbo a los m\u00ednimos anuales tras el ba\u00f1o de realidad que ha supuesto el mal dato de inflaci\u00f3n estadounidense","author":"Capitalia Familiar","date":"13 de septiembre de 2022","format":false,"excerpt":"Informe diario del martes, 13 de septiembre de 2022 \u00a0 Sinopsis Hoy en los mercados\u2026 Fuertes ca\u00eddas en los mercados que anulan el rebote iniciado la semana pasada. An\u00e1lisis de situaci\u00f3n y perspectivas Los mercados ponen rumbo a los m\u00ednimos anuales tras el ba\u00f1o de realidad que ha supuesto el\u2026","rel":"","context":"En \u00abInforme Diario\u00bb","block_context":{"text":"Informe Diario","link":"https:\/\/capitaliafamiliar.es\/informes\/category\/informediario\/"},"img":{"alt_text":"","src":"https:\/\/i0.wp.com\/capitaliafamiliar.es\/informes\/wp-content\/uploads\/2019\/08\/informediario2.png?resize=350%2C200&ssl=1","width":350,"height":200,"srcset":"https:\/\/i0.wp.com\/capitaliafamiliar.es\/informes\/wp-content\/uploads\/2019\/08\/informediario2.png?resize=350%2C200&ssl=1 1x, https:\/\/i0.wp.com\/capitaliafamiliar.es\/informes\/wp-content\/uploads\/2019\/08\/informediario2.png?resize=525%2C300&ssl=1 1.5x, https:\/\/i0.wp.com\/capitaliafamiliar.es\/informes\/wp-content\/uploads\/2019\/08\/informediario2.png?resize=700%2C400&ssl=1 2x"},"classes":[]},{"id":8104,"url":"https:\/\/capitaliafamiliar.es\/informes\/2022\/10\/07\/adios-al-rebote-la-fed-y-los-datos-de-empleo-de-estados-unidos-empujan-a-los-mercados-de-nuevo-a-la-zona-de-minimos-anuales\/","url_meta":{"origin":8060,"position":1},"title":"\u00bfAdi\u00f3s al rebote? La Fed y los datos de empleo de Estados Unidos empujan a los mercados de nuevo a la zona de m\u00ednimos anuales","author":"Capitalia Familiar","date":"7 de octubre de 2022","format":false,"excerpt":"Informe diario del viernes, 7 de octubre de 2022 \u00a0 Sinopsis Hoy en los mercados\u2026 Ca\u00eddas generalizadas tanto para la renta variable como para la renta fija. An\u00e1lisis de situaci\u00f3n y perspectivas \u00bfAdi\u00f3s al rebote? La Fed y los datos de empleo de Estados Unidos empujan a los mercados de\u2026","rel":"","context":"En \u00abInforme Diario\u00bb","block_context":{"text":"Informe Diario","link":"https:\/\/capitaliafamiliar.es\/informes\/category\/informediario\/"},"img":{"alt_text":"","src":"https:\/\/i0.wp.com\/capitaliafamiliar.es\/informes\/wp-content\/uploads\/2019\/08\/informediario2.png?resize=350%2C200&ssl=1","width":350,"height":200,"srcset":"https:\/\/i0.wp.com\/capitaliafamiliar.es\/informes\/wp-content\/uploads\/2019\/08\/informediario2.png?resize=350%2C200&ssl=1 1x, https:\/\/i0.wp.com\/capitaliafamiliar.es\/informes\/wp-content\/uploads\/2019\/08\/informediario2.png?resize=525%2C300&ssl=1 1.5x, https:\/\/i0.wp.com\/capitaliafamiliar.es\/informes\/wp-content\/uploads\/2019\/08\/informediario2.png?resize=700%2C400&ssl=1 2x"},"classes":[]},{"id":8117,"url":"https:\/\/capitaliafamiliar.es\/informes\/2022\/10\/14\/seguimos-adentrandonos-en-la-fase-mas-peligrosa-del-mercado-con-volatilidades-y-caidas-que-podrian-ser-muy-importantes-si-se-pierden-los-minimos-anuales\/","url_meta":{"origin":8060,"position":2},"title":"Seguimos adentr\u00e1ndonos en la fase m\u00e1s peligrosa del mercado, con volatilidades y ca\u00eddas que podr\u00edan ser muy importantes si se pierden los m\u00ednimos anuales","author":"Capitalia Familiar","date":"14 de octubre de 2022","format":false,"excerpt":"Informe diario del viernes, 14 de octubre de 2022 \u00a0 Sinopsis Hoy en los mercados\u2026 Descensos generalizados en los mercados, aunque los soportes siguen aguantando. An\u00e1lisis de situaci\u00f3n y perspectivas Seguimos adentr\u00e1ndonos en la fase m\u00e1s peligrosa del mercado, con volatilidades y ca\u00eddas que podr\u00edan ser muy importantes si se\u2026","rel":"","context":"En \u00abInforme Diario\u00bb","block_context":{"text":"Informe Diario","link":"https:\/\/capitaliafamiliar.es\/informes\/category\/informediario\/"},"img":{"alt_text":"","src":"https:\/\/i0.wp.com\/capitaliafamiliar.es\/informes\/wp-content\/uploads\/2019\/08\/informediario2.png?resize=350%2C200&ssl=1","width":350,"height":200,"srcset":"https:\/\/i0.wp.com\/capitaliafamiliar.es\/informes\/wp-content\/uploads\/2019\/08\/informediario2.png?resize=350%2C200&ssl=1 1x, https:\/\/i0.wp.com\/capitaliafamiliar.es\/informes\/wp-content\/uploads\/2019\/08\/informediario2.png?resize=525%2C300&ssl=1 1.5x, https:\/\/i0.wp.com\/capitaliafamiliar.es\/informes\/wp-content\/uploads\/2019\/08\/informediario2.png?resize=700%2C400&ssl=1 2x"},"classes":[]},{"id":8067,"url":"https:\/\/capitaliafamiliar.es\/informes\/2022\/09\/23\/la-proxima-semana-podria-ser-clave-para-los-mercados-ante-el-aumento-del-sentimiento-negativo-perforaran-las-bolsas-los-minimos-anuales\/","url_meta":{"origin":8060,"position":3},"title":"La pr\u00f3xima semana podr\u00eda ser clave para los mercados ante el aumento del sentimiento negativo. \u00bfPerforar\u00e1n las bolsas los m\u00ednimos anuales?","author":"Capitalia Familiar","date":"23 de septiembre de 2022","format":false,"excerpt":"Informe diario del viernes, 23 de septiembre de 2022 \u00a0 Sinopsis Hoy en los mercados\u2026 Nueva sesi\u00f3n de ca\u00eddas generalizadas en los mercados. An\u00e1lisis de situaci\u00f3n y perspectivas La pr\u00f3xima semana podr\u00eda ser clave para los mercados ante el aumento del sentimiento negativo. \u00bfPerforar\u00e1n las bolsas los m\u00ednimos anuales? \u00a0\u2026","rel":"","context":"En \u00abInforme Diario\u00bb","block_context":{"text":"Informe Diario","link":"https:\/\/capitaliafamiliar.es\/informes\/category\/informediario\/"},"img":{"alt_text":"","src":"https:\/\/i0.wp.com\/capitaliafamiliar.es\/informes\/wp-content\/uploads\/2019\/08\/informediario2.png?resize=350%2C200&ssl=1","width":350,"height":200,"srcset":"https:\/\/i0.wp.com\/capitaliafamiliar.es\/informes\/wp-content\/uploads\/2019\/08\/informediario2.png?resize=350%2C200&ssl=1 1x, https:\/\/i0.wp.com\/capitaliafamiliar.es\/informes\/wp-content\/uploads\/2019\/08\/informediario2.png?resize=525%2C300&ssl=1 1.5x, https:\/\/i0.wp.com\/capitaliafamiliar.es\/informes\/wp-content\/uploads\/2019\/08\/informediario2.png?resize=700%2C400&ssl=1 2x"},"classes":[]},{"id":8064,"url":"https:\/\/capitaliafamiliar.es\/informes\/2022\/09\/22\/cual-es-el-futuro-a-corto-plazo-para-las-bolsas-aumenta-la-probabilidad-de-que-los-indices-bursatiles-terminen-perforando-a-la-baja-sus-minimos-anuales\/","url_meta":{"origin":8060,"position":4},"title":"\u00bfCu\u00e1l es el futuro a corto plazo para las bolsas? Aumenta la probabilidad de que los \u00edndices burs\u00e1tiles terminen perforando a la baja sus m\u00ednimos anuales&#8230;","author":"Capitalia Familiar","date":"22 de septiembre de 2022","format":false,"excerpt":"Informe diario del jueves, 22 de septiembre de 2022 \u00a0 Sinopsis Hoy en los mercados\u2026 La Fed trunca el sue\u00f1o del mercado y las bolsas prolongan las ca\u00eddas. An\u00e1lisis de situaci\u00f3n y perspectivas \u00bfCu\u00e1l es el futuro a corto plazo para las bolsas? Aumenta la probabilidad de que los \u00edndices\u2026","rel":"","context":"En \u00abInforme Diario\u00bb","block_context":{"text":"Informe Diario","link":"https:\/\/capitaliafamiliar.es\/informes\/category\/informediario\/"},"img":{"alt_text":"","src":"https:\/\/i0.wp.com\/capitaliafamiliar.es\/informes\/wp-content\/uploads\/2019\/08\/informediario2.png?resize=350%2C200&ssl=1","width":350,"height":200,"srcset":"https:\/\/i0.wp.com\/capitaliafamiliar.es\/informes\/wp-content\/uploads\/2019\/08\/informediario2.png?resize=350%2C200&ssl=1 1x, https:\/\/i0.wp.com\/capitaliafamiliar.es\/informes\/wp-content\/uploads\/2019\/08\/informediario2.png?resize=525%2C300&ssl=1 1.5x, https:\/\/i0.wp.com\/capitaliafamiliar.es\/informes\/wp-content\/uploads\/2019\/08\/informediario2.png?resize=700%2C400&ssl=1 2x"},"classes":[]},{"id":8053,"url":"https:\/\/capitaliafamiliar.es\/informes\/2022\/09\/19\/la-fed-entra-en-escena-con-los-mercados-cerca-de-minimos-anuales\/","url_meta":{"origin":8060,"position":5},"title":"La Fed entra en escena con los mercados cerca de m\u00ednimos anuales","author":"Capitalia Familiar","date":"19 de septiembre de 2022","format":false,"excerpt":"Informe diario del lunes, 19 de septiembre de 2022 \u00a0 Sinopsis Hoy en los mercados\u2026 Sesi\u00f3n marcada por la volatilidad a la espera de la Reserva Federal. An\u00e1lisis de situaci\u00f3n y perspectivas La Fed entra en escena con los mercados cerca de m\u00ednimos anuales. \u00a0 Acceda al documento a trav\u00e9s\u2026","rel":"","context":"En \u00abInforme Diario\u00bb","block_context":{"text":"Informe Diario","link":"https:\/\/capitaliafamiliar.es\/informes\/category\/informediario\/"},"img":{"alt_text":"","src":"https:\/\/i0.wp.com\/capitaliafamiliar.es\/informes\/wp-content\/uploads\/2019\/08\/informediario2.png?resize=350%2C200&ssl=1","width":350,"height":200,"srcset":"https:\/\/i0.wp.com\/capitaliafamiliar.es\/informes\/wp-content\/uploads\/2019\/08\/informediario2.png?resize=350%2C200&ssl=1 1x, https:\/\/i0.wp.com\/capitaliafamiliar.es\/informes\/wp-content\/uploads\/2019\/08\/informediario2.png?resize=525%2C300&ssl=1 1.5x, https:\/\/i0.wp.com\/capitaliafamiliar.es\/informes\/wp-content\/uploads\/2019\/08\/informediario2.png?resize=700%2C400&ssl=1 2x"},"classes":[]}],"jetpack_sharing_enabled":true,"_links":{"self":[{"href":"https:\/\/capitaliafamiliar.es\/informes\/wp-json\/wp\/v2\/posts\/8060","targetHints":{"allow":["GET"]}}],"collection":[{"href":"https:\/\/capitaliafamiliar.es\/informes\/wp-json\/wp\/v2\/posts"}],"about":[{"href":"https:\/\/capitaliafamiliar.es\/informes\/wp-json\/wp\/v2\/types\/post"}],"author":[{"embeddable":true,"href":"https:\/\/capitaliafamiliar.es\/informes\/wp-json\/wp\/v2\/users\/2"}],"replies":[{"embeddable":true,"href":"https:\/\/capitaliafamiliar.es\/informes\/wp-json\/wp\/v2\/comments?post=8060"}],"version-history":[{"count":1,"href":"https:\/\/capitaliafamiliar.es\/informes\/wp-json\/wp\/v2\/posts\/8060\/revisions"}],"predecessor-version":[{"id":8062,"href":"https:\/\/capitaliafamiliar.es\/informes\/wp-json\/wp\/v2\/posts\/8060\/revisions\/8062"}],"wp:featuredmedia":[{"embeddable":true,"href":"https:\/\/capitaliafamiliar.es\/informes\/wp-json\/wp\/v2\/media\/2525"}],"wp:attachment":[{"href":"https:\/\/capitaliafamiliar.es\/informes\/wp-json\/wp\/v2\/media?parent=8060"}],"wp:term":[{"taxonomy":"category","embeddable":true,"href":"https:\/\/capitaliafamiliar.es\/informes\/wp-json\/wp\/v2\/categories?post=8060"},{"taxonomy":"post_tag","embeddable":true,"href":"https:\/\/capitaliafamiliar.es\/informes\/wp-json\/wp\/v2\/tags?post=8060"}],"curies":[{"name":"wp","href":"https:\/\/api.w.org\/{rel}","templated":true}]}}