{"id":8560,"date":"2023-01-04T18:21:31","date_gmt":"2023-01-04T18:21:31","guid":{"rendered":"https:\/\/capitaliafamiliar.es\/informes\/?p=8560"},"modified":"2023-01-04T18:21:31","modified_gmt":"2023-01-04T18:21:31","slug":"la-tendencia-ciclica-de-los-mercados-continua-siendo-bajista-pero-este-ciclo-bajista-podria-terminar-en-un-futuro-relativamente-proximo-con-una-fase-final-de-capitulacion-en-2023-podriamos-asistir-a","status":"publish","type":"post","link":"https:\/\/capitaliafamiliar.es\/informes\/2023\/01\/04\/la-tendencia-ciclica-de-los-mercados-continua-siendo-bajista-pero-este-ciclo-bajista-podria-terminar-en-un-futuro-relativamente-proximo-con-una-fase-final-de-capitulacion-en-2023-podriamos-asistir-a\/","title":{"rendered":"La tendencia c\u00edclica de los mercados contin\u00faa siendo bajista, pero este ciclo bajista podr\u00eda terminar en un futuro relativamente pr\u00f3ximo con una fase final de capitulaci\u00f3n. En 2023 podr\u00edamos asistir al resurgir de las oportunidades de entre las cenizas&#8230;"},"content":{"rendered":"<blockquote>\n<p style=\"text-align: justify;\"><span style=\"font-size: 20px;\"><strong>Informe mensual &#8211; Diciembre de 2022<\/strong><\/span><\/p>\n<\/blockquote>\n<p>&nbsp;<\/p>\n<p><span style=\"font-size: 24px; color: #000080;\"><b>Sinopsis<\/b><\/span><\/p>\n<p style=\"text-align: justify;\"><span style=\"font-size: 20px;\"><b><i>Balance mensual<\/i><\/b><\/span><\/p>\n<p><span style=\"font-size: 20px;\"><i>Ba\u00f1o de realidad de parte de los bancos centrales. La lucha contra la inflaci\u00f3n continuar\u00e1: los tipos de inter\u00e9s subir\u00e1n m\u00e1s y se mantendr\u00e1n elevados por m\u00e1s tiempo.<\/i><\/span><i><\/i><\/p>\n<p><span style=\"font-size: 20px;\"><b><i>An\u00e1lisis de situaci\u00f3n<\/i><\/b><\/span><\/p>\n<p><span style=\"font-size: 20px;\"><i>La tendencia c\u00edclica de los mercados contin\u00faa siendo bajista, pero este ciclo bajista podr\u00eda terminar en un futuro relativamente pr\u00f3ximo con una fase final de capitulaci\u00f3n. En 2023 podr\u00edamos asistir al resurgir de las oportunidades de entre las cenizas&#8230;<\/i><\/span><i><\/i><\/p>\n<p><strong><span style=\"font-size: 24px;\"><span style=\"font-size: 20px;\">Acceda al documento a trav\u00e9s de este v\u00ednculo: <a href=\"https:\/\/capitaliafamiliar.es\/informes\/wp-content\/uploads\/2023\/01\/Informe-Mensual-Diciembre-de-2022.pdf\">Informe Mensual &#8211; Diciembre de 2022<\/a><\/span><\/span><\/strong><\/p>\n<p>&nbsp;<\/p>\n<p><img loading=\"lazy\" decoding=\"async\" data-attachment-id=\"7415\" data-permalink=\"https:\/\/capitaliafamiliar.es\/informes\/2021\/12\/27\/la-reparacion-de-la-dinamica-alcista-en-las-bolsas-esta-practicamente-completada-pero-falta-volumen-y-una-participacion-mas-generalizada\/invitacion-de-contacto-2\/\" data-orig-file=\"https:\/\/capitaliafamiliar.es\/informes\/wp-content\/uploads\/2021\/12\/Invitacion-de-contacto.jpg\" data-orig-size=\"570,219\" data-comments-opened=\"0\" data-image-meta=\"{&quot;aperture&quot;:&quot;0&quot;,&quot;credit&quot;:&quot;&quot;,&quot;camera&quot;:&quot;&quot;,&quot;caption&quot;:&quot;&quot;,&quot;created_timestamp&quot;:&quot;0&quot;,&quot;copyright&quot;:&quot;&quot;,&quot;focal_length&quot;:&quot;0&quot;,&quot;iso&quot;:&quot;0&quot;,&quot;shutter_speed&quot;:&quot;0&quot;,&quot;title&quot;:&quot;&quot;,&quot;orientation&quot;:&quot;0&quot;}\" data-image-title=\"Invitaci\u00f3n de contacto\" data-image-description=\"\" data-image-caption=\"\" data-large-file=\"https:\/\/capitaliafamiliar.es\/informes\/wp-content\/uploads\/2021\/12\/Invitacion-de-contacto.jpg\" class=\"size-full wp-image-7415 aligncenter\" src=\"https:\/\/capitaliafamiliar.es\/informes\/wp-content\/uploads\/2021\/12\/Invitacion-de-contacto.jpg\" alt=\"\" width=\"0\" height=\"0\" srcset=\"https:\/\/capitaliafamiliar.es\/informes\/wp-content\/uploads\/2021\/12\/Invitacion-de-contacto.jpg 570w, https:\/\/capitaliafamiliar.es\/informes\/wp-content\/uploads\/2021\/12\/Invitacion-de-contacto-300x115.jpg 300w\" sizes=\"(max-width: 570px) 100vw, 570px\" \/><\/p>\n<p style=\"text-align: center;\"><strong>Solicite informaci\u00f3n sobre nuestros servicios de asesoramiento financiero<\/strong><\/p>\n<p style=\"text-align: center;\">Si necesita ayuda para el cuidado de su patrimonio, no dude en ponerse en contacto con nosotros, sin compromiso.<\/p>\n<p style=\"text-align: center;\">Tel\u00e9fono:\u00a0\u00a0 91 770\u00a0 22 84<\/p>\n<p style=\"text-align: center;\">Correo electr\u00f3nico:\u00a0\u00a0 capitaliafamiliar@capitaliafamiliar.es<\/p>\n","protected":false},"excerpt":{"rendered":"<p>Informe mensual &ndash; Diciembre de 2022 &nbsp; Sinopsis Balance mensual Ba&ntilde;o de realidad de parte de los bancos centrales. La lucha contra la inflaci&oacute;n continuar&aacute;: los tipos de inter&eacute;s subir&aacute;n m&aacute;s y se mantendr&aacute;n elevados por m&aacute;s tiempo. An&aacute;lisis de situaci&oacute;n La tendencia c&iacute;clica de los mercados contin&uacute;a siendo bajista, pero este ciclo bajista podr&iacute;a [&hellip;]<\/p>\n","protected":false},"author":2,"featured_media":2525,"comment_status":"closed","ping_status":"closed","sticky":false,"template":"","format":"standard","meta":{"_et_pb_use_builder":"","_et_pb_old_content":"","_et_gb_content_width":"","jetpack_post_was_ever_published":false,"_jetpack_newsletter_access":"","_jetpack_dont_email_post_to_subs":false,"_jetpack_newsletter_tier_id":0,"_jetpack_memberships_contains_paywalled_content":false,"_jetpack_memberships_contains_paid_content":false,"footnotes":""},"categories":[3],"tags":[],"class_list":["post-8560","post","type-post","status-publish","format-standard","has-post-thumbnail","hentry","category-informe-mensual"],"jetpack_featured_media_url":"https:\/\/capitaliafamiliar.es\/informes\/wp-content\/uploads\/2019\/08\/informediario2.png","jetpack_shortlink":"https:\/\/wp.me\/pa2IGq-2e4","jetpack-related-posts":[{"id":7908,"url":"https:\/\/capitaliafamiliar.es\/informes\/2022\/07\/20\/prosigue-la-dinamica-de-rebote-de-corto-plazo-en-las-bolsas-pero-dentro-de-una-tendencia-ciclica-todavia-bajista\/","url_meta":{"origin":8560,"position":0},"title":"Prosigue la din\u00e1mica de rebote de corto plazo en las bolsas, pero dentro de una tendencia c\u00edclica todav\u00eda bajista&#8230;","author":"Capitalia Familiar","date":"20 de julio de 2022","format":false,"excerpt":"Informe diario del mi\u00e9rcoles, 20 de julio de 2022 \u00a0 Sinopsis Hoy en los mercados\u2026 A la espera de la decisi\u00f3n del Banco Central Europeo... An\u00e1lisis de situaci\u00f3n y perspectivas Las bolsas se mantienen en din\u00e1mica de rebote de corto plazo, pero dentro de una tendencia c\u00edclica todav\u00eda bajista. \u00a0\u2026","rel":"","context":"En \u00abInforme Diario\u00bb","block_context":{"text":"Informe Diario","link":"https:\/\/capitaliafamiliar.es\/informes\/category\/informediario\/"},"img":{"alt_text":"","src":"https:\/\/i0.wp.com\/capitaliafamiliar.es\/informes\/wp-content\/uploads\/2019\/08\/informediario2.png?resize=350%2C200&ssl=1","width":350,"height":200,"srcset":"https:\/\/i0.wp.com\/capitaliafamiliar.es\/informes\/wp-content\/uploads\/2019\/08\/informediario2.png?resize=350%2C200&ssl=1 1x, https:\/\/i0.wp.com\/capitaliafamiliar.es\/informes\/wp-content\/uploads\/2019\/08\/informediario2.png?resize=525%2C300&ssl=1 1.5x, https:\/\/i0.wp.com\/capitaliafamiliar.es\/informes\/wp-content\/uploads\/2019\/08\/informediario2.png?resize=700%2C400&ssl=1 2x"},"classes":[]},{"id":7713,"url":"https:\/\/capitaliafamiliar.es\/informes\/2022\/04\/27\/la-tendencia-de-las-bolsas-y-de-los-mercados-de-renta-fija-continua-siendo-bajista\/","url_meta":{"origin":8560,"position":1},"title":"La tendencia de las bolsas y de los mercados de renta fija contin\u00faa siendo bajista","author":"Capitalia Familiar","date":"27 de abril de 2022","format":false,"excerpt":"Informe diario del mi\u00e9rcoles, 27 de abril de 2022 \u00a0 Sinopsis Hoy en los mercados\u2026 Sesi\u00f3n de transici\u00f3n en las bolsas, tras las ca\u00eddas de ayer. An\u00e1lisis de situaci\u00f3n y perspectivas La tendencia de las bolsas y de los mercados de renta fija contin\u00faa siendo bajista. \u00a0 Acceda al documento\u2026","rel":"","context":"En \u00abInforme Diario\u00bb","block_context":{"text":"Informe Diario","link":"https:\/\/capitaliafamiliar.es\/informes\/category\/informediario\/"},"img":{"alt_text":"","src":"https:\/\/i0.wp.com\/capitaliafamiliar.es\/informes\/wp-content\/uploads\/2019\/08\/informediario2.png?resize=350%2C200&ssl=1","width":350,"height":200,"srcset":"https:\/\/i0.wp.com\/capitaliafamiliar.es\/informes\/wp-content\/uploads\/2019\/08\/informediario2.png?resize=350%2C200&ssl=1 1x, https:\/\/i0.wp.com\/capitaliafamiliar.es\/informes\/wp-content\/uploads\/2019\/08\/informediario2.png?resize=525%2C300&ssl=1 1.5x, https:\/\/i0.wp.com\/capitaliafamiliar.es\/informes\/wp-content\/uploads\/2019\/08\/informediario2.png?resize=700%2C400&ssl=1 2x"},"classes":[]},{"id":7609,"url":"https:\/\/capitaliafamiliar.es\/informes\/2022\/03\/10\/si-las-bolsas-fracasan-en-su-intento-de-afianzar-el-rebote-la-tendencia-bajista-podria-acelerarse\/","url_meta":{"origin":8560,"position":2},"title":"Si las bolsas fracasan en su intento de afianzar el rebote, la tendencia bajista podr\u00eda acelerarse","author":"Capitalia Familiar","date":"10 de marzo de 2022","format":false,"excerpt":"Informe diario del jueves, 10 de marzo de 2022 \u00a0 Sinopsis Hoy en los mercados\u2026 La falta de acuerdo en Ucrania y la inflaci\u00f3n estadounidense devuelven las dudas a los mercados. An\u00e1lisis de situaci\u00f3n y perspectivas Si las bolsas fracasan en su intento de afianzar el rebote, la tendencia bajista\u2026","rel":"","context":"En \u00abInforme Diario\u00bb","block_context":{"text":"Informe Diario","link":"https:\/\/capitaliafamiliar.es\/informes\/category\/informediario\/"},"img":{"alt_text":"","src":"https:\/\/i0.wp.com\/capitaliafamiliar.es\/informes\/wp-content\/uploads\/2019\/08\/informediario2.png?resize=350%2C200&ssl=1","width":350,"height":200,"srcset":"https:\/\/i0.wp.com\/capitaliafamiliar.es\/informes\/wp-content\/uploads\/2019\/08\/informediario2.png?resize=350%2C200&ssl=1 1x, https:\/\/i0.wp.com\/capitaliafamiliar.es\/informes\/wp-content\/uploads\/2019\/08\/informediario2.png?resize=525%2C300&ssl=1 1.5x, https:\/\/i0.wp.com\/capitaliafamiliar.es\/informes\/wp-content\/uploads\/2019\/08\/informediario2.png?resize=700%2C400&ssl=1 2x"},"classes":[]},{"id":7739,"url":"https:\/\/capitaliafamiliar.es\/informes\/2022\/05\/10\/la-tendencia-de-fondo-de-las-bolsas-continua-siendo-bajista-pero-no-pueden-descartarse-rebotes-temporales-en-los-proximos-dias\/","url_meta":{"origin":8560,"position":3},"title":"La tendencia de fondo de las bolsas contin\u00faa siendo bajista, pero no pueden descartarse rebotes temporales en los pr\u00f3ximos d\u00edas","author":"Capitalia Familiar","date":"10 de mayo de 2022","format":false,"excerpt":"Informe diario del martes, 10 de mayo de 2022 \u00a0 Sinopsis Hoy en los mercados\u2026 Los mercados trataron de rebotar pero la presi\u00f3n compradora es por ahora insuficiente. An\u00e1lisis de situaci\u00f3n y perspectivas La tendencia de fondo de las bolsas contin\u00faa siendo bajista, pero no pueden descartarse rebotes temporales en\u2026","rel":"","context":"En \u00abInforme Diario\u00bb","block_context":{"text":"Informe Diario","link":"https:\/\/capitaliafamiliar.es\/informes\/category\/informediario\/"},"img":{"alt_text":"","src":"https:\/\/i0.wp.com\/capitaliafamiliar.es\/informes\/wp-content\/uploads\/2019\/08\/informediario2.png?resize=350%2C200&ssl=1","width":350,"height":200,"srcset":"https:\/\/i0.wp.com\/capitaliafamiliar.es\/informes\/wp-content\/uploads\/2019\/08\/informediario2.png?resize=350%2C200&ssl=1 1x, https:\/\/i0.wp.com\/capitaliafamiliar.es\/informes\/wp-content\/uploads\/2019\/08\/informediario2.png?resize=525%2C300&ssl=1 1.5x, https:\/\/i0.wp.com\/capitaliafamiliar.es\/informes\/wp-content\/uploads\/2019\/08\/informediario2.png?resize=700%2C400&ssl=1 2x"},"classes":[]},{"id":7771,"url":"https:\/\/capitaliafamiliar.es\/informes\/2022\/05\/24\/la-tendencia-bajista-de-las-bolsas-podria-acelerarse-si-se-pierden-los-minimos-de-mayo\/","url_meta":{"origin":8560,"position":4},"title":"La tendencia bajista de las bolsas podr\u00eda acelerarse si se pierden los m\u00ednimos de mayo","author":"Capitalia Familiar","date":"24 de mayo de 2022","format":false,"excerpt":"Informe diario del martes, 24 de mayo de 2022 \u00a0 Sinopsis Hoy en los mercados\u2026 Debilidad creciente en el mercado. Los rebotes cada vez son m\u00e1s ef\u00edmeros y con menor presi\u00f3n compradora. An\u00e1lisis de situaci\u00f3n y perspectivas La tendencia bajista de las bolsas podr\u00eda acelerarse si se pierden los m\u00ednimos\u2026","rel":"","context":"En \u00abInforme Diario\u00bb","block_context":{"text":"Informe Diario","link":"https:\/\/capitaliafamiliar.es\/informes\/category\/informediario\/"},"img":{"alt_text":"","src":"https:\/\/i0.wp.com\/capitaliafamiliar.es\/informes\/wp-content\/uploads\/2019\/08\/informediario2.png?resize=350%2C200&ssl=1","width":350,"height":200,"srcset":"https:\/\/i0.wp.com\/capitaliafamiliar.es\/informes\/wp-content\/uploads\/2019\/08\/informediario2.png?resize=350%2C200&ssl=1 1x, https:\/\/i0.wp.com\/capitaliafamiliar.es\/informes\/wp-content\/uploads\/2019\/08\/informediario2.png?resize=525%2C300&ssl=1 1.5x, https:\/\/i0.wp.com\/capitaliafamiliar.es\/informes\/wp-content\/uploads\/2019\/08\/informediario2.png?resize=700%2C400&ssl=1 2x"},"classes":[]},{"id":7998,"url":"https:\/\/capitaliafamiliar.es\/informes\/2022\/08\/26\/el-mercado-sigue-en-dinamica-ciclica-bajista-el-cada-vez-mas-complejo-entorno-macroeconomico-nos-hace-anticipar-caidas-adicionales-de-cara-a-las-proximas-semanas\/","url_meta":{"origin":8560,"position":5},"title":"El mercado sigue en din\u00e1mica c\u00edclica bajista. El cada vez m\u00e1s complejo entorno macroecon\u00f3mico nos hace anticipar ca\u00eddas adicionales de cara a las pr\u00f3ximas semanas\u2026","author":"Capitalia Familiar","date":"26 de agosto de 2022","format":false,"excerpt":"Informe diario del viernes, 26 de agosto de 2022 \u00a0 Sinopsis Hoy en los mercados\u2026 Primer ba\u00f1o de realidad para los mercados tras el discurso de Powell\u2026 An\u00e1lisis de situaci\u00f3n y perspectivas El mercado sigue en din\u00e1mica c\u00edclica bajista. El cada vez m\u00e1s complejo entorno macroecon\u00f3mico nos hace anticipar ca\u00eddas\u2026","rel":"","context":"En \u00abInforme Diario\u00bb","block_context":{"text":"Informe Diario","link":"https:\/\/capitaliafamiliar.es\/informes\/category\/informediario\/"},"img":{"alt_text":"","src":"https:\/\/i0.wp.com\/capitaliafamiliar.es\/informes\/wp-content\/uploads\/2019\/08\/informediario2.png?resize=350%2C200&ssl=1","width":350,"height":200,"srcset":"https:\/\/i0.wp.com\/capitaliafamiliar.es\/informes\/wp-content\/uploads\/2019\/08\/informediario2.png?resize=350%2C200&ssl=1 1x, https:\/\/i0.wp.com\/capitaliafamiliar.es\/informes\/wp-content\/uploads\/2019\/08\/informediario2.png?resize=525%2C300&ssl=1 1.5x, https:\/\/i0.wp.com\/capitaliafamiliar.es\/informes\/wp-content\/uploads\/2019\/08\/informediario2.png?resize=700%2C400&ssl=1 2x"},"classes":[]}],"jetpack_sharing_enabled":true,"_links":{"self":[{"href":"https:\/\/capitaliafamiliar.es\/informes\/wp-json\/wp\/v2\/posts\/8560","targetHints":{"allow":["GET"]}}],"collection":[{"href":"https:\/\/capitaliafamiliar.es\/informes\/wp-json\/wp\/v2\/posts"}],"about":[{"href":"https:\/\/capitaliafamiliar.es\/informes\/wp-json\/wp\/v2\/types\/post"}],"author":[{"embeddable":true,"href":"https:\/\/capitaliafamiliar.es\/informes\/wp-json\/wp\/v2\/users\/2"}],"replies":[{"embeddable":true,"href":"https:\/\/capitaliafamiliar.es\/informes\/wp-json\/wp\/v2\/comments?post=8560"}],"version-history":[{"count":1,"href":"https:\/\/capitaliafamiliar.es\/informes\/wp-json\/wp\/v2\/posts\/8560\/revisions"}],"predecessor-version":[{"id":8562,"href":"https:\/\/capitaliafamiliar.es\/informes\/wp-json\/wp\/v2\/posts\/8560\/revisions\/8562"}],"wp:featuredmedia":[{"embeddable":true,"href":"https:\/\/capitaliafamiliar.es\/informes\/wp-json\/wp\/v2\/media\/2525"}],"wp:attachment":[{"href":"https:\/\/capitaliafamiliar.es\/informes\/wp-json\/wp\/v2\/media?parent=8560"}],"wp:term":[{"taxonomy":"category","embeddable":true,"href":"https:\/\/capitaliafamiliar.es\/informes\/wp-json\/wp\/v2\/categories?post=8560"},{"taxonomy":"post_tag","embeddable":true,"href":"https:\/\/capitaliafamiliar.es\/informes\/wp-json\/wp\/v2\/tags?post=8560"}],"curies":[{"name":"wp","href":"https:\/\/api.w.org\/{rel}","templated":true}]}}