{"id":8732,"date":"2023-01-31T17:03:45","date_gmt":"2023-01-31T17:03:45","guid":{"rendered":"https:\/\/capitaliafamiliar.es\/informes\/?p=8732"},"modified":"2023-01-31T17:03:45","modified_gmt":"2023-01-31T17:03:45","slug":"la-fed-y-el-bce-decidiran-en-breve-la-tendencia-a-seguir-por-los-mercados","status":"publish","type":"post","link":"https:\/\/capitaliafamiliar.es\/informes\/2023\/01\/31\/la-fed-y-el-bce-decidiran-en-breve-la-tendencia-a-seguir-por-los-mercados\/","title":{"rendered":"La Fed y el BCE decidir\u00e1n en breve la tendencia a seguir por los mercados."},"content":{"rendered":"<blockquote>\n<p style=\"text-align: justify;\"><span style=\"font-size: 20px;\"><strong>Informe diario del martes, 31 de enero de 2023<\/strong><\/span><\/p>\n<\/blockquote>\n<p>&nbsp;<\/p>\n<p><span style=\"font-size: 24px; color: #000080;\"><b>Sinopsis<\/b><\/span><\/p>\n<p style=\"text-align: justify;\"><span style=\"font-size: 20px;\"><b><i>Hoy en los mercados<\/i><\/b><\/span><\/p>\n<p style=\"text-align: justify;\"><span style=\"font-size: 20px;\"><i>Din\u00e1mica de transici\u00f3n en los mercados, a la espera de las conclusiones de la reuni\u00f3n de la Reserva Federal que terminar\u00e1 ma\u00f1ana.<\/i><\/span><\/p>\n<p style=\"text-align: justify;\"><span style=\"font-size: 20px;\"><b><i>An\u00e1lisis de situaci\u00f3n<\/i><\/b><\/span><\/p>\n<p style=\"text-align: justify;\"><span style=\"font-size: 20px;\"><i>Cuenta atr\u00e1s para las reuniones de la Fed y el BCE, con unos mercados que vemos demasiado optimistas sobre las perspectivas de crecimiento y de contenci\u00f3n de la inflaci\u00f3n.<\/i><\/span><i><\/i><\/p>\n<p><strong><span style=\"font-size: 24px;\"><span style=\"font-size: 20px;\">Acceda al documento a trav\u00e9s de este v\u00ednculo: <a href=\"https:\/\/capitaliafamiliar.es\/informes\/wp-content\/uploads\/2023\/01\/Informe-Diario-31.01.2023.pdf\">Informe Diario 31.01.2023<\/a><\/span><\/span><\/strong><\/p>\n<p><img loading=\"lazy\" decoding=\"async\" data-attachment-id=\"7415\" data-permalink=\"https:\/\/capitaliafamiliar.es\/informes\/2021\/12\/27\/la-reparacion-de-la-dinamica-alcista-en-las-bolsas-esta-practicamente-completada-pero-falta-volumen-y-una-participacion-mas-generalizada\/invitacion-de-contacto-2\/\" data-orig-file=\"https:\/\/capitaliafamiliar.es\/informes\/wp-content\/uploads\/2021\/12\/Invitacion-de-contacto.jpg\" data-orig-size=\"570,219\" data-comments-opened=\"0\" data-image-meta=\"{&quot;aperture&quot;:&quot;0&quot;,&quot;credit&quot;:&quot;&quot;,&quot;camera&quot;:&quot;&quot;,&quot;caption&quot;:&quot;&quot;,&quot;created_timestamp&quot;:&quot;0&quot;,&quot;copyright&quot;:&quot;&quot;,&quot;focal_length&quot;:&quot;0&quot;,&quot;iso&quot;:&quot;0&quot;,&quot;shutter_speed&quot;:&quot;0&quot;,&quot;title&quot;:&quot;&quot;,&quot;orientation&quot;:&quot;0&quot;}\" data-image-title=\"Invitaci\u00f3n de contacto\" data-image-description=\"\" data-image-caption=\"\" data-large-file=\"https:\/\/capitaliafamiliar.es\/informes\/wp-content\/uploads\/2021\/12\/Invitacion-de-contacto.jpg\" class=\"size-full wp-image-7415 aligncenter\" src=\"https:\/\/capitaliafamiliar.es\/informes\/wp-content\/uploads\/2021\/12\/Invitacion-de-contacto.jpg\" alt=\"\" width=\"0\" height=\"0\" srcset=\"https:\/\/capitaliafamiliar.es\/informes\/wp-content\/uploads\/2021\/12\/Invitacion-de-contacto.jpg 570w, https:\/\/capitaliafamiliar.es\/informes\/wp-content\/uploads\/2021\/12\/Invitacion-de-contacto-300x115.jpg 300w\" sizes=\"(max-width: 570px) 100vw, 570px\" \/><\/p>\n<p style=\"text-align: center;\"><strong>Solicite informaci\u00f3n sobre nuestros servicios de asesoramiento financiero<\/strong><\/p>\n<p style=\"text-align: center;\">Si necesita ayuda para el cuidado de su patrimonio, no dude en ponerse en contacto con nosotros, sin compromiso.<\/p>\n<p style=\"text-align: center;\">Tel\u00e9fono:\u00a0\u00a0 91 770\u00a0 22 84<\/p>\n<p style=\"text-align: center;\">Correo electr\u00f3nico:\u00a0\u00a0 capitaliafamiliar@capitaliafamiliar.es<\/p>\n","protected":false},"excerpt":{"rendered":"<p>Informe diario del martes, 31 de enero de 2023 &nbsp; Sinopsis Hoy en los mercados Din&aacute;mica de transici&oacute;n en los mercados, a la espera de las conclusiones de la reuni&oacute;n de la Reserva Federal que terminar&aacute; ma&ntilde;ana. An&aacute;lisis de situaci&oacute;n Cuenta atr&aacute;s para las reuniones de la Fed y el BCE, con unos mercados que [&hellip;]<\/p>\n","protected":false},"author":3,"featured_media":2525,"comment_status":"closed","ping_status":"closed","sticky":false,"template":"","format":"standard","meta":{"_et_pb_use_builder":"","_et_pb_old_content":"","_et_gb_content_width":"","jetpack_post_was_ever_published":false,"_jetpack_newsletter_access":"","_jetpack_dont_email_post_to_subs":false,"_jetpack_newsletter_tier_id":0,"_jetpack_memberships_contains_paywalled_content":false,"_jetpack_memberships_contains_paid_content":false,"footnotes":""},"categories":[9],"tags":[],"class_list":["post-8732","post","type-post","status-publish","format-standard","has-post-thumbnail","hentry","category-informe-diario-privado"],"jetpack_featured_media_url":"https:\/\/capitaliafamiliar.es\/informes\/wp-content\/uploads\/2019\/08\/informediario2.png","jetpack_shortlink":"https:\/\/wp.me\/pa2IGq-2gQ","jetpack-related-posts":[{"id":8736,"url":"https:\/\/capitaliafamiliar.es\/informes\/2023\/01\/31\/la-fed-y-el-bce-decidiran-en-breve-la-tendencia-a-seguir-por-los-mercados-2\/","url_meta":{"origin":8732,"position":0},"title":"La Fed y el BCE decidir\u00e1n en breve la tendencia a seguir por los mercados.","author":"Capitalia Familiar","date":"31 de enero de 2023","format":false,"excerpt":"Informe diario del martes, 31 de enero de 2023 \u00a0 Sinopsis Hoy en los mercados Din\u00e1mica de transici\u00f3n en los mercados, a la espera de las conclusiones de la reuni\u00f3n de la Reserva Federal que terminar\u00e1 ma\u00f1ana. An\u00e1lisis de situaci\u00f3n Cuenta atr\u00e1s para las reuniones de la Fed y el\u2026","rel":"","context":"En \u00abInforme Diario\u00bb","block_context":{"text":"Informe Diario","link":"https:\/\/capitaliafamiliar.es\/informes\/category\/informediario\/"},"img":{"alt_text":"","src":"https:\/\/i0.wp.com\/capitaliafamiliar.es\/informes\/wp-content\/uploads\/2019\/08\/informediario2.png?resize=350%2C200&ssl=1","width":350,"height":200,"srcset":"https:\/\/i0.wp.com\/capitaliafamiliar.es\/informes\/wp-content\/uploads\/2019\/08\/informediario2.png?resize=350%2C200&ssl=1 1x, https:\/\/i0.wp.com\/capitaliafamiliar.es\/informes\/wp-content\/uploads\/2019\/08\/informediario2.png?resize=525%2C300&ssl=1 1.5x, https:\/\/i0.wp.com\/capitaliafamiliar.es\/informes\/wp-content\/uploads\/2019\/08\/informediario2.png?resize=700%2C400&ssl=1 2x"},"classes":[]},{"id":11133,"url":"https:\/\/capitaliafamiliar.es\/informes\/2024\/04\/11\/nuevo-escenario-para-los-mercados-la-fed-y-el-bce-podrian-no-sincronizarse-para-bajar-los-tipos-de-interes\/","url_meta":{"origin":8732,"position":1},"title":"\u00bfNuevo escenario para los mercados? La Fed y el BCE podr\u00edan no sincronizarse para bajar los tipos de inter\u00e9s","author":"Capitalia Familiar","date":"11 de abril de 2024","format":false,"excerpt":"Informe diario del jueves, 11 de abril de 2024 \u00a0 Sinopsis Hoy en los mercados Descensos moderados tanto en los mercados de renta fija como en los de renta variable, que contin\u00faan con su proceso consolidativo. An\u00e1lisis de situaci\u00f3n Se abre un nuevo escenario para los mercados: ya no puede\u2026","rel":"","context":"En \u00abInforme Diario Privado\u00bb","block_context":{"text":"Informe Diario Privado","link":"https:\/\/capitaliafamiliar.es\/informes\/category\/informe-diario-privado\/"},"img":{"alt_text":"","src":"https:\/\/i0.wp.com\/capitaliafamiliar.es\/informes\/wp-content\/uploads\/2019\/08\/informediario2.png?resize=350%2C200&ssl=1","width":350,"height":200,"srcset":"https:\/\/i0.wp.com\/capitaliafamiliar.es\/informes\/wp-content\/uploads\/2019\/08\/informediario2.png?resize=350%2C200&ssl=1 1x, https:\/\/i0.wp.com\/capitaliafamiliar.es\/informes\/wp-content\/uploads\/2019\/08\/informediario2.png?resize=525%2C300&ssl=1 1.5x, https:\/\/i0.wp.com\/capitaliafamiliar.es\/informes\/wp-content\/uploads\/2019\/08\/informediario2.png?resize=700%2C400&ssl=1 2x"},"classes":[]},{"id":11137,"url":"https:\/\/capitaliafamiliar.es\/informes\/2024\/04\/11\/nuevo-escenario-para-los-mercados-la-fed-y-el-bce-podrian-no-sincronizarse-para-bajar-los-tipos-de-interes-2\/","url_meta":{"origin":8732,"position":2},"title":"\u00bfNuevo escenario para los mercados? La Fed y el BCE podr\u00edan no sincronizarse para bajar los tipos de inter\u00e9s","author":"Capitalia Familiar","date":"11 de abril de 2024","format":false,"excerpt":"Informe diario del jueves, 11 de abril de 2024 \u00a0 Sinopsis Hoy en los mercados Descensos moderados tanto en los mercados de renta fija como en los de renta variable, que contin\u00faan con su proceso consolidativo. An\u00e1lisis de situaci\u00f3n Se abre un nuevo escenario para los mercados: ya no puede\u2026","rel":"","context":"En \u00abInforme Diario\u00bb","block_context":{"text":"Informe Diario","link":"https:\/\/capitaliafamiliar.es\/informes\/category\/informediario\/"},"img":{"alt_text":"","src":"https:\/\/i0.wp.com\/capitaliafamiliar.es\/informes\/wp-content\/uploads\/2019\/08\/informediario2.png?resize=350%2C200&ssl=1","width":350,"height":200,"srcset":"https:\/\/i0.wp.com\/capitaliafamiliar.es\/informes\/wp-content\/uploads\/2019\/08\/informediario2.png?resize=350%2C200&ssl=1 1x, https:\/\/i0.wp.com\/capitaliafamiliar.es\/informes\/wp-content\/uploads\/2019\/08\/informediario2.png?resize=525%2C300&ssl=1 1.5x, https:\/\/i0.wp.com\/capitaliafamiliar.es\/informes\/wp-content\/uploads\/2019\/08\/informediario2.png?resize=700%2C400&ssl=1 2x"},"classes":[]},{"id":11078,"url":"https:\/\/capitaliafamiliar.es\/informes\/2024\/04\/02\/el-mes-de-abril-comienza-con-susto-en-los-mercados-se-inicia-una-fase-menos-sencilla-para-los-mercados-financieros-2\/","url_meta":{"origin":8732,"position":3},"title":"El mes de abril comienza con susto en los mercados: se inicia una fase menos sencilla para los mercados financieros","author":"Capitalia Familiar","date":"2 de abril de 2024","format":false,"excerpt":"Informe diario del martes, 2 de abril de 2024 \u00a0 Sinopsis Hoy en los mercados Ca\u00eddas generalizadas en los mercados financieros, m\u00e1s intensas en el caso de la renta variable tras marcar entre ayer y hoy nuevos m\u00e1ximos. An\u00e1lisis de situaci\u00f3n La desigual evoluci\u00f3n de la econom\u00eda europea y la\u2026","rel":"","context":"En \u00abInforme Diario\u00bb","block_context":{"text":"Informe Diario","link":"https:\/\/capitaliafamiliar.es\/informes\/category\/informediario\/"},"img":{"alt_text":"","src":"https:\/\/i0.wp.com\/capitaliafamiliar.es\/informes\/wp-content\/uploads\/2019\/08\/informediario2.png?resize=350%2C200&ssl=1","width":350,"height":200,"srcset":"https:\/\/i0.wp.com\/capitaliafamiliar.es\/informes\/wp-content\/uploads\/2019\/08\/informediario2.png?resize=350%2C200&ssl=1 1x, https:\/\/i0.wp.com\/capitaliafamiliar.es\/informes\/wp-content\/uploads\/2019\/08\/informediario2.png?resize=525%2C300&ssl=1 1.5x, https:\/\/i0.wp.com\/capitaliafamiliar.es\/informes\/wp-content\/uploads\/2019\/08\/informediario2.png?resize=700%2C400&ssl=1 2x"},"classes":[]},{"id":2660,"url":"https:\/\/capitaliafamiliar.es\/informes\/2019\/08\/30\/informe-diario-viernes-30-de-agosto-de-2019\/","url_meta":{"origin":8732,"position":4},"title":"Informe Diario  Viernes, 30 de agosto de 2019","author":"Capitalia Familiar","date":"30 de agosto de 2019","format":false,"excerpt":"Punto y final para un par\u00e9ntesis estival que ha sido convulso para los mercados. Septiembre se presenta con una agenda pol\u00edtica, econ\u00f3mica y financiera intensa... El mercado sigue confiando en que el BCE apruebe en breve un paquete contundente de est\u00edmulo monetario. A pesar de las declaraciones realizadas en los\u2026","rel":"","context":"En \u00abInforme Diario\u00bb","block_context":{"text":"Informe Diario","link":"https:\/\/capitaliafamiliar.es\/informes\/category\/informediario\/"},"img":{"alt_text":"","src":"https:\/\/i0.wp.com\/capitaliafamiliar.es\/informes\/wp-content\/uploads\/2019\/08\/informediario2.png?resize=350%2C200&ssl=1","width":350,"height":200,"srcset":"https:\/\/i0.wp.com\/capitaliafamiliar.es\/informes\/wp-content\/uploads\/2019\/08\/informediario2.png?resize=350%2C200&ssl=1 1x, https:\/\/i0.wp.com\/capitaliafamiliar.es\/informes\/wp-content\/uploads\/2019\/08\/informediario2.png?resize=525%2C300&ssl=1 1.5x, https:\/\/i0.wp.com\/capitaliafamiliar.es\/informes\/wp-content\/uploads\/2019\/08\/informediario2.png?resize=700%2C400&ssl=1 2x"},"classes":[]},{"id":8937,"url":"https:\/\/capitaliafamiliar.es\/informes\/2023\/02\/28\/4-y-6-los-posibles-techos-para-las-subidas-de-tipos-del-bce-y-de-la-fed-cada-vez-estan-mas-altos\/","url_meta":{"origin":8732,"position":5},"title":"\u00bf4% y 6%? Los posibles techos para las subidas de tipos del BCE y de la Fed cada vez est\u00e1n m\u00e1s altos\u2026","author":"Capitalia Familiar","date":"28 de febrero de 2023","format":false,"excerpt":"Informe diario del martes, 28 de febrero de 2023 \u00a0 Sinopsis Hoy en los mercados M\u00e1s evidencia sobre lo dif\u00edcil que va a ser reducir la inflaci\u00f3n a niveles pr\u00f3ximos al objetivo oficial del 2%. An\u00e1lisis de situaci\u00f3n \u00bf4% y 6%? Los posibles techos para las subidas de tipos del\u2026","rel":"","context":"En \u00abInforme Diario Privado\u00bb","block_context":{"text":"Informe Diario Privado","link":"https:\/\/capitaliafamiliar.es\/informes\/category\/informe-diario-privado\/"},"img":{"alt_text":"","src":"https:\/\/i0.wp.com\/capitaliafamiliar.es\/informes\/wp-content\/uploads\/2019\/08\/informediario2.png?resize=350%2C200&ssl=1","width":350,"height":200,"srcset":"https:\/\/i0.wp.com\/capitaliafamiliar.es\/informes\/wp-content\/uploads\/2019\/08\/informediario2.png?resize=350%2C200&ssl=1 1x, https:\/\/i0.wp.com\/capitaliafamiliar.es\/informes\/wp-content\/uploads\/2019\/08\/informediario2.png?resize=525%2C300&ssl=1 1.5x, https:\/\/i0.wp.com\/capitaliafamiliar.es\/informes\/wp-content\/uploads\/2019\/08\/informediario2.png?resize=700%2C400&ssl=1 2x"},"classes":[]}],"jetpack_sharing_enabled":true,"_links":{"self":[{"href":"https:\/\/capitaliafamiliar.es\/informes\/wp-json\/wp\/v2\/posts\/8732","targetHints":{"allow":["GET"]}}],"collection":[{"href":"https:\/\/capitaliafamiliar.es\/informes\/wp-json\/wp\/v2\/posts"}],"about":[{"href":"https:\/\/capitaliafamiliar.es\/informes\/wp-json\/wp\/v2\/types\/post"}],"author":[{"embeddable":true,"href":"https:\/\/capitaliafamiliar.es\/informes\/wp-json\/wp\/v2\/users\/3"}],"replies":[{"embeddable":true,"href":"https:\/\/capitaliafamiliar.es\/informes\/wp-json\/wp\/v2\/comments?post=8732"}],"version-history":[{"count":1,"href":"https:\/\/capitaliafamiliar.es\/informes\/wp-json\/wp\/v2\/posts\/8732\/revisions"}],"predecessor-version":[{"id":8734,"href":"https:\/\/capitaliafamiliar.es\/informes\/wp-json\/wp\/v2\/posts\/8732\/revisions\/8734"}],"wp:featuredmedia":[{"embeddable":true,"href":"https:\/\/capitaliafamiliar.es\/informes\/wp-json\/wp\/v2\/media\/2525"}],"wp:attachment":[{"href":"https:\/\/capitaliafamiliar.es\/informes\/wp-json\/wp\/v2\/media?parent=8732"}],"wp:term":[{"taxonomy":"category","embeddable":true,"href":"https:\/\/capitaliafamiliar.es\/informes\/wp-json\/wp\/v2\/categories?post=8732"},{"taxonomy":"post_tag","embeddable":true,"href":"https:\/\/capitaliafamiliar.es\/informes\/wp-json\/wp\/v2\/tags?post=8732"}],"curies":[{"name":"wp","href":"https:\/\/api.w.org\/{rel}","templated":true}]}}