{"id":8937,"date":"2023-02-28T17:01:07","date_gmt":"2023-02-28T17:01:07","guid":{"rendered":"https:\/\/capitaliafamiliar.es\/informes\/?p=8937"},"modified":"2023-02-28T17:01:07","modified_gmt":"2023-02-28T17:01:07","slug":"4-y-6-los-posibles-techos-para-las-subidas-de-tipos-del-bce-y-de-la-fed-cada-vez-estan-mas-altos","status":"publish","type":"post","link":"https:\/\/capitaliafamiliar.es\/informes\/2023\/02\/28\/4-y-6-los-posibles-techos-para-las-subidas-de-tipos-del-bce-y-de-la-fed-cada-vez-estan-mas-altos\/","title":{"rendered":"\u00bf4% y 6%? Los posibles techos para las subidas de tipos del BCE y de la Fed cada vez est\u00e1n m\u00e1s altos\u2026"},"content":{"rendered":"<blockquote>\n<p style=\"text-align: justify;\"><span style=\"font-size: 20px;\"><strong>Informe diario del martes, 28 de febrero de 2023<\/strong><\/span><\/p>\n<\/blockquote>\n<p>&nbsp;<\/p>\n<p><span style=\"font-size: 24px; color: #000080;\"><b>Sinopsis<\/b><\/span><\/p>\n<p style=\"text-align: justify;\"><span style=\"font-size: 20px;\"><b><i>Hoy en los mercados<\/i><\/b><\/span><\/p>\n<p style=\"text-align: justify;\"><span style=\"font-size: 20px;\"><i>M\u00e1s evidencia sobre lo dif\u00edcil que va a ser reducir la inflaci\u00f3n a niveles pr\u00f3ximos al objetivo oficial del 2%.<\/i><\/span><i><\/i><\/p>\n<p style=\"text-align: justify;\"><span style=\"font-size: 20px;\"><b><i>An\u00e1lisis de situaci\u00f3n<\/i><\/b><\/span><\/p>\n<p style=\"text-align: justify;\"><span style=\"font-size: 20px;\"><i>\u00bf4% y 6%? Los posibles techos para las subidas de tipos del BCE y de la Fed cada vez est\u00e1n m\u00e1s altos\u2026<\/i><\/span><i><\/i><\/p>\n<p><strong><span style=\"font-size: 24px;\"><span style=\"font-size: 20px;\">Acceda al documento a trav\u00e9s de este v\u00ednculo: <a href=\"https:\/\/capitaliafamiliar.es\/informes\/wp-content\/uploads\/2023\/02\/Informe-Diario-28.02.2023.pdf\">Informe Diario 28.02.2023<\/a><\/span><\/span><\/strong><\/p>\n<p><img loading=\"lazy\" decoding=\"async\" data-attachment-id=\"7415\" data-permalink=\"https:\/\/capitaliafamiliar.es\/informes\/2021\/12\/27\/la-reparacion-de-la-dinamica-alcista-en-las-bolsas-esta-practicamente-completada-pero-falta-volumen-y-una-participacion-mas-generalizada\/invitacion-de-contacto-2\/\" data-orig-file=\"https:\/\/capitaliafamiliar.es\/informes\/wp-content\/uploads\/2021\/12\/Invitacion-de-contacto.jpg\" data-orig-size=\"570,219\" data-comments-opened=\"0\" data-image-meta=\"{&quot;aperture&quot;:&quot;0&quot;,&quot;credit&quot;:&quot;&quot;,&quot;camera&quot;:&quot;&quot;,&quot;caption&quot;:&quot;&quot;,&quot;created_timestamp&quot;:&quot;0&quot;,&quot;copyright&quot;:&quot;&quot;,&quot;focal_length&quot;:&quot;0&quot;,&quot;iso&quot;:&quot;0&quot;,&quot;shutter_speed&quot;:&quot;0&quot;,&quot;title&quot;:&quot;&quot;,&quot;orientation&quot;:&quot;0&quot;}\" data-image-title=\"Invitaci\u00f3n de contacto\" data-image-description=\"\" data-image-caption=\"\" data-large-file=\"https:\/\/capitaliafamiliar.es\/informes\/wp-content\/uploads\/2021\/12\/Invitacion-de-contacto.jpg\" class=\"size-full wp-image-7415 aligncenter\" src=\"https:\/\/capitaliafamiliar.es\/informes\/wp-content\/uploads\/2021\/12\/Invitacion-de-contacto.jpg\" alt=\"\" width=\"0\" height=\"0\" srcset=\"https:\/\/capitaliafamiliar.es\/informes\/wp-content\/uploads\/2021\/12\/Invitacion-de-contacto.jpg 570w, https:\/\/capitaliafamiliar.es\/informes\/wp-content\/uploads\/2021\/12\/Invitacion-de-contacto-300x115.jpg 300w\" sizes=\"(max-width: 570px) 100vw, 570px\" \/><\/p>\n<p style=\"text-align: center;\"><strong>Solicite informaci\u00f3n sobre nuestros servicios de asesoramiento financiero<\/strong><\/p>\n<p style=\"text-align: center;\">Si necesita ayuda para el cuidado de su patrimonio, no dude en ponerse en contacto con nosotros, sin compromiso.<\/p>\n<p style=\"text-align: center;\">Tel\u00e9fono:\u00a0\u00a0 91 770\u00a0 22 84<\/p>\n<p style=\"text-align: center;\">Correo electr\u00f3nico:\u00a0\u00a0 capitaliafamiliar@capitaliafamiliar.es<\/p>\n","protected":false},"excerpt":{"rendered":"<p>Informe diario del martes, 28 de febrero de 2023 &nbsp; Sinopsis Hoy en los mercados M&aacute;s evidencia sobre lo dif&iacute;cil que va a ser reducir la inflaci&oacute;n a niveles pr&oacute;ximos al objetivo oficial del 2%. An&aacute;lisis de situaci&oacute;n &iquest;4% y 6%? Los posibles techos para las subidas de tipos del BCE y de la Fed [&hellip;]<\/p>\n","protected":false},"author":3,"featured_media":2525,"comment_status":"closed","ping_status":"closed","sticky":false,"template":"","format":"standard","meta":{"_et_pb_use_builder":"","_et_pb_old_content":"","_et_gb_content_width":"","jetpack_post_was_ever_published":false,"_jetpack_newsletter_access":"","_jetpack_dont_email_post_to_subs":false,"_jetpack_newsletter_tier_id":0,"_jetpack_memberships_contains_paywalled_content":false,"_jetpack_memberships_contains_paid_content":false,"footnotes":""},"categories":[9],"tags":[],"class_list":["post-8937","post","type-post","status-publish","format-standard","has-post-thumbnail","hentry","category-informe-diario-privado"],"jetpack_featured_media_url":"https:\/\/capitaliafamiliar.es\/informes\/wp-content\/uploads\/2019\/08\/informediario2.png","jetpack_shortlink":"https:\/\/wp.me\/pa2IGq-2k9","jetpack-related-posts":[{"id":8941,"url":"https:\/\/capitaliafamiliar.es\/informes\/2023\/02\/28\/4-y-6-los-posibles-techos-para-las-subidas-de-tipos-del-bce-y-de-la-fed-cada-vez-estan-mas-altos-2\/","url_meta":{"origin":8937,"position":0},"title":"\u00bf4% y 6%? Los posibles techos para las subidas de tipos del BCE y de la Fed cada vez est\u00e1n m\u00e1s altos\u2026","author":"Capitalia Familiar","date":"28 de febrero de 2023","format":false,"excerpt":"Informe diario del martes, 28 de febrero de 2023 \u00a0 Sinopsis Hoy en los mercados M\u00e1s evidencia sobre lo dif\u00edcil que va a ser reducir la inflaci\u00f3n a niveles pr\u00f3ximos al objetivo oficial del 2%. An\u00e1lisis de situaci\u00f3n \u00bf4% y 6%? Los posibles techos para las subidas de tipos del\u2026","rel":"","context":"En \u00abInforme Diario\u00bb","block_context":{"text":"Informe Diario","link":"https:\/\/capitaliafamiliar.es\/informes\/category\/informediario\/"},"img":{"alt_text":"","src":"https:\/\/i0.wp.com\/capitaliafamiliar.es\/informes\/wp-content\/uploads\/2019\/08\/informediario2.png?resize=350%2C200&ssl=1","width":350,"height":200,"srcset":"https:\/\/i0.wp.com\/capitaliafamiliar.es\/informes\/wp-content\/uploads\/2019\/08\/informediario2.png?resize=350%2C200&ssl=1 1x, https:\/\/i0.wp.com\/capitaliafamiliar.es\/informes\/wp-content\/uploads\/2019\/08\/informediario2.png?resize=525%2C300&ssl=1 1.5x, https:\/\/i0.wp.com\/capitaliafamiliar.es\/informes\/wp-content\/uploads\/2019\/08\/informediario2.png?resize=700%2C400&ssl=1 2x"},"classes":[]},{"id":1781,"url":"https:\/\/capitaliafamiliar.es\/informes\/2019\/03\/21\/informe-diario-jueves-21-de-marzo-de-2019\/","url_meta":{"origin":8937,"position":1},"title":"Informe Diario  Jueves, 21 de marzo de 2019","author":"Capitalia Familiar","date":"21 de marzo de 2019","format":false,"excerpt":"La Fed satisface a los mercados, y los mercados lo celebran. La autoridad monetaria estadounidense le dio anoche a los mercados lo que los mercados ped\u00edan: no m\u00e1s subidas de tipos y el anuncio de terminaci\u00f3n temprana del proceso de normalizaci\u00f3n (reducci\u00f3n) del tama\u00f1o de su balance. Salvo que en\u2026","rel":"","context":"En \u00abInforme Diario\u00bb","block_context":{"text":"Informe Diario","link":"https:\/\/capitaliafamiliar.es\/informes\/category\/informediario\/"},"img":{"alt_text":"","src":"https:\/\/i0.wp.com\/capitaliafamiliar.es\/informes\/wp-content\/uploads\/2018\/07\/informediario2.png?resize=350%2C200&ssl=1","width":350,"height":200,"srcset":"https:\/\/i0.wp.com\/capitaliafamiliar.es\/informes\/wp-content\/uploads\/2018\/07\/informediario2.png?resize=350%2C200&ssl=1 1x, https:\/\/i0.wp.com\/capitaliafamiliar.es\/informes\/wp-content\/uploads\/2018\/07\/informediario2.png?resize=525%2C300&ssl=1 1.5x, https:\/\/i0.wp.com\/capitaliafamiliar.es\/informes\/wp-content\/uploads\/2018\/07\/informediario2.png?resize=700%2C400&ssl=1 2x"},"classes":[]},{"id":8149,"url":"https:\/\/capitaliafamiliar.es\/informes\/2022\/10\/28\/las-bolsas-continuan-celebrando-los-pesimos-datos-macroeconomicos-conocidos-confiando-en-que-la-fed-suavizara-las-subidas-de-tipos-de-interes\/","url_meta":{"origin":8937,"position":2},"title":"Las bolsas contin\u00faan celebrando los p\u00e9simos datos macroecon\u00f3micos conocidos, confiando en que la Fed suavizar\u00e1 las subidas de tipos de inter\u00e9s","author":"Capitalia Familiar","date":"28 de octubre de 2022","format":false,"excerpt":"Informe diario del viernes, 28 de octubre de 2022 \u00a0 Sinopsis Hoy en los mercados\u2026 Las bolsas se mantienen en zona de m\u00e1ximos. An\u00e1lisis de situaci\u00f3n y perspectivas Las bolsas contin\u00faan celebrando los p\u00e9simos datos macroecon\u00f3micos conocidos, confiando en que la Fed suavizar\u00e1 las subidas de tipos de inter\u00e9s. \u00a0\u2026","rel":"","context":"En \u00abInforme Diario\u00bb","block_context":{"text":"Informe Diario","link":"https:\/\/capitaliafamiliar.es\/informes\/category\/informediario\/"},"img":{"alt_text":"","src":"https:\/\/i0.wp.com\/capitaliafamiliar.es\/informes\/wp-content\/uploads\/2019\/08\/informediario2.png?resize=350%2C200&ssl=1","width":350,"height":200,"srcset":"https:\/\/i0.wp.com\/capitaliafamiliar.es\/informes\/wp-content\/uploads\/2019\/08\/informediario2.png?resize=350%2C200&ssl=1 1x, https:\/\/i0.wp.com\/capitaliafamiliar.es\/informes\/wp-content\/uploads\/2019\/08\/informediario2.png?resize=525%2C300&ssl=1 1.5x, https:\/\/i0.wp.com\/capitaliafamiliar.es\/informes\/wp-content\/uploads\/2019\/08\/informediario2.png?resize=700%2C400&ssl=1 2x"},"classes":[]},{"id":7364,"url":"https:\/\/capitaliafamiliar.es\/informes\/2021\/12\/16\/los-principales-bancos-centrales-fed-bce-y-boe-endurecen-su-politica-monetaria\/","url_meta":{"origin":8937,"position":3},"title":"Los principales bancos centrales (Fed, BCE y BoE) endurecen su pol\u00edtica monetaria&#8230;","author":"Capitalia Familiar","date":"16 de diciembre de 2021","format":false,"excerpt":"Informe diario del jueves, 16 de diciembre de 2021 Los principales bancos centrales (Fed, BCE y BoE) endurecen su pol\u00edtica monetaria. Los principales bancos centrales del planeta han confirmado, tras la celebraci\u00f3n de sus respectivas reuniones, el giro hacia una pol\u00edtica monetaria m\u00e1s restrictiva como consecuencia de la subida de\u2026","rel":"","context":"En \u00abInforme Diario\u00bb","block_context":{"text":"Informe Diario","link":"https:\/\/capitaliafamiliar.es\/informes\/category\/informediario\/"},"img":{"alt_text":"","src":"https:\/\/i0.wp.com\/capitaliafamiliar.es\/informes\/wp-content\/uploads\/2019\/08\/informediario2.png?resize=350%2C200&ssl=1","width":350,"height":200,"srcset":"https:\/\/i0.wp.com\/capitaliafamiliar.es\/informes\/wp-content\/uploads\/2019\/08\/informediario2.png?resize=350%2C200&ssl=1 1x, https:\/\/i0.wp.com\/capitaliafamiliar.es\/informes\/wp-content\/uploads\/2019\/08\/informediario2.png?resize=525%2C300&ssl=1 1.5x, https:\/\/i0.wp.com\/capitaliafamiliar.es\/informes\/wp-content\/uploads\/2019\/08\/informediario2.png?resize=700%2C400&ssl=1 2x"},"classes":[]},{"id":11133,"url":"https:\/\/capitaliafamiliar.es\/informes\/2024\/04\/11\/nuevo-escenario-para-los-mercados-la-fed-y-el-bce-podrian-no-sincronizarse-para-bajar-los-tipos-de-interes\/","url_meta":{"origin":8937,"position":4},"title":"\u00bfNuevo escenario para los mercados? La Fed y el BCE podr\u00edan no sincronizarse para bajar los tipos de inter\u00e9s","author":"Capitalia Familiar","date":"11 de abril de 2024","format":false,"excerpt":"Informe diario del jueves, 11 de abril de 2024 \u00a0 Sinopsis Hoy en los mercados Descensos moderados tanto en los mercados de renta fija como en los de renta variable, que contin\u00faan con su proceso consolidativo. An\u00e1lisis de situaci\u00f3n Se abre un nuevo escenario para los mercados: ya no puede\u2026","rel":"","context":"En \u00abInforme Diario Privado\u00bb","block_context":{"text":"Informe Diario Privado","link":"https:\/\/capitaliafamiliar.es\/informes\/category\/informe-diario-privado\/"},"img":{"alt_text":"","src":"https:\/\/i0.wp.com\/capitaliafamiliar.es\/informes\/wp-content\/uploads\/2019\/08\/informediario2.png?resize=350%2C200&ssl=1","width":350,"height":200,"srcset":"https:\/\/i0.wp.com\/capitaliafamiliar.es\/informes\/wp-content\/uploads\/2019\/08\/informediario2.png?resize=350%2C200&ssl=1 1x, https:\/\/i0.wp.com\/capitaliafamiliar.es\/informes\/wp-content\/uploads\/2019\/08\/informediario2.png?resize=525%2C300&ssl=1 1.5x, https:\/\/i0.wp.com\/capitaliafamiliar.es\/informes\/wp-content\/uploads\/2019\/08\/informediario2.png?resize=700%2C400&ssl=1 2x"},"classes":[]},{"id":2772,"url":"https:\/\/capitaliafamiliar.es\/informes\/2019\/09\/23\/informe-diario-lunes-23-de-septiembre-de-2019\/","url_meta":{"origin":8937,"position":5},"title":"Informe Diario  Lunes, 23 de septiembre de 2019","author":"Capitalia Familiar","date":"23 de septiembre de 2019","format":false,"excerpt":"Contin\u00faan empeorando las perspectivas para la Eurozona, a la par que se deteriora la confianza en la pol\u00edtica del BCE... Prosigue el deterioro de la econom\u00eda de la Eurozona, mientras que la pol\u00edtica monetaria del BCE suscita cada vez m\u00e1s dudas y cr\u00edticas. Los \u00edndices de gestores de compras del\u2026","rel":"","context":"En \u00abInforme Diario\u00bb","block_context":{"text":"Informe Diario","link":"https:\/\/capitaliafamiliar.es\/informes\/category\/informediario\/"},"img":{"alt_text":"","src":"https:\/\/i0.wp.com\/capitaliafamiliar.es\/informes\/wp-content\/uploads\/2019\/08\/informediario2.png?resize=350%2C200&ssl=1","width":350,"height":200,"srcset":"https:\/\/i0.wp.com\/capitaliafamiliar.es\/informes\/wp-content\/uploads\/2019\/08\/informediario2.png?resize=350%2C200&ssl=1 1x, https:\/\/i0.wp.com\/capitaliafamiliar.es\/informes\/wp-content\/uploads\/2019\/08\/informediario2.png?resize=525%2C300&ssl=1 1.5x, https:\/\/i0.wp.com\/capitaliafamiliar.es\/informes\/wp-content\/uploads\/2019\/08\/informediario2.png?resize=700%2C400&ssl=1 2x"},"classes":[]}],"jetpack_sharing_enabled":true,"_links":{"self":[{"href":"https:\/\/capitaliafamiliar.es\/informes\/wp-json\/wp\/v2\/posts\/8937","targetHints":{"allow":["GET"]}}],"collection":[{"href":"https:\/\/capitaliafamiliar.es\/informes\/wp-json\/wp\/v2\/posts"}],"about":[{"href":"https:\/\/capitaliafamiliar.es\/informes\/wp-json\/wp\/v2\/types\/post"}],"author":[{"embeddable":true,"href":"https:\/\/capitaliafamiliar.es\/informes\/wp-json\/wp\/v2\/users\/3"}],"replies":[{"embeddable":true,"href":"https:\/\/capitaliafamiliar.es\/informes\/wp-json\/wp\/v2\/comments?post=8937"}],"version-history":[{"count":1,"href":"https:\/\/capitaliafamiliar.es\/informes\/wp-json\/wp\/v2\/posts\/8937\/revisions"}],"predecessor-version":[{"id":8939,"href":"https:\/\/capitaliafamiliar.es\/informes\/wp-json\/wp\/v2\/posts\/8937\/revisions\/8939"}],"wp:featuredmedia":[{"embeddable":true,"href":"https:\/\/capitaliafamiliar.es\/informes\/wp-json\/wp\/v2\/media\/2525"}],"wp:attachment":[{"href":"https:\/\/capitaliafamiliar.es\/informes\/wp-json\/wp\/v2\/media?parent=8937"}],"wp:term":[{"taxonomy":"category","embeddable":true,"href":"https:\/\/capitaliafamiliar.es\/informes\/wp-json\/wp\/v2\/categories?post=8937"},{"taxonomy":"post_tag","embeddable":true,"href":"https:\/\/capitaliafamiliar.es\/informes\/wp-json\/wp\/v2\/tags?post=8937"}],"curies":[{"name":"wp","href":"https:\/\/api.w.org\/{rel}","templated":true}]}}