{"id":8984,"date":"2023-03-07T17:22:39","date_gmt":"2023-03-07T17:22:39","guid":{"rendered":"https:\/\/capitaliafamiliar.es\/informes\/?p=8984"},"modified":"2023-03-07T17:22:39","modified_gmt":"2023-03-07T17:22:39","slug":"la-reserva-federal-endurece-su-discurso-ante-la-realidad-de-los-datos-macroeconomicos-y-pone-en-cuestion-el-rebote-del-mercado","status":"publish","type":"post","link":"https:\/\/capitaliafamiliar.es\/informes\/2023\/03\/07\/la-reserva-federal-endurece-su-discurso-ante-la-realidad-de-los-datos-macroeconomicos-y-pone-en-cuestion-el-rebote-del-mercado\/","title":{"rendered":"La Reserva Federal endurece su discurso ante la realidad de los datos macroecon\u00f3micos y pone en cuesti\u00f3n el rebote del mercado."},"content":{"rendered":"<blockquote>\n<p style=\"text-align: justify;\"><span style=\"font-size: 20px;\"><strong>Informe diario del martes, 7 de marzo de 2023<\/strong><\/span><\/p>\n<\/blockquote>\n<p>&nbsp;<\/p>\n<p><span style=\"font-size: 24px; color: #000080;\"><b>Sinopsis<\/b><\/span><\/p>\n<p style=\"text-align: justify;\"><span style=\"font-size: 20px;\"><b><i>Hoy en los mercados<\/i><\/b><\/span><\/p>\n<p style=\"text-align: justify;\"><span style=\"font-size: 20px;\"><i>Powell reconoci\u00f3 que la Reserva Federal se ver\u00e1 obligada a subir los tipos por encima de lo previsto.<\/i><\/span><i><\/i><\/p>\n<p style=\"text-align: justify;\"><span style=\"font-size: 20px;\"><b><i>An\u00e1lisis de situaci\u00f3n<\/i><\/b><\/span><\/p>\n<p style=\"text-align: justify;\"><span style=\"font-size: 20px;\"><i>La realidad econ\u00f3mica ha terminado obligando a la Fed a endurecer su discurso, y muy probablemente terminar\u00e1 provocando un cambio de sentimiento en el mercado.<\/i><\/span><i><\/i><\/p>\n<p><strong><span style=\"font-size: 24px;\"><span style=\"font-size: 20px;\">Acceda al documento a trav\u00e9s de este v\u00ednculo: <a href=\"https:\/\/capitaliafamiliar.es\/informes\/wp-content\/uploads\/2023\/03\/Informe-Diario-07.03.2023.pdf\">Informe Diario 07.03.2023<\/a><\/span><\/span><\/strong><\/p>\n<p><img loading=\"lazy\" decoding=\"async\" data-attachment-id=\"7415\" data-permalink=\"https:\/\/capitaliafamiliar.es\/informes\/2021\/12\/27\/la-reparacion-de-la-dinamica-alcista-en-las-bolsas-esta-practicamente-completada-pero-falta-volumen-y-una-participacion-mas-generalizada\/invitacion-de-contacto-2\/\" data-orig-file=\"https:\/\/capitaliafamiliar.es\/informes\/wp-content\/uploads\/2021\/12\/Invitacion-de-contacto.jpg\" data-orig-size=\"570,219\" data-comments-opened=\"0\" data-image-meta=\"{&quot;aperture&quot;:&quot;0&quot;,&quot;credit&quot;:&quot;&quot;,&quot;camera&quot;:&quot;&quot;,&quot;caption&quot;:&quot;&quot;,&quot;created_timestamp&quot;:&quot;0&quot;,&quot;copyright&quot;:&quot;&quot;,&quot;focal_length&quot;:&quot;0&quot;,&quot;iso&quot;:&quot;0&quot;,&quot;shutter_speed&quot;:&quot;0&quot;,&quot;title&quot;:&quot;&quot;,&quot;orientation&quot;:&quot;0&quot;}\" data-image-title=\"Invitaci\u00f3n de contacto\" data-image-description=\"\" data-image-caption=\"\" data-large-file=\"https:\/\/capitaliafamiliar.es\/informes\/wp-content\/uploads\/2021\/12\/Invitacion-de-contacto.jpg\" class=\"size-full wp-image-7415 aligncenter\" src=\"https:\/\/capitaliafamiliar.es\/informes\/wp-content\/uploads\/2021\/12\/Invitacion-de-contacto.jpg\" alt=\"\" width=\"0\" height=\"0\" srcset=\"https:\/\/capitaliafamiliar.es\/informes\/wp-content\/uploads\/2021\/12\/Invitacion-de-contacto.jpg 570w, https:\/\/capitaliafamiliar.es\/informes\/wp-content\/uploads\/2021\/12\/Invitacion-de-contacto-300x115.jpg 300w\" sizes=\"(max-width: 570px) 100vw, 570px\" \/><\/p>\n<p style=\"text-align: center;\"><strong>Solicite informaci\u00f3n sobre nuestros servicios de asesoramiento financiero<\/strong><\/p>\n<p style=\"text-align: center;\">Si necesita ayuda para el cuidado de su patrimonio, no dude en ponerse en contacto con nosotros, sin compromiso.<\/p>\n<p style=\"text-align: center;\">Tel\u00e9fono:\u00a0\u00a0 91 770\u00a0 22 84<\/p>\n<p style=\"text-align: center;\">Correo electr\u00f3nico:\u00a0\u00a0 capitaliafamiliar@capitaliafamiliar.es<\/p>\n","protected":false},"excerpt":{"rendered":"<p>Informe diario del martes, 7 de marzo de 2023 &nbsp; Sinopsis Hoy en los mercados Powell reconoci&oacute; que la Reserva Federal se ver&aacute; obligada a subir los tipos por encima de lo previsto. An&aacute;lisis de situaci&oacute;n La realidad econ&oacute;mica ha terminado obligando a la Fed a endurecer su discurso, y muy probablemente terminar&aacute; provocando un [&hellip;]<\/p>\n","protected":false},"author":2,"featured_media":2525,"comment_status":"closed","ping_status":"closed","sticky":false,"template":"","format":"standard","meta":{"_et_pb_use_builder":"","_et_pb_old_content":"","_et_gb_content_width":"","jetpack_post_was_ever_published":false,"_jetpack_newsletter_access":"","_jetpack_dont_email_post_to_subs":false,"_jetpack_newsletter_tier_id":0,"_jetpack_memberships_contains_paywalled_content":false,"_jetpack_memberships_contains_paid_content":false,"footnotes":""},"categories":[9],"tags":[],"class_list":["post-8984","post","type-post","status-publish","format-standard","has-post-thumbnail","hentry","category-informe-diario-privado"],"jetpack_featured_media_url":"https:\/\/capitaliafamiliar.es\/informes\/wp-content\/uploads\/2019\/08\/informediario2.png","jetpack_shortlink":"https:\/\/wp.me\/pa2IGq-2kU","jetpack-related-posts":[{"id":8988,"url":"https:\/\/capitaliafamiliar.es\/informes\/2023\/03\/07\/la-reserva-federal-endurece-su-discurso-ante-la-realidad-de-los-datos-macroeconomicos-y-pone-en-cuestion-el-rebote-del-mercado-2\/","url_meta":{"origin":8984,"position":0},"title":"La Reserva Federal endurece su discurso ante la realidad de los datos macroecon\u00f3micos y pone en cuesti\u00f3n el rebote del mercado.","author":"Capitalia Familiar","date":"7 de marzo de 2023","format":false,"excerpt":"Informe diario del martes, 7 de marzo de 2023 \u00a0 Sinopsis Hoy en los mercados Powell reconoci\u00f3 que la Reserva Federal se ver\u00e1 obligada a subir los tipos por encima de lo previsto. An\u00e1lisis de situaci\u00f3n La realidad econ\u00f3mica ha terminado obligando a la Fed a endurecer su discurso, y\u2026","rel":"","context":"En \u00abInforme Diario\u00bb","block_context":{"text":"Informe Diario","link":"https:\/\/capitaliafamiliar.es\/informes\/category\/informediario\/"},"img":{"alt_text":"","src":"https:\/\/i0.wp.com\/capitaliafamiliar.es\/informes\/wp-content\/uploads\/2019\/08\/informediario2.png?resize=350%2C200&ssl=1","width":350,"height":200,"srcset":"https:\/\/i0.wp.com\/capitaliafamiliar.es\/informes\/wp-content\/uploads\/2019\/08\/informediario2.png?resize=350%2C200&ssl=1 1x, https:\/\/i0.wp.com\/capitaliafamiliar.es\/informes\/wp-content\/uploads\/2019\/08\/informediario2.png?resize=525%2C300&ssl=1 1.5x, https:\/\/i0.wp.com\/capitaliafamiliar.es\/informes\/wp-content\/uploads\/2019\/08\/informediario2.png?resize=700%2C400&ssl=1 2x"},"classes":[]},{"id":6608,"url":"https:\/\/capitaliafamiliar.es\/informes\/2021\/07\/29\/informe-diario-jueves-29-de-julio-de-2021\/","url_meta":{"origin":8984,"position":1},"title":"Informe Diario  Jueves, 29 de julio de 2021","author":"Capitalia Familiar","date":"29 de julio de 2021","format":false,"excerpt":"La Reserva Federal permite al mercado mantener el pulso del rebote... La Reserva Federal permite al mercado mantener el pulso del rebote. No hubo cambios significativos en el comunicado de la Reserva Federal. La autoridad monetaria reconoci\u00f3 progresos en el mercado laboral y en la inflaci\u00f3n, pero no endureci\u00f3 su\u2026","rel":"","context":"En \u00abInforme Diario\u00bb","block_context":{"text":"Informe Diario","link":"https:\/\/capitaliafamiliar.es\/informes\/category\/informediario\/"},"img":{"alt_text":"","src":"https:\/\/i0.wp.com\/capitaliafamiliar.es\/informes\/wp-content\/uploads\/2019\/08\/informediario2.png?resize=350%2C200&ssl=1","width":350,"height":200,"srcset":"https:\/\/i0.wp.com\/capitaliafamiliar.es\/informes\/wp-content\/uploads\/2019\/08\/informediario2.png?resize=350%2C200&ssl=1 1x, https:\/\/i0.wp.com\/capitaliafamiliar.es\/informes\/wp-content\/uploads\/2019\/08\/informediario2.png?resize=525%2C300&ssl=1 1.5x, https:\/\/i0.wp.com\/capitaliafamiliar.es\/informes\/wp-content\/uploads\/2019\/08\/informediario2.png?resize=700%2C400&ssl=1 2x"},"classes":[]},{"id":10601,"url":"https:\/\/capitaliafamiliar.es\/informes\/2023\/12\/19\/el-banco-de-japon-sigue-a-la-reserva-federal-y-suaviza-su-discurso-ante-la-elevada-incertidumbre\/","url_meta":{"origin":8984,"position":2},"title":"El Banco de Jap\u00f3n sigue a la Reserva Federal y suaviza su discurso ante la &#8220;elevada incertidumbre&#8221;","author":"Capitalia Familiar","date":"19 de diciembre de 2023","format":false,"excerpt":"Informe diario del martes, 19 de diciembre de 2023 \u00a0 Sinopsis Hoy en los mercados El Banco de Jap\u00f3n sigui\u00f3 los pasos de la Reserva Federal y los mercados financieros registraron subidas moderadas. An\u00e1lisis de situaci\u00f3n La din\u00e1mica alcista se mantiene pero pierde fuerza, por lo que ganar\u00eda peso la\u2026","rel":"","context":"En \u00abInforme Diario Privado\u00bb","block_context":{"text":"Informe Diario Privado","link":"https:\/\/capitaliafamiliar.es\/informes\/category\/informe-diario-privado\/"},"img":{"alt_text":"","src":"https:\/\/i0.wp.com\/capitaliafamiliar.es\/informes\/wp-content\/uploads\/2019\/08\/informediario2.png?resize=350%2C200&ssl=1","width":350,"height":200,"srcset":"https:\/\/i0.wp.com\/capitaliafamiliar.es\/informes\/wp-content\/uploads\/2019\/08\/informediario2.png?resize=350%2C200&ssl=1 1x, https:\/\/i0.wp.com\/capitaliafamiliar.es\/informes\/wp-content\/uploads\/2019\/08\/informediario2.png?resize=525%2C300&ssl=1 1.5x, https:\/\/i0.wp.com\/capitaliafamiliar.es\/informes\/wp-content\/uploads\/2019\/08\/informediario2.png?resize=700%2C400&ssl=1 2x"},"classes":[]},{"id":10606,"url":"https:\/\/capitaliafamiliar.es\/informes\/2023\/12\/19\/el-banco-de-japon-sigue-a-la-reserva-federal-y-suaviza-su-discurso-ante-la-elevada-incertidumbre-2\/","url_meta":{"origin":8984,"position":3},"title":"El Banco de Jap\u00f3n sigue a la Reserva Federal y suaviza su discurso ante la &#8220;elevada incertidumbre&#8221;","author":"Capitalia Familiar","date":"19 de diciembre de 2023","format":false,"excerpt":"Informe diario del martes, 19 de diciembre de 2023 \u00a0 Sinopsis Hoy en los mercados El Banco de Jap\u00f3n sigui\u00f3 los pasos de la Reserva Federal y los mercados financieros registraron subidas moderadas. An\u00e1lisis de situaci\u00f3n La din\u00e1mica alcista se mantiene pero pierde fuerza, por lo que ganar\u00eda peso la\u2026","rel":"","context":"En \u00abInforme Diario\u00bb","block_context":{"text":"Informe Diario","link":"https:\/\/capitaliafamiliar.es\/informes\/category\/informediario\/"},"img":{"alt_text":"","src":"https:\/\/i0.wp.com\/capitaliafamiliar.es\/informes\/wp-content\/uploads\/2019\/08\/informediario2.png?resize=350%2C200&ssl=1","width":350,"height":200,"srcset":"https:\/\/i0.wp.com\/capitaliafamiliar.es\/informes\/wp-content\/uploads\/2019\/08\/informediario2.png?resize=350%2C200&ssl=1 1x, https:\/\/i0.wp.com\/capitaliafamiliar.es\/informes\/wp-content\/uploads\/2019\/08\/informediario2.png?resize=525%2C300&ssl=1 1.5x, https:\/\/i0.wp.com\/capitaliafamiliar.es\/informes\/wp-content\/uploads\/2019\/08\/informediario2.png?resize=700%2C400&ssl=1 2x"},"classes":[]},{"id":7825,"url":"https:\/\/capitaliafamiliar.es\/informes\/2022\/06\/15\/la-reserva-federal-y-el-bce-necesitan-recuperar-rapidamente-la-confianza-perdida-del-mercado\/","url_meta":{"origin":8984,"position":4},"title":"La Reserva Federal (y el BCE) necesitan recuperar r\u00e1pidamente la confianza perdida del mercado&#8230;","author":"Capitalia Familiar","date":"15 de junio de 2022","format":false,"excerpt":"Informe diario del mi\u00e9rcoles, 15 de junio de 2022 \u00a0 Sinopsis Hoy en los mercados\u2026 A la espera de la Reserva Federal... An\u00e1lisis de situaci\u00f3n y perspectivas La Reserva Federal (y tambi\u00e9n el BCE) necesitan recuperar r\u00e1pidamente la confianza perdida del mercado en que ser\u00e1n capaces de contener las actuales\u2026","rel":"","context":"En \u00abInforme Diario\u00bb","block_context":{"text":"Informe Diario","link":"https:\/\/capitaliafamiliar.es\/informes\/category\/informediario\/"},"img":{"alt_text":"","src":"https:\/\/i0.wp.com\/capitaliafamiliar.es\/informes\/wp-content\/uploads\/2019\/08\/informediario2.png?resize=350%2C200&ssl=1","width":350,"height":200,"srcset":"https:\/\/i0.wp.com\/capitaliafamiliar.es\/informes\/wp-content\/uploads\/2019\/08\/informediario2.png?resize=350%2C200&ssl=1 1x, https:\/\/i0.wp.com\/capitaliafamiliar.es\/informes\/wp-content\/uploads\/2019\/08\/informediario2.png?resize=525%2C300&ssl=1 1.5x, https:\/\/i0.wp.com\/capitaliafamiliar.es\/informes\/wp-content\/uploads\/2019\/08\/informediario2.png?resize=700%2C400&ssl=1 2x"},"classes":[]},{"id":2252,"url":"https:\/\/capitaliafamiliar.es\/informes\/2019\/06\/17\/informe-diario-lunes-17-de-junio-de-2019\/","url_meta":{"origin":8984,"position":5},"title":"Informe Diario  Lunes, 17 de junio de 2019","author":"Capitalia Familiar","date":"17 de junio de 2019","format":false,"excerpt":"Pendientes de la Reserva Federal. Los mercados se mantienen en din\u00e1mica lateral, a la espera de las conclusiones de la reuni\u00f3n que la Fed celebrar\u00e1 ma\u00f1ana martes y el mi\u00e9rcoles. Si la autoridad monetaria norteamericana no anticipara a esta semana el recorte de su tipo de inter\u00e9s, es previsible que\u2026","rel":"","context":"En \u00abInforme Diario\u00bb","block_context":{"text":"Informe Diario","link":"https:\/\/capitaliafamiliar.es\/informes\/category\/informediario\/"},"img":{"alt_text":"","src":"https:\/\/i0.wp.com\/capitaliafamiliar.es\/informes\/wp-content\/uploads\/2018\/07\/informediario2.png?resize=350%2C200&ssl=1","width":350,"height":200,"srcset":"https:\/\/i0.wp.com\/capitaliafamiliar.es\/informes\/wp-content\/uploads\/2018\/07\/informediario2.png?resize=350%2C200&ssl=1 1x, https:\/\/i0.wp.com\/capitaliafamiliar.es\/informes\/wp-content\/uploads\/2018\/07\/informediario2.png?resize=525%2C300&ssl=1 1.5x, https:\/\/i0.wp.com\/capitaliafamiliar.es\/informes\/wp-content\/uploads\/2018\/07\/informediario2.png?resize=700%2C400&ssl=1 2x"},"classes":[]}],"jetpack_sharing_enabled":true,"_links":{"self":[{"href":"https:\/\/capitaliafamiliar.es\/informes\/wp-json\/wp\/v2\/posts\/8984","targetHints":{"allow":["GET"]}}],"collection":[{"href":"https:\/\/capitaliafamiliar.es\/informes\/wp-json\/wp\/v2\/posts"}],"about":[{"href":"https:\/\/capitaliafamiliar.es\/informes\/wp-json\/wp\/v2\/types\/post"}],"author":[{"embeddable":true,"href":"https:\/\/capitaliafamiliar.es\/informes\/wp-json\/wp\/v2\/users\/2"}],"replies":[{"embeddable":true,"href":"https:\/\/capitaliafamiliar.es\/informes\/wp-json\/wp\/v2\/comments?post=8984"}],"version-history":[{"count":1,"href":"https:\/\/capitaliafamiliar.es\/informes\/wp-json\/wp\/v2\/posts\/8984\/revisions"}],"predecessor-version":[{"id":8986,"href":"https:\/\/capitaliafamiliar.es\/informes\/wp-json\/wp\/v2\/posts\/8984\/revisions\/8986"}],"wp:featuredmedia":[{"embeddable":true,"href":"https:\/\/capitaliafamiliar.es\/informes\/wp-json\/wp\/v2\/media\/2525"}],"wp:attachment":[{"href":"https:\/\/capitaliafamiliar.es\/informes\/wp-json\/wp\/v2\/media?parent=8984"}],"wp:term":[{"taxonomy":"category","embeddable":true,"href":"https:\/\/capitaliafamiliar.es\/informes\/wp-json\/wp\/v2\/categories?post=8984"},{"taxonomy":"post_tag","embeddable":true,"href":"https:\/\/capitaliafamiliar.es\/informes\/wp-json\/wp\/v2\/tags?post=8984"}],"curies":[{"name":"wp","href":"https:\/\/api.w.org\/{rel}","templated":true}]}}