{"id":9748,"date":"2023-07-14T12:19:53","date_gmt":"2023-07-14T12:19:53","guid":{"rendered":"https:\/\/capitaliafamiliar.es\/informes\/?p=9748"},"modified":"2023-07-14T12:19:53","modified_gmt":"2023-07-14T12:19:53","slug":"punto-de-mira-a-fondo-proshares-short-qqq-e-ishares-nasdaq-100","status":"publish","type":"post","link":"https:\/\/capitaliafamiliar.es\/informes\/2023\/07\/14\/punto-de-mira-a-fondo-proshares-short-qqq-e-ishares-nasdaq-100\/","title":{"rendered":"PUNTO DE MIRA A FONDO | PROSHARES SHORT QQQ e ISHARES NASDAQ 100"},"content":{"rendered":"<p><span style=\"font-size: 24px; color: #800080;\"><b>Descripci\u00f3n<\/b><\/span><\/p>\n<p style=\"text-align: justify;\"><span style=\"font-size: 16px;\">Presentamos a continuaci\u00f3n los ETFs PROSHARES SHORT QQQ (ETF que se beneficia de la ca\u00edda del tecnol\u00f3gico Nasdaq 100) e ISHARES NASDAQ 100 (ETF que nos permitir\u00e1 participar de las subidas del \u00edndice tecnol\u00f3gico), que podr\u00edan ser de inter\u00e9s para los pr\u00f3ximos meses.<\/span><\/p>\n<p>&nbsp;<\/p>\n<p><strong><span style=\"font-size: 24px;\">Acceda a los documentos a trav\u00e9s de los siguientes v\u00ednculos: <a href=\"https:\/\/capitaliafamiliar.es\/informes\/wp-content\/uploads\/2023\/07\/PUNTO-DE-MIRA-A-FONDO-PROSHARES-SHORT-QQQ.pdf\">PUNTO DE MIRA A FONDO &#8211; PROSHARES SHORT QQQ<\/a> y <a href=\"https:\/\/capitaliafamiliar.es\/informes\/wp-content\/uploads\/2023\/07\/PUNTO-DE-MIRA-A-FONDO-ISHARES-NASDAQ-100.pdf\">PUNTO DE MIRA A FONDO &#8211; ISHARES NASDAQ 100<\/a><\/span><\/strong><\/p>\n<p>&nbsp;<\/p>\n<p style=\"text-align: center;\"><strong>Solicite informaci\u00f3n sobre nuestros servicios de asesoramiento financiero<\/strong><\/p>\n<p style=\"text-align: center;\">Si necesita ayuda para el cuidado de su patrimonio, no dude en ponerse en contacto con nosotros, sin compromiso.<\/p>\n<p style=\"text-align: center;\">Tel\u00e9fono:\u00a0\u00a0 91 770\u00a0 22 84<\/p>\n<p style=\"text-align: center;\">Correo electr\u00f3nico:\u00a0\u00a0 capitaliafamiliar@capitaliafamiliar.es<\/p>\n","protected":false},"excerpt":{"rendered":"<p>Descripci&oacute;n Presentamos a continuaci&oacute;n los ETFs PROSHARES SHORT QQQ (ETF que se beneficia de la ca&iacute;da del tecnol&oacute;gico Nasdaq 100) e ISHARES NASDAQ 100 (ETF que nos permitir&aacute; participar de las subidas del &iacute;ndice tecnol&oacute;gico), que podr&iacute;an ser de inter&eacute;s para los pr&oacute;ximos meses. &nbsp; Acceda a los documentos a trav&eacute;s de los siguientes v&iacute;nculos: [&hellip;]<\/p>\n","protected":false},"author":2,"featured_media":0,"comment_status":"open","ping_status":"open","sticky":false,"template":"","format":"standard","meta":{"_et_pb_use_builder":"","_et_pb_old_content":"","_et_gb_content_width":"","jetpack_post_was_ever_published":false,"_jetpack_newsletter_access":"","_jetpack_dont_email_post_to_subs":false,"_jetpack_newsletter_tier_id":0,"_jetpack_memberships_contains_paywalled_content":false,"_jetpack_memberships_contains_paid_content":false,"footnotes":""},"categories":[4],"tags":[],"class_list":["post-9748","post","type-post","status-publish","format-standard","hentry","category-comentario-especial"],"jetpack_featured_media_url":"","jetpack_shortlink":"https:\/\/wp.me\/pa2IGq-2xe","jetpack-related-posts":[{"id":9894,"url":"https:\/\/capitaliafamiliar.es\/informes\/2023\/08\/11\/punto-de-mira-a-fondo-amundi-etf-short-euro-stoxx-50-e-ishares-core-euro-stoxx-50-etf\/","url_meta":{"origin":9748,"position":0},"title":"PUNTO DE MIRA A FONDO | AMUNDI ETF SHORT EURO STOXX 50 DAILY e ISHARES CORE EURO STOXX 50 ETF","author":"Capitalia Familiar","date":"11 de agosto de 2023","format":false,"excerpt":"Descripci\u00f3n Presentamos a continuaci\u00f3n los ETFs AMUNDI ETF SHORT EURO STOXX 50 DAILY (ETF que se beneficia de la ca\u00edda \u00edndice Euro Stoxx 50) e ISHARES CORE EURO STOXX 50 ETF (ETF que nos permitir\u00e1 participar de las subidas de este \u00edndice), que podr\u00edan ser de inter\u00e9s para los pr\u00f3ximos\u2026","rel":"","context":"En \u00abComentario Especial Privado\u00bb","block_context":{"text":"Comentario Especial Privado","link":"https:\/\/capitaliafamiliar.es\/informes\/category\/comentario-especial\/"},"img":{"alt_text":"","src":"","width":0,"height":0},"classes":[]},{"id":9704,"url":"https:\/\/capitaliafamiliar.es\/informes\/2023\/07\/07\/punto-de-mira-a-fondo-proshares-ultrashort-msci-japan-e-ishares-msci-japan\/","url_meta":{"origin":9748,"position":1},"title":"PUNTO DE MIRA A FONDO | PROSHARES ULTRASHORT MSCI JAPAN e ISHARES MSCI JAPAN","author":"Capitalia Familiar","date":"7 de julio de 2023","format":false,"excerpt":"Descripci\u00f3n Presentamos a continuaci\u00f3n los ETFs PROSHARES ULTRASHORT MSCI JAPAN (ETF que se beneficia de la ca\u00edda de la bolsa japonesa) e ISHARES MSCI JAPAN (ETF que nos permitir\u00e1 participar de las subidas del mercado nip\u00f3n), que podr\u00edan ser de inter\u00e9s para los pr\u00f3ximos meses. \u00a0 Acceda a los documentos\u2026","rel":"","context":"En \u00abComentario Especial Privado\u00bb","block_context":{"text":"Comentario Especial Privado","link":"https:\/\/capitaliafamiliar.es\/informes\/category\/comentario-especial\/"},"img":{"alt_text":"","src":"","width":0,"height":0},"classes":[]},{"id":9454,"url":"https:\/\/capitaliafamiliar.es\/informes\/2023\/05\/26\/punto-de-mira-a-fondo-fidelity-global-technology-fund\/","url_meta":{"origin":9748,"position":2},"title":"PUNTO DE MIRA A FONDO | FIDELITY GLOBAL TECHNOLOGY FUND","author":"Capitalia Familiar","date":"26 de mayo de 2023","format":false,"excerpt":"Descripci\u00f3n Presentamos a continuaci\u00f3n el fondo de renta variable FIDELITY GLOBAL TECHNOLOGY FUND, que invierte en compa\u00f1\u00edas del sector tecnol\u00f3gico a nivel global y podr\u00eda ser de inter\u00e9s para los pr\u00f3ximos meses. \u00a0 Acceda al documento a trav\u00e9s de este v\u00ednculo: PUNTO DE MIRA A FONDO - FIDELITY GLOBAL TECHNOLOGY\u2026","rel":"","context":"En \u00abComentario Especial Privado\u00bb","block_context":{"text":"Comentario Especial Privado","link":"https:\/\/capitaliafamiliar.es\/informes\/category\/comentario-especial\/"},"img":{"alt_text":"","src":"","width":0,"height":0},"classes":[]},{"id":10350,"url":"https:\/\/capitaliafamiliar.es\/informes\/2023\/11\/03\/punto-de-mira-a-fondo-schroder-isf-euro-corporate-bond\/","url_meta":{"origin":9748,"position":3},"title":"PUNTO DE MIRA A FONDO | SCHRODER ISF EURO CORPORATE BOND","author":"Capitalia Familiar","date":"3 de noviembre de 2023","format":false,"excerpt":"Descripci\u00f3n Presentamos a continuaci\u00f3n el fondo SCHRODER ISF EURO CORPORATE BOND, que podr\u00eda ser de inter\u00e9s para los pr\u00f3ximos meses. \u00a0 Acceda a los documentos a trav\u00e9s de los siguientes v\u00ednculos: PUNTO DE MIRA A FONDO - SCHRODER ISF EURO CORPORATE BOND \u00a0 Solicite informaci\u00f3n sobre nuestros servicios de asesoramiento\u2026","rel":"","context":"En \u00abComentario Especial Privado\u00bb","block_context":{"text":"Comentario Especial Privado","link":"https:\/\/capitaliafamiliar.es\/informes\/category\/comentario-especial\/"},"img":{"alt_text":"","src":"","width":0,"height":0},"classes":[]},{"id":10161,"url":"https:\/\/capitaliafamiliar.es\/informes\/2023\/09\/29\/punto-de-mira-a-fondo-candriam-absolute-return-equity-market-neutral\/","url_meta":{"origin":9748,"position":4},"title":"PUNTO DE MIRA A FONDO | CANDRIAM ABSOLUTE RETURN EQUITY MARKET NEUTRAL","author":"Capitalia Familiar","date":"29 de septiembre de 2023","format":false,"excerpt":"Descripci\u00f3n Presentamos a continuaci\u00f3n el fondo CANDRIAM ABSOLUTE RETURN EQUITY MARKET NEUTRAL, que podr\u00eda ser de inter\u00e9s para los pr\u00f3ximos meses. \u00a0 Acceda a los documentos a trav\u00e9s de los siguientes v\u00ednculos: PUNTO DE MIRA A FONDO - CANDRIAM AMBSOLUTE RETURN EQUITY MARKET NEUTRAL \u00a0 Solicite informaci\u00f3n sobre nuestros servicios\u2026","rel":"","context":"En \u00abComentario Especial Privado\u00bb","block_context":{"text":"Comentario Especial Privado","link":"https:\/\/capitaliafamiliar.es\/informes\/category\/comentario-especial\/"},"img":{"alt_text":"","src":"","width":0,"height":0},"classes":[]},{"id":8763,"url":"https:\/\/capitaliafamiliar.es\/informes\/2023\/02\/03\/punto-de-mira-a-fondo-jpmorgan-global-dividend-fund\/","url_meta":{"origin":9748,"position":5},"title":"PUNTO DE MIRA A FONDO | JPMORGAN GLOBAL DIVIDEND FUND","author":"Capitalia Familiar","date":"3 de febrero de 2023","format":false,"excerpt":"Descripci\u00f3n Presentamos a continuaci\u00f3n el fondo JPMORGAN GLOBAL DIVIDEND FUND, que invierte en renta variable global y que podr\u00eda ser de inter\u00e9s para los pr\u00f3ximos meses. \u00a0 Acceda al documento a trav\u00e9s de este v\u00ednculo: PUNTO DE MIRA A FONDO - JPMORGAN GLOBAL DIVIDEND FUND \u00a0 Solicite informaci\u00f3n sobre nuestros\u2026","rel":"","context":"En \u00abComentario Especial Privado\u00bb","block_context":{"text":"Comentario Especial Privado","link":"https:\/\/capitaliafamiliar.es\/informes\/category\/comentario-especial\/"},"img":{"alt_text":"","src":"","width":0,"height":0},"classes":[]}],"jetpack_sharing_enabled":true,"_links":{"self":[{"href":"https:\/\/capitaliafamiliar.es\/informes\/wp-json\/wp\/v2\/posts\/9748","targetHints":{"allow":["GET"]}}],"collection":[{"href":"https:\/\/capitaliafamiliar.es\/informes\/wp-json\/wp\/v2\/posts"}],"about":[{"href":"https:\/\/capitaliafamiliar.es\/informes\/wp-json\/wp\/v2\/types\/post"}],"author":[{"embeddable":true,"href":"https:\/\/capitaliafamiliar.es\/informes\/wp-json\/wp\/v2\/users\/2"}],"replies":[{"embeddable":true,"href":"https:\/\/capitaliafamiliar.es\/informes\/wp-json\/wp\/v2\/comments?post=9748"}],"version-history":[{"count":1,"href":"https:\/\/capitaliafamiliar.es\/informes\/wp-json\/wp\/v2\/posts\/9748\/revisions"}],"predecessor-version":[{"id":9751,"href":"https:\/\/capitaliafamiliar.es\/informes\/wp-json\/wp\/v2\/posts\/9748\/revisions\/9751"}],"wp:attachment":[{"href":"https:\/\/capitaliafamiliar.es\/informes\/wp-json\/wp\/v2\/media?parent=9748"}],"wp:term":[{"taxonomy":"category","embeddable":true,"href":"https:\/\/capitaliafamiliar.es\/informes\/wp-json\/wp\/v2\/categories?post=9748"},{"taxonomy":"post_tag","embeddable":true,"href":"https:\/\/capitaliafamiliar.es\/informes\/wp-json\/wp\/v2\/tags?post=9748"}],"curies":[{"name":"wp","href":"https:\/\/api.w.org\/{rel}","templated":true}]}}