{"id":9894,"date":"2023-08-11T10:51:44","date_gmt":"2023-08-11T10:51:44","guid":{"rendered":"https:\/\/capitaliafamiliar.es\/informes\/?p=9894"},"modified":"2023-09-29T13:26:59","modified_gmt":"2023-09-29T13:26:59","slug":"punto-de-mira-a-fondo-amundi-etf-short-euro-stoxx-50-e-ishares-core-euro-stoxx-50-etf","status":"publish","type":"post","link":"https:\/\/capitaliafamiliar.es\/informes\/2023\/08\/11\/punto-de-mira-a-fondo-amundi-etf-short-euro-stoxx-50-e-ishares-core-euro-stoxx-50-etf\/","title":{"rendered":"PUNTO DE MIRA A FONDO | AMUNDI ETF SHORT EURO STOXX 50 DAILY e ISHARES CORE EURO STOXX 50 ETF"},"content":{"rendered":"<p><span style=\"font-size: 24px; color: #800080;\"><b>Descripci\u00f3n<\/b><\/span><\/p>\n<p style=\"text-align: justify;\"><span style=\"font-size: 16px;\">Presentamos a continuaci\u00f3n los ETFs AMUNDI ETF SHORT EURO STOXX 50 DAILY (ETF que se beneficia de la ca\u00edda \u00edndice Euro Stoxx 50) e ISHARES CORE EURO STOXX 50 ETF (ETF que nos permitir\u00e1 participar de las subidas de este \u00edndice), que podr\u00edan ser de inter\u00e9s para los pr\u00f3ximos meses.<\/span><\/p>\n<p>&nbsp;<\/p>\n<p><strong><span style=\"font-size: 24px;\">Acceda a los documentos a trav\u00e9s de los siguientes v\u00ednculos: <a href=\"https:\/\/capitaliafamiliar.es\/informes\/wp-content\/uploads\/2023\/08\/PUNTO-DE-MIRA-A-FONDO-AMUNDI-ETF-SHORT-EURO-STOXX-50-DAILY-1.pdf\">PUNTO DE MIRA A FONDO &#8211; AMUNDI ETF SHORT EURO STOXX 50 DAILY<\/a> y <a href=\"https:\/\/capitaliafamiliar.es\/informes\/wp-content\/uploads\/2023\/08\/PUNTO-DE-MIRA-A-FONDO-ISHARES-CORE-EURO-STOXX-50-ETF-1.pdf\">PUNTO DE MIRA A FONDO &#8211; ISHARES CORE EURO STOXX 50 ETF<\/a><\/span><\/strong><\/p>\n<p>&nbsp;<\/p>\n<p style=\"text-align: center;\"><strong>Solicite informaci\u00f3n sobre nuestros servicios de asesoramiento financiero<\/strong><\/p>\n<p style=\"text-align: center;\">Si necesita ayuda para el cuidado de su patrimonio, no dude en ponerse en contacto con nosotros, sin compromiso.<\/p>\n<p style=\"text-align: center;\">Tel\u00e9fono:\u00a0\u00a0 91 770\u00a0 22 84<\/p>\n<p style=\"text-align: center;\">Correo electr\u00f3nico:\u00a0\u00a0 capitaliafamiliar@capitaliafamiliar.es<\/p>\n","protected":false},"excerpt":{"rendered":"<p>Descripci&oacute;n Presentamos a continuaci&oacute;n los ETFs AMUNDI ETF SHORT EURO STOXX 50 DAILY (ETF que se beneficia de la ca&iacute;da &iacute;ndice Euro Stoxx 50) e ISHARES CORE EURO STOXX 50 ETF (ETF que nos permitir&aacute; participar de las subidas de este &iacute;ndice), que podr&iacute;an ser de inter&eacute;s para los pr&oacute;ximos meses. &nbsp; Acceda a los [&hellip;]<\/p>\n","protected":false},"author":2,"featured_media":0,"comment_status":"open","ping_status":"open","sticky":false,"template":"","format":"standard","meta":{"_et_pb_use_builder":"","_et_pb_old_content":"","_et_gb_content_width":"","jetpack_post_was_ever_published":false,"_jetpack_newsletter_access":"","_jetpack_dont_email_post_to_subs":false,"_jetpack_newsletter_tier_id":0,"_jetpack_memberships_contains_paywalled_content":false,"_jetpack_memberships_contains_paid_content":false,"footnotes":""},"categories":[4],"tags":[],"class_list":["post-9894","post","type-post","status-publish","format-standard","hentry","category-comentario-especial"],"jetpack_featured_media_url":"","jetpack_shortlink":"https:\/\/wp.me\/pa2IGq-2zA","jetpack-related-posts":[{"id":9748,"url":"https:\/\/capitaliafamiliar.es\/informes\/2023\/07\/14\/punto-de-mira-a-fondo-proshares-short-qqq-e-ishares-nasdaq-100\/","url_meta":{"origin":9894,"position":0},"title":"PUNTO DE MIRA A FONDO | PROSHARES SHORT QQQ e ISHARES NASDAQ 100","author":"Capitalia Familiar","date":"14 de julio de 2023","format":false,"excerpt":"Descripci\u00f3n Presentamos a continuaci\u00f3n los ETFs PROSHARES SHORT QQQ (ETF que se beneficia de la ca\u00edda del tecnol\u00f3gico Nasdaq 100) e ISHARES NASDAQ 100 (ETF que nos permitir\u00e1 participar de las subidas del \u00edndice tecnol\u00f3gico), que podr\u00edan ser de inter\u00e9s para los pr\u00f3ximos meses. \u00a0 Acceda a los documentos a\u2026","rel":"","context":"En \u00abComentario Especial Privado\u00bb","block_context":{"text":"Comentario Especial Privado","link":"https:\/\/capitaliafamiliar.es\/informes\/category\/comentario-especial\/"},"img":{"alt_text":"","src":"","width":0,"height":0},"classes":[]},{"id":9704,"url":"https:\/\/capitaliafamiliar.es\/informes\/2023\/07\/07\/punto-de-mira-a-fondo-proshares-ultrashort-msci-japan-e-ishares-msci-japan\/","url_meta":{"origin":9894,"position":1},"title":"PUNTO DE MIRA A FONDO | PROSHARES ULTRASHORT MSCI JAPAN e ISHARES MSCI JAPAN","author":"Capitalia Familiar","date":"7 de julio de 2023","format":false,"excerpt":"Descripci\u00f3n Presentamos a continuaci\u00f3n los ETFs PROSHARES ULTRASHORT MSCI JAPAN (ETF que se beneficia de la ca\u00edda de la bolsa japonesa) e ISHARES MSCI JAPAN (ETF que nos permitir\u00e1 participar de las subidas del mercado nip\u00f3n), que podr\u00edan ser de inter\u00e9s para los pr\u00f3ximos meses. \u00a0 Acceda a los documentos\u2026","rel":"","context":"En \u00abComentario Especial Privado\u00bb","block_context":{"text":"Comentario Especial Privado","link":"https:\/\/capitaliafamiliar.es\/informes\/category\/comentario-especial\/"},"img":{"alt_text":"","src":"","width":0,"height":0},"classes":[]},{"id":5985,"url":"https:\/\/capitaliafamiliar.es\/informes\/2021\/04\/19\/informe-diario-lunes-19-de-abril-de-2021\/","url_meta":{"origin":9894,"position":2},"title":"Informe Diario  Lunes, 19 de abril de 2021","author":"Capitalia Familiar","date":"19 de abril de 2021","format":false,"excerpt":"Pull back de los mercados desde los m\u00e1ximos alcanzados la pasada semana... Pull back de los mercados desde los m\u00e1ximos alcanzados la pasada semana. La pasada semana, los selectivos europeos STOXX EUROPE 600 y Euro Stoxx 50 confirmaron la superaci\u00f3n de sus respectivas resistencias, sum\u00e1ndose al S&P500 estadounidense (que lo\u2026","rel":"","context":"En \u00abInforme Diario\u00bb","block_context":{"text":"Informe Diario","link":"https:\/\/capitaliafamiliar.es\/informes\/category\/informediario\/"},"img":{"alt_text":"","src":"https:\/\/i0.wp.com\/capitaliafamiliar.es\/informes\/wp-content\/uploads\/2019\/08\/informediario2.png?resize=350%2C200&ssl=1","width":350,"height":200,"srcset":"https:\/\/i0.wp.com\/capitaliafamiliar.es\/informes\/wp-content\/uploads\/2019\/08\/informediario2.png?resize=350%2C200&ssl=1 1x, https:\/\/i0.wp.com\/capitaliafamiliar.es\/informes\/wp-content\/uploads\/2019\/08\/informediario2.png?resize=525%2C300&ssl=1 1.5x, https:\/\/i0.wp.com\/capitaliafamiliar.es\/informes\/wp-content\/uploads\/2019\/08\/informediario2.png?resize=700%2C400&ssl=1 2x"},"classes":[]},{"id":7057,"url":"https:\/\/capitaliafamiliar.es\/informes\/2021\/10\/19\/la-campana-de-resultados-empresariales-anima-a-wall-street-en-el-dia-que-empieza-a-cotizar-el-primer-etf-sobre-bitcoin\/","url_meta":{"origin":9894,"position":3},"title":"La campa\u00f1a de resultados empresariales anima a Wall Street en el d\u00eda que empieza a cotizar el primer ETF sobre Bitcoin","author":"Capitalia Familiar","date":"19 de octubre de 2021","format":false,"excerpt":"Informe diario del martes, 19 de octubre de 2021 \u00a0 Los resultados empresariales impulsan a los mercados de renta variable. La campa\u00f1a de resultados gana tracci\u00f3n en Estados Unidos y confirma la mejora sostenida de los beneficios empresariales al otro lado del Atl\u00e1ntico. Con los \u00faltimos resultados conocidos hoy (de\u2026","rel":"","context":"En \u00abInforme Diario\u00bb","block_context":{"text":"Informe Diario","link":"https:\/\/capitaliafamiliar.es\/informes\/category\/informediario\/"},"img":{"alt_text":"","src":"https:\/\/i0.wp.com\/capitaliafamiliar.es\/informes\/wp-content\/uploads\/2019\/08\/informediario2.png?resize=350%2C200&ssl=1","width":350,"height":200,"srcset":"https:\/\/i0.wp.com\/capitaliafamiliar.es\/informes\/wp-content\/uploads\/2019\/08\/informediario2.png?resize=350%2C200&ssl=1 1x, https:\/\/i0.wp.com\/capitaliafamiliar.es\/informes\/wp-content\/uploads\/2019\/08\/informediario2.png?resize=525%2C300&ssl=1 1.5x, https:\/\/i0.wp.com\/capitaliafamiliar.es\/informes\/wp-content\/uploads\/2019\/08\/informediario2.png?resize=700%2C400&ssl=1 2x"},"classes":[]},{"id":5944,"url":"https:\/\/capitaliafamiliar.es\/informes\/2021\/04\/12\/analisis-del-fin-de-semana-10-y-11-de-abril-de-2021\/","url_meta":{"origin":9894,"position":4},"title":"An\u00e1lisis del fin de semana  10 y 11 de abril de 2021","author":"Capitalia Familiar","date":"12 de abril de 2021","format":false,"excerpt":"Atentos a la campa\u00f1a de publicaci\u00f3n de resultados empresariales del primer trimestre... Conclusiones del an\u00e1lisis del fin de semana: Los \u00edndices burs\u00e1tiles principales siguen evolucionando al alza, aunque con un perfil todav\u00eda marcadamente rotativo a nivel sectorial. Tregua en los mercados de renta fija, pero si todo va bien ser\u00e1\u2026","rel":"","context":"En \u00abInforme Diario\u00bb","block_context":{"text":"Informe Diario","link":"https:\/\/capitaliafamiliar.es\/informes\/category\/informediario\/"},"img":{"alt_text":"","src":"https:\/\/i0.wp.com\/capitaliafamiliar.es\/informes\/wp-content\/uploads\/2021\/02\/comentarioespecial.png?resize=350%2C200&ssl=1","width":350,"height":200,"srcset":"https:\/\/i0.wp.com\/capitaliafamiliar.es\/informes\/wp-content\/uploads\/2021\/02\/comentarioespecial.png?resize=350%2C200&ssl=1 1x, https:\/\/i0.wp.com\/capitaliafamiliar.es\/informes\/wp-content\/uploads\/2021\/02\/comentarioespecial.png?resize=525%2C300&ssl=1 1.5x, https:\/\/i0.wp.com\/capitaliafamiliar.es\/informes\/wp-content\/uploads\/2021\/02\/comentarioespecial.png?resize=700%2C400&ssl=1 2x"},"classes":[]},{"id":1600,"url":"https:\/\/capitaliafamiliar.es\/informes\/2019\/02\/18\/informe-diario-lunes-18-de-febrero-de-2019\/","url_meta":{"origin":9894,"position":5},"title":"Informe Diario  Lunes, 18 de febrero de 2019","author":"Capitalia Familiar","date":"18 de febrero de 2019","format":false,"excerpt":"Sesi\u00f3n anodina e intrascendente en el mercado europeo ante el cierre por festivo del mercado estadounidense. Tanto la bolsa europea (Euro Stoxx 50) como la norteamericana (S&P500) se encuentran en torno a un 2% de reconquistar niveles de referencia de medio plazo que fueron perforados a la baja con la\u2026","rel":"","context":"En \u00abInforme Diario\u00bb","block_context":{"text":"Informe Diario","link":"https:\/\/capitaliafamiliar.es\/informes\/category\/informediario\/"},"img":{"alt_text":"","src":"https:\/\/i0.wp.com\/capitaliafamiliar.es\/informes\/wp-content\/uploads\/2018\/07\/informediario2.png?resize=350%2C200&ssl=1","width":350,"height":200,"srcset":"https:\/\/i0.wp.com\/capitaliafamiliar.es\/informes\/wp-content\/uploads\/2018\/07\/informediario2.png?resize=350%2C200&ssl=1 1x, https:\/\/i0.wp.com\/capitaliafamiliar.es\/informes\/wp-content\/uploads\/2018\/07\/informediario2.png?resize=525%2C300&ssl=1 1.5x, https:\/\/i0.wp.com\/capitaliafamiliar.es\/informes\/wp-content\/uploads\/2018\/07\/informediario2.png?resize=700%2C400&ssl=1 2x"},"classes":[]}],"jetpack_sharing_enabled":true,"_links":{"self":[{"href":"https:\/\/capitaliafamiliar.es\/informes\/wp-json\/wp\/v2\/posts\/9894","targetHints":{"allow":["GET"]}}],"collection":[{"href":"https:\/\/capitaliafamiliar.es\/informes\/wp-json\/wp\/v2\/posts"}],"about":[{"href":"https:\/\/capitaliafamiliar.es\/informes\/wp-json\/wp\/v2\/types\/post"}],"author":[{"embeddable":true,"href":"https:\/\/capitaliafamiliar.es\/informes\/wp-json\/wp\/v2\/users\/2"}],"replies":[{"embeddable":true,"href":"https:\/\/capitaliafamiliar.es\/informes\/wp-json\/wp\/v2\/comments?post=9894"}],"version-history":[{"count":4,"href":"https:\/\/capitaliafamiliar.es\/informes\/wp-json\/wp\/v2\/posts\/9894\/revisions"}],"predecessor-version":[{"id":10164,"href":"https:\/\/capitaliafamiliar.es\/informes\/wp-json\/wp\/v2\/posts\/9894\/revisions\/10164"}],"wp:attachment":[{"href":"https:\/\/capitaliafamiliar.es\/informes\/wp-json\/wp\/v2\/media?parent=9894"}],"wp:term":[{"taxonomy":"category","embeddable":true,"href":"https:\/\/capitaliafamiliar.es\/informes\/wp-json\/wp\/v2\/categories?post=9894"},{"taxonomy":"post_tag","embeddable":true,"href":"https:\/\/capitaliafamiliar.es\/informes\/wp-json\/wp\/v2\/tags?post=9894"}],"curies":[{"name":"wp","href":"https:\/\/api.w.org\/{rel}","templated":true}]}}